{"id":305218,"date":"2026-07-14T14:19:17","date_gmt":"2026-07-14T14:19:17","guid":{"rendered":"https:\/\/www.europesays.com\/se\/305218\/"},"modified":"2026-07-14T14:19:17","modified_gmt":"2026-07-14T14:19:17","slug":"olesia-krivtsova-doms-till-sex-ars-fangelse-i-ryssland","status":"publish","type":"post","link":"https:\/\/www.europesays.com\/se\/305218\/","title":{"rendered":"Olesia Krivtsova d\u00f6ms till sex \u00e5rs f\u00e4ngelse i Ryssland"},"content":{"rendered":"<p>Publicerad 14 jul 2026 kl 13.44<\/p>\n<p>Olesia Krivtsova har blivit ett r\u00f6tt skynke f\u00f6r Putins Ryssland.<\/p>\n<p>23 \u00e5r gammal och jagad av ryska myndigheter.<\/p>\n<p>Nu har hon d\u00f6mts i sin fr\u00e5nvaro till sex \u00e5rs f\u00e4ngelse f\u00f6r tv\u00e5 inl\u00e4gg p\u00e5 sociala medier \u2013 men fr\u00e5n exilen i norska Kirkenes s\u00e4ger hon att varken domen eller hoten skr\u00e4mmer henne.<\/p>\n<p><img   alt=\"\"\/><\/p>\n<p>Olesia Krivtsova tvingades fly fr\u00e5n Ryssland p\u00e5 grund av tv\u00e5 inl\u00e4gg i sociala medier om kriget i Ukraina.<\/p>\n<p>Foto: ANNA-KARIN NILSSON<\/p>\n<p>\u00d6ppna bild i helsk\u00e4rm<\/p>\n<p>N\u00e4r Expressen tr\u00e4ffade Olesia Krivtsova i h\u00f6stas i gr\u00e4nsstaden Kirkenes, en mil fr\u00e5n <a href=\"https:\/\/www.expressen.se\/tagg\/location\/ryssland\/\" class=\"\" rel=\"nofollow noopener\" target=\"_blank\">Ryssland<\/a>, var hon efterlyst av ryska myndigheter sedan hon gripits f\u00f6r n\u00e5gra inl\u00e4gg p\u00e5 sociala medier om kriget i Ukraina, men lyckats fly hemlandet.<\/p>\n<p>N\u00e5gra av kurskamraterna p\u00e5 universitetet i Arkhangelsk hade f\u00f6rr\u00e5tt henne och larmat polisen om inl\u00e4ggen. D\u00e5 var hon 19 \u00e5r gammal, i dag 23 \u00e5r och verksam som journalist p\u00e5 n\u00e4ttidningen <a href=\"https:\/\/www.thebarentsobserver.com\/\" rel=\"nofollow noopener\" target=\"_blank\">The Barents Observer<\/a> med redaktion i Kirkenes.<\/p>\n<p>Tidningen ges ut p\u00e5 engelska och ryska, med speciellt fokus p\u00e5 Murmanskregionen och Kolahalv\u00f6n.<\/p>\n<p>Artikeln i korthet<\/p>\n<p>St\u00e4mplad som terrorist och jagad av rysk polis \u2013 Olesia Krivtsova, 23, blev en symbol f\u00f6r Putins jakt p\u00e5 kritiker efter n\u00e5gra inl\u00e4gg om kriget i Ukraina.<\/p>\n<p>Olesia Krivtsova har nu d\u00f6mts i sin fr\u00e5nvaro till sex \u00e5rs f\u00e4ngelse i Ryssland.<\/p>\n<p>Hon lever i exil i norska Kirkenes, d\u00e4r hon jobbar p\u00e5 en redaktion som av Moskva ses som ett hot mot staten.<\/p>\n<p>Visa mer<\/p>\n<p>Milit\u00e4rdomstolen i Severomorsk har d\u00f6mt henne i sin fr\u00e5nvaro f\u00f6r att ha misskreditera arm\u00e9n och r\u00e4ttf\u00e4rdiga terrorism.\u00a0<\/p>\n<p>Det har g\u00e5tt n\u00e5gra dagar sedan domen som b\u00f6rjat sjunka in hon henne.<\/p>\n<p>Straffet \u00e4r \u201dgalet\u201d<\/p>\n<p>Olesia Krivtsova s\u00e4ger att hon var mentalt f\u00f6rberedd p\u00e5 f\u00e4ngelsedomen p\u00e5 sex \u00e5r och k\u00e4nner sig d\u00e4rf\u00f6r relativt lugn. Hon tycker det \u00e4r en l\u00e4ttnad att den r\u00e4ttsliga processen \u00e4r \u00f6ver, \u00e4ven om hon anser att straffet \u00e4r \u201dgalet\u201d f\u00f6r tv\u00e5 inl\u00e4gg p\u00e5 sociala medier.<\/p>\n<p>Olesia Krivtsova bor i norska Kirkenes, en mil fr\u00e5n sitt gamla hemland Ryssland d\u00e4r hon omedelbart skulle bli gripen om hon gick \u00f6ver gr\u00e4nslinjen.<\/p>\n<p>Trots att hon bor i gr\u00e4nsstaden Kirkenes k\u00e4nner hon sig inte r\u00e4dd.\u00a0<\/p>\n<p>\u2013 F\u00f6r de ryska s\u00e4kerhetstj\u00e4nsterna spelar det ingen roll var man bor. Om de vill d\u00f6da eller skada dig har det ingen betydelse om du \u00e4r i Kirkenes, Australien eller USA. S\u00e5 jag k\u00e4nner mig ganska s\u00e4ker.\u00a0<\/p>\n<p><img loading=\"lazy\"   alt=\"\"\/><\/p>\n<p>\u201dJag \u00e5ngrar ingenting och skulle kunna g\u00f6ra om det igen\u201d, Olesia Krivtsova.<\/p>\n<p>Foto: ANNA-KARIN NILSSON<\/p>\n<p>\u00d6ppna bild i helsk\u00e4rm<\/p>\n<p>Det ryska generalkonsulatet ligger bara n\u00e5gra hundra meter fr\u00e5n Barents Observers redaktion.\u00a0<\/p>\n<p>\u2013 Det finns flera anst\u00e4llda d\u00e4r, och en av dem kommer faktiskt fr\u00e5n gr\u00e4nsbevakningens FSB. Han har jobbat f\u00f6r FSB i m\u00e5nga \u00e5r.\u00a0<\/p>\n<p>Hon s\u00e4ger att redaktionen ser dem, men att hon inte \u00e4r r\u00e4dd.\u00a0<\/p>\n<p>\u2013 F\u00f6r mig \u00e4r det faktiskt mer intressant \u00e4n skr\u00e4mmande.<\/p>\n<p>P\u00e5 redaktionen kom domen inte som en \u00f6verraskning.\u00a0<\/p>\n<p>\u2013 Alla visste att det h\u00e4r skulle h\u00e4nda. Vi \u00e4r ocks\u00e5 s\u00e4kra p\u00e5 att det h\u00e4r inte \u00e4r det sista brottm\u00e5let mot v\u00e5r redaktion. Alla p\u00e5 den ryska delen av redaktionen har p\u00e5 s\u00e4tt och vis redan utsatts f\u00f6r den ryska regimens f\u00f6rtryck.<\/p>\n<p><img loading=\"lazy\"   alt=\"\"\/><\/p>\n<p>Rysslands generalkonsulat, med tre uts\u00e4nda diplomater och n\u00e5gra l\u00e4gre tj\u00e4nstem\u00e4n, ligger i centrala Kirkenes.<\/p>\n<p>Foto: ANNA-KARIN NILSSON<\/p>\n<p>\u00d6ppna bild i helsk\u00e4rm<\/p>\n<p>Hon \u00e4r inte ensam p\u00e5 redaktionen om att leva i exil och p\u00e5 ett eller annat s\u00e4tt ha drabbats av den ryska vreden som resulterat i f\u00e4ngelsedomar.<\/p>\n<p>\u2013 Just nu sitter jag p\u00e5 kontoret med min kollega Farida, som blev d\u00f6md till \u00e5tta \u00e5rs f\u00e4ngelse.<\/p>\n<p><img loading=\"lazy\"   alt=\"\"\/><\/p>\n<p>\u201dDet \u00e4r galet att jag ska f\u00e5 f\u00e4ngelse f\u00f6r tv\u00e5 inl\u00e4gg i sociala medier\u201d, s\u00e4ger Olesia Krivtsova.<\/p>\n<p>Foto: ANNA-KARIN NILSSON<\/p>\n<p>\u00d6ppna bild i helsk\u00e4rm<\/p>\n<p>Redaktionen p\u00e5 Barents Observer k\u00e4nner av Ryssland trots att tidningen ligger i Norge.<\/p>\n<p>Ryska myndigheter betraktar tidningen som ett s\u00e4kerhetshot och webbplatsen \u00e4r blockerad i landet.<\/p>\n<p>Annons<\/p>\n<p>Den h\u00e4r typen av f\u00e4ngelsedomar \u00e4r ocks\u00e5 vardag f\u00f6r politiskt olikt\u00e4nkande och journalister som v\u00e5gar protestera eller demonstrera mot Vladimir Putins allt h\u00e5rdare styre.<\/p>\n<p>Hon ber\u00e4ttar att ryskt f\u00f6rtryck p\u00e5 distans, nya b\u00f6ter och r\u00e4ttsfall har blivit en del av vardagen f\u00f6r redaktionen, och hon f\u00f6rv\u00e4ntar sig att fler liknande fall kommer dyka upp.<\/p>\n<p>\u201dDe f\u00f6rs\u00f6ker skr\u00e4mmas\u201d<\/p>\n<p>Den ryska reaktionen p\u00e5 milit\u00e4rdomstolens beslut har inte l\u00e5tit v\u00e4nta sig. Olesia Krivtsova s\u00e4ger att det f\u00f6rekommit inl\u00e4gg i propagandamedier med hot om att hon ska hittas.\u00a0<\/p>\n<p>\u2013 De f\u00f6rs\u00f6ker skr\u00e4mmas, men jag bryr mig \u00e4rligt talat inte.\u00a0<\/p>\n<p>Ang\u00e5ende de universitetskamrater som anm\u00e4lde henne s\u00e4ger hon att hon inte l\u00e4ngre \u00e4gnar dem n\u00e5gon tanke, d\u00e5 hon inte har \u201dorken\u201d att \u00e4lta det som h\u00e4nt.\u00a0<\/p>\n<p>Hon ber\u00e4ttar att hennes familj \u2013 mamma, make, och 11-\u00e5riga syster \u2013 bor med henne i Kirkenes. Samtidigt forts\u00e4tter hon sina universitetsstudier p\u00e5 distans i Vilnius, d\u00e4r hon har tv\u00e5 \u00e5r kvar.<\/p>\n<p><strong>L\u00c4S MER: <\/strong><a href=\"https:\/\/www.expressen.se\/nyheter\/varlden\/hon-ar-putins-fiende-stamplas-som-terrorist\/\" class=\"premium-link\" rel=\"nofollow noopener\" target=\"_blank\">Premium Hon \u00e4r Putins fiende \u2013 st\u00e4mplas som terrorist<\/a><strong>L\u00c4S MER: <\/strong><a href=\"https:\/\/www.expressen.se\/nyheter\/varlden\/spionjakten-vid-ryska-gransen-expressen-pa-plats-i-heta-kirkenes\/\" class=\"premium-link\" rel=\"nofollow noopener\" target=\"_blank\">Premium Spionjakten vid ryska gr\u00e4nsen \u2013 Expressen p\u00e5 plats i heta Kirkenes<\/a><\/p>\n","protected":false},"excerpt":{"rendered":"Publicerad 14 jul 2026 kl 13.44 Olesia Krivtsova har blivit ett r\u00f6tt skynke f\u00f6r Putins Ryssland. 23 \u00e5r&hellip;\n","protected":false},"author":2,"featured_media":305219,"comment_status":"","ping_status":"","sticky":false,"template":"","format":"standard","meta":{"footnotes":"","_share_on_mastodon":"0"},"categories":[5],"tags":[50,22,23,26,27,17,21,24,25,29723,5948,274,28,29,15,16,14062,203,18,34,55,31,33,32,30,19,205,60,49,136,966,582,20],"class_list":["post-305218","post","type-post","status-publish","format-standard","has-post-thumbnail","category-rubriker","tag-arme-forsvar","tag-breaking-news","tag-breakingnews","tag-featured-news","tag-featurednews","tag-headlines","tag-huvudnyheter","tag-latest-news","tag-latestnews","tag-location-kirkenes","tag-location-kolahalvon","tag-location-ryssland","tag-main-news","tag-mainnews","tag-news","tag-nyheter","tag-organization-fsb","tag-person-vladimir-putin","tag-rubriker","tag-se","tag-sections-varlden","tag-svenska","tag-sverige","tag-sweden","tag-swedish","tag-top-stories","tag-topic-journalistik-medier","tag-topic-krig-konflikt","tag-topic-militar","tag-topic-rattegangar-domar","tag-topic-sociala-medier","tag-topic-trakasserier","tag-topstories"],"share_on_mastodon":{"url":"","error":"Validation failed: Text character limit of 500 exceeded"},"_links":{"self":[{"href":"https:\/\/www.europesays.com\/se\/wp-json\/wp\/v2\/posts\/305218","targetHints":{"allow":["GET"]}}],"collection":[{"href":"https:\/\/www.europesays.com\/se\/wp-json\/wp\/v2\/posts"}],"about":[{"href":"https:\/\/www.europesays.com\/se\/wp-json\/wp\/v2\/types\/post"}],"author":[{"embeddable":true,"href":"https:\/\/www.europesays.com\/se\/wp-json\/wp\/v2\/users\/2"}],"replies":[{"embeddable":true,"href":"https:\/\/www.europesays.com\/se\/wp-json\/wp\/v2\/comments?post=305218"}],"version-history":[{"count":0,"href":"https:\/\/www.europesays.com\/se\/wp-json\/wp\/v2\/posts\/305218\/revisions"}],"wp:featuredmedia":[{"embeddable":true,"href":"https:\/\/www.europesays.com\/se\/wp-json\/wp\/v2\/media\/305219"}],"wp:attachment":[{"href":"https:\/\/www.europesays.com\/se\/wp-json\/wp\/v2\/media?parent=305218"}],"wp:term":[{"taxonomy":"category","embeddable":true,"href":"https:\/\/www.europesays.com\/se\/wp-json\/wp\/v2\/categories?post=305218"},{"taxonomy":"post_tag","embeddable":true,"href":"https:\/\/www.europesays.com\/se\/wp-json\/wp\/v2\/tags?post=305218"}],"curies":[{"name":"wp","href":"https:\/\/api.w.org\/{rel}","templated":true}]}}