{"id":305293,"date":"2026-07-14T15:23:16","date_gmt":"2026-07-14T15:23:16","guid":{"rendered":"https:\/\/www.europesays.com\/se\/305293\/"},"modified":"2026-07-14T15:23:16","modified_gmt":"2026-07-14T15:23:16","slug":"wagner-driver-knarkimperie-i-centrala-afrika","status":"publish","type":"post","link":"https:\/\/www.europesays.com\/se\/305293\/","title":{"rendered":"Wagner driver knarkimperie i centrala Afrika"},"content":{"rendered":"<p>Uppdaterad 14 jul 2026 kl 17.11Publicerad 14 jul 2026 kl 15.48<\/p>\n<p>Wagnergruppen styr den Centralafrikanska republiken med j\u00e4rnhand.<\/p>\n<p>Ett knarkimperium har blivit gruppens kassako, d\u00e4r h\u00f6gdoserad tramadol f\u00f6rses till soldater, gruvarbetare \u2013 och \u00e4ven presidentens elitstyrka.<\/p>\n<p>Det rapporterar The Wall Street Journal.<\/p>\n<p><img   alt=\"\"\/><\/p>\n<p>Rester av ryska Wagner-styrkan pekas ut som spelledare i f\u00f6rs\u00e4ljning av opioider i Kongo.<\/p>\n<p>Foto: SPUTNIK\/ABACA \/ STELLA PICTURES\/ABACA<\/p>\n<p>\u00d6ppna bild i helsk\u00e4rm<img loading=\"lazy\"   alt=\"\"\/><\/p>\n<p>Droghandeln ska utg\u00e5 fr\u00e5n Kongo-Kinshasa.<\/p>\n<p>Foto: C3873 Udo Lachnit \/ TT NYHETSBYR\u00c5N<\/p>\n<p>\u00d6ppna bild i helsk\u00e4rm<\/p>\n<p>Tramadol \u00e4r ett sm\u00e4rtstillande opioidl\u00e4kemedel, och i h\u00f6ga doser \u00e4r det starkt beroendeframkallande. I Centralafrikanska republiken s\u00e4ljs nu drogen i form av h\u00f6gdoserade tabletter, l\u00e5ngt \u00f6ver rekommenderad niv\u00e5.<\/p>\n<p>Rester av den ryska Wagnergruppen pekas ut som spelledare, rapporterar <a href=\"https:\/\/www.wsj.com\/world\/africa\/russia-wagner-africa-opioid-trade-d015c4bc?mod=Searchresults&amp;pos=1&amp;page=1\" rel=\"nofollow noopener\" target=\"_blank\">The Wall Street Journal.<\/a><\/p>\n<p>Flera hundra medlemmar uppges styra knarkhandeln med ett j\u00e4rngrepp, l\u00e5ngt bortom r\u00e4ckh\u00e5ll f\u00f6r polis och Moskva sj\u00e4lvt. Smuggeln\u00e4stet utg\u00e5r fr\u00e5n Oubanguifloden i Kongo-Kinshasa, enligt tidningen.\u00a0<\/p>\n<p>Blir modigare i strid<\/p>\n<p>Gruvarbetare i Wagners guldgruvor tar drogen f\u00f6r att orka l\u00e5nga pass. Demonstranter i regionen anv\u00e4nder det f\u00f6r att d\u00e4mpa hunger och tr\u00f6tthet \u2013 och Wagners egna soldater f\u00e5r h\u00f6ga doser f\u00f6r att bli modigare och mer aggressiva i strid.<\/p>\n<p>\u2013 I stridssituationer anv\u00e4nds tramadol i enorma doser, s\u00e4ger Nathalia Dukhan, forskare vid tankesmedjan Global Initiative Against Transnational Organized Crime i Gen\u00e8ve.\u00a0<\/p>\n<p>\u2013 R\u00e4dslan f\u00f6rsvinner och upphetsningen stiger n\u00e4r de stridande hamnar i en farmakologisk trans.<\/p>\n<p>Legosoldaternas inflytande \u00e4r nu s\u00e5 pass starkt, att de f\u00f6rser tramadol till presidentens elitstyrka. Enligt uppgifter till The Wall Street Journal ges drogen \u00e4ven till ungdomsmilisen \u201dHajarna\u201d, som med bev\u00e4pnade patruller trakasserar och misshandlar regimmotst\u00e5ndare i staden Bangui.<\/p>\n<p>Sista bastionen\u00a0<\/p>\n<p>En stor del av <a href=\"https:\/\/www.expressen.se\/tagg\/organization\/wagnergruppen\/\" class=\"\" rel=\"nofollow noopener\" target=\"_blank\">Wagnergruppens<\/a> verksamhet s\u00f6gs in av den ryska staten efter att grundaren Jevgenij Prigozjins dog i en flygolycka 2023.<\/p>\n<p>Men 500 veteraner finns kvar i Centralafrikanska republiken, d\u00e4r knarksmugglingen gett dem en ny skjuts. Genom Oubanguifloden f\u00f6rs l\u00e4kemedlet in i Kongo-Kinshasa och s\u00e4ljs vidare i Centralafrikanska republiken och till grannl\u00e4nder, vilket genererar stora vinster.<\/p>\n<p>Samtidigt forts\u00e4tter gruppen att tj\u00e4na enorma summor p\u00e5 illegal guldexport. Tankesmedjan Global Initiative Against Transnational Organized Crime uppskattar att guldaff\u00e4rerna oms\u00e4tter omkring 180 miljoner dollar om \u00e5ret.\u00a0<\/p>\n<p>Opioidhandeln har nu blivit ett nytt s\u00e4tt att fylla krigskassan. Nu finns det en r\u00e4dsla f\u00f6r att gruppen ska st\u00e4rka v\u00e5ldet i regionen, och ut\u00f6ka sin kapacitet \u00f6ver gr\u00e4nsen till Sudan.<\/p>\n<p>\u2013 Centralafrikanska republiken \u00e4r Wagners sista \u00e5terst\u00e5ende knutpunkt i Afrika. Men de g\u00e5r in i Darfur i samarbete med rebellgruppen Rapid Support Forces, s\u00e4ger Nathalia Dukhan till The Wall Street Journal.<\/p>\n<p><strong>L\u00c4S MER: <\/strong><a href=\"https:\/\/www.expressen.se\/kronikorer\/mats-larsson\/putins-soldater-ar--pa-retratt-i-afrika\/\" class=\"\" rel=\"nofollow noopener\" target=\"_blank\">Putins soldater \u00e4r  p\u00e5 retr\u00e4tt i Afrika<\/a><strong>L\u00c4S MER: <\/strong><a href=\"https:\/\/www.expressen.se\/nyheter\/varlden\/sapos-oro-wagnergruppen-kan-rekrytera-svenskar\/\" class=\"\" rel=\"nofollow noopener\" target=\"_blank\">S\u00e4pos oro: Wagnergruppen kan rekrytera svenskar<\/a><\/p>\n","protected":false},"excerpt":{"rendered":"Uppdaterad 14 jul 2026 kl 17.11Publicerad 14 jul 2026 kl 15.48 Wagnergruppen styr den Centralafrikanska republiken med j\u00e4rnhand.&hellip;\n","protected":false},"author":2,"featured_media":305294,"comment_status":"","ping_status":"","sticky":false,"template":"","format":"standard","meta":{"footnotes":"","_share_on_mastodon":"0"},"categories":[5],"tags":[22,23,26,27,17,21,24,25,29759,5896,28,29,15,16,2015,18,34,55,31,33,32,30,19,60,20],"class_list":["post-305293","post","type-post","status-publish","format-standard","has-post-thumbnail","category-rubriker","tag-breaking-news","tag-breakingnews","tag-featured-news","tag-featurednews","tag-headlines","tag-huvudnyheter","tag-latest-news","tag-latestnews","tag-location-centralafrikanska-republiken","tag-location-kongo-kinshasa","tag-main-news","tag-mainnews","tag-news","tag-nyheter","tag-organization-wagnergruppen","tag-rubriker","tag-se","tag-sections-varlden","tag-svenska","tag-sverige","tag-sweden","tag-swedish","tag-top-stories","tag-topic-krig-konflikt","tag-topstories"],"share_on_mastodon":{"url":"https:\/\/pubeurope.com\/@se\/116919022737537168","error":""},"_links":{"self":[{"href":"https:\/\/www.europesays.com\/se\/wp-json\/wp\/v2\/posts\/305293","targetHints":{"allow":["GET"]}}],"collection":[{"href":"https:\/\/www.europesays.com\/se\/wp-json\/wp\/v2\/posts"}],"about":[{"href":"https:\/\/www.europesays.com\/se\/wp-json\/wp\/v2\/types\/post"}],"author":[{"embeddable":true,"href":"https:\/\/www.europesays.com\/se\/wp-json\/wp\/v2\/users\/2"}],"replies":[{"embeddable":true,"href":"https:\/\/www.europesays.com\/se\/wp-json\/wp\/v2\/comments?post=305293"}],"version-history":[{"count":0,"href":"https:\/\/www.europesays.com\/se\/wp-json\/wp\/v2\/posts\/305293\/revisions"}],"wp:featuredmedia":[{"embeddable":true,"href":"https:\/\/www.europesays.com\/se\/wp-json\/wp\/v2\/media\/305294"}],"wp:attachment":[{"href":"https:\/\/www.europesays.com\/se\/wp-json\/wp\/v2\/media?parent=305293"}],"wp:term":[{"taxonomy":"category","embeddable":true,"href":"https:\/\/www.europesays.com\/se\/wp-json\/wp\/v2\/categories?post=305293"},{"taxonomy":"post_tag","embeddable":true,"href":"https:\/\/www.europesays.com\/se\/wp-json\/wp\/v2\/tags?post=305293"}],"curies":[{"name":"wp","href":"https:\/\/api.w.org\/{rel}","templated":true}]}}