{"id":30533,"date":"2025-09-15T08:49:10","date_gmt":"2025-09-15T08:49:10","guid":{"rendered":"https:\/\/www.europesays.com\/se\/30533\/"},"modified":"2025-09-15T08:49:10","modified_gmt":"2025-09-15T08:49:10","slug":"isak-kan-spela-45-minuter-mot-atletico-madrid","status":"publish","type":"post","link":"https:\/\/www.europesays.com\/se\/30533\/","title":{"rendered":"Isak kan spela 45 minuter mot Atletico Madrid"},"content":{"rendered":"<p><strong><a href=\"https:\/\/fotbolldirekt.se\/spelare\/alexander-isak\/\" rel=\"nofollow noopener\" target=\"_blank\">Alexander Isak<\/a> fanns inte med i <a href=\"https:\/\/fotbolldirekt.se\/klubb\/liverpool\/\" rel=\"nofollow noopener\" target=\"_blank\">Liverpools<\/a> trupp mot Burnley ig\u00e5r.<br \/>P\u00e5 onsdag mot Atletico Madrid kommer han dock finnas med \u2013 och minst en halvlek ser han ut att kunna spela. <br \/>\u2013 Nu kommer han att kunna spela 45 minuter p\u00e5 onsdag som minimum eller lite mer, s\u00e4ger Arne Slot enligt The Independent. <\/strong><\/p>\n<p><img loading=\"lazy\" decoding=\"async\" width=\"1024\" height=\"576\" src=\"https:\/\/www.europesays.com\/se\/wp-content\/uploads\/2025\/09\/Alex-Alex-1024x576.jpg\" alt=\"\" class=\"wp-image-317461\"  \/>Foto: Bildbyr\u00e5n<\/p>\n<p>Liverpool besegerade Burnley med 1\u20130 p\u00e5 bortaplan <strong>via ett straffm\u00e5l fr\u00e5n Mohamed Salah p\u00e5 stopptid.<\/strong><br \/>M\u00e5nga hade nog trott och hoppats att Alexander Isak skulle g\u00f6ra sin debut i storklubben under g\u00e5rdagen, men svensken fanns inte med i truppen. <\/p>\n<p>\u2013\u00a0Jag kan f\u00f6rs\u00e4kra fansen om att han kommer att vara med p\u00e5 onsdag, men den h\u00e4r matchen kom lite f\u00f6r tidigt, sa <a href=\"https:\/\/fotbolldirekt.se\/premier-league\/slot-bekraftar-da-kan-alexander-isak-debutera\/\" rel=\"nofollow noopener\" target=\"_blank\">Arne Slot till Sky Sports om svensken inf\u00f6r matchen.<\/a><\/p>\n<p>Efter segern mot Burnley s\u00e5 uttalar sig Slot ytterligare kring svensken och hans situation.<br \/>Bland annat visar han tacksamhet f\u00f6r att Isak inte spelade mer under den g\u00e5ngna landslagssamlingen. <\/p>\n<p>\u2013 I Sverige gjorde de r\u00e4tt genom att ge honom bra pass utan att spela honom mycket, och vi gjorde detsamma, <strong>s\u00e5 nu kommer han att kunna spela 45 minuter p\u00e5 onsdag som minimum<\/strong> eller lite mer, s\u00e4ger Slot enligt The Independent och forts\u00e4tter: <br \/>\u2013 Men om han spelar 45 minuter p\u00e5 onsdag, <strong>f\u00f6rv\u00e4nta er inte att han spelar 45 minuter eller mer p\u00e5 l\u00f6rdag<\/strong> (mot Everton) eftersom hans kropp inte \u00e4r f\u00f6rberedd f\u00f6r det.<\/p>\n<p>P\u00e5 onsdag inledes <a href=\"https:\/\/fotbolldirekt.se\/champions-league\/\" rel=\"nofollow noopener\" target=\"_blank\">Champions Leagues<\/a> ligafas och Liverpool st\u00e4lls som sagt mot Atletico Madrid p\u00e5 hemmaplan. <\/p>\n","protected":false},"excerpt":{"rendered":"Alexander Isak fanns inte med i Liverpools trupp mot Burnley ig\u00e5r.P\u00e5 onsdag mot Atletico Madrid kommer han dock&hellip;\n","protected":false},"author":2,"featured_media":30534,"comment_status":"","ping_status":"","sticky":false,"template":"","format":"standard","meta":{"footnotes":""},"categories":[68],"tags":[754,34,111,110,31,33,32,30],"class_list":{"0":"post-30533","1":"post","2":"type-post","3":"status-publish","4":"format-standard","5":"has-post-thumbnail","7":"category-sport","8":"tag-huvudblock","9":"tag-se","10":"tag-sport","11":"tag-sports","12":"tag-svenska","13":"tag-sverige","14":"tag-sweden","15":"tag-swedish"},"share_on_mastodon":{"url":"","error":""},"_links":{"self":[{"href":"https:\/\/www.europesays.com\/se\/wp-json\/wp\/v2\/posts\/30533","targetHints":{"allow":["GET"]}}],"collection":[{"href":"https:\/\/www.europesays.com\/se\/wp-json\/wp\/v2\/posts"}],"about":[{"href":"https:\/\/www.europesays.com\/se\/wp-json\/wp\/v2\/types\/post"}],"author":[{"embeddable":true,"href":"https:\/\/www.europesays.com\/se\/wp-json\/wp\/v2\/users\/2"}],"replies":[{"embeddable":true,"href":"https:\/\/www.europesays.com\/se\/wp-json\/wp\/v2\/comments?post=30533"}],"version-history":[{"count":0,"href":"https:\/\/www.europesays.com\/se\/wp-json\/wp\/v2\/posts\/30533\/revisions"}],"wp:featuredmedia":[{"embeddable":true,"href":"https:\/\/www.europesays.com\/se\/wp-json\/wp\/v2\/media\/30534"}],"wp:attachment":[{"href":"https:\/\/www.europesays.com\/se\/wp-json\/wp\/v2\/media?parent=30533"}],"wp:term":[{"taxonomy":"category","embeddable":true,"href":"https:\/\/www.europesays.com\/se\/wp-json\/wp\/v2\/categories?post=30533"},{"taxonomy":"post_tag","embeddable":true,"href":"https:\/\/www.europesays.com\/se\/wp-json\/wp\/v2\/tags?post=30533"}],"curies":[{"name":"wp","href":"https:\/\/api.w.org\/{rel}","templated":true}]}}