{"id":305467,"date":"2026-07-14T19:09:15","date_gmt":"2026-07-14T19:09:15","guid":{"rendered":"https:\/\/www.europesays.com\/se\/305467\/"},"modified":"2026-07-14T19:09:15","modified_gmt":"2026-07-14T19:09:15","slug":"joan-26-skots-av-ice-agenter","status":"publish","type":"post","link":"https:\/\/www.europesays.com\/se\/305467\/","title":{"rendered":"Joan, 26, sk\u00f6ts av ICE-agenter"},"content":{"rendered":"<p>Uppdaterad 14 jul 2026 kl 17.56Publicerad 14 jul 2026 kl 17.27<\/p>\n<p>Det var Joan Sebastian Guerrero som sk\u00f6ts ihj\u00e4l av en ICE-agent i m\u00e5ndags.<\/p>\n<p>Nu kommer beskedet: 26-\u00e5ringen var inte m\u00e5ltavla f\u00f6r operationen.<\/p>\n<p>ICE pausar trafikstoppen efter de tv\u00e5 d\u00f6dsskjutningar p\u00e5 en vecka, enligt CNN:s k\u00e4llor.<\/p>\n<p><img loading=\"lazy\"   alt=\"\"\/><\/p>\n<p>26-\u00e5ringen uppges inte varit m\u00e5ltavla f\u00f6r operationen.<\/p>\n<p>Foto: Privat<\/p>\n<p>\u00d6ppna bild i helsk\u00e4rm<img loading=\"lazy\"   alt=\"\"\/><\/p>\n<p>I Maine har blommor och ljus l\u00e4mnat p\u00e5 platsen d\u00e4r Joan sk\u00f6ts.<\/p>\n<p>Foto: TROY R. BENNETT \/ EPA<\/p>\n<p>\u00d6ppna bild i helsk\u00e4rm<\/p>\n<p>Skjutningen intr\u00e4ffade i Biddeford i delstaten <a href=\"https:\/\/www.expressen.se\/tagg\/location\/maine\/\" class=\"\" rel=\"nofollow noopener\" target=\"_blank\">Maine<\/a> i USA, p\u00e5 m\u00e5ndagsmorgonen. Mannen var p\u00e5 v\u00e4g till jobbet i bil. I bilen fanns \u00e4ven hans fru och barn, enligt boende i omr\u00e5det.<\/p>\n<p>Mannen har identifierats som 26-\u00e5rige Joan Sebastian Guerrero fr\u00e5n Colombia.<\/p>\n<p>Amerikanska myndigheter uppgav p\u00e5 m\u00e5ndagen att man utf\u00e4rdat en arresteringsorder mot mannen eftersom han hade ett slutgiltigt utvisningsbeslut.\u00a0<\/p>\n<p>\u201dEn illegal invandrare l\u00e4mnade bostaden i ett fordon. ICE-poliser f\u00f6rs\u00f6kte genomf\u00f6ra ett fordonsstopp. Fordonet f\u00f6rs\u00f6kte fly fr\u00e5n platsen och, av r\u00e4dsla f\u00f6r allm\u00e4n s\u00e4kerhet, avlossade en av poliserna sitt vapen\u201d, skrev USA:s inrikess\u00e4kerhetsdepartement p\u00e5 X.<\/p>\n<p>Hade arbetstillst\u00e5nd\u00a0<\/p>\n<p>Maine-senatorn Angus King bekr\u00e4ftade senare att Joan Sebastian Guerrero \u201dinte var m\u00e5let f\u00f6r polisordern.\u201d Agenterna hade allts\u00e5 skjutit mot fel person. De ska inte ha haft kroppskameror p\u00e5 sig.<\/p>\n<p>Guerrero uppges ha haft arbetstillst\u00e5nd i USA och hade f\u00e5tt ett amerikanskt personnummer utf\u00e4rdat.<\/p>\n<p>M\u00e5ndagens skjutning var den andra p\u00e5 mindre \u00e4n en vecka d\u00e4r ICE \u00e4r inblandad. P\u00e5 tisdagen f\u00f6rra veckan sk\u00f6ts en mexikansk medborgare vid namn Lorenzo Salgado Araujo ihj\u00e4l vid en trafikkontroll i Houston. Han uppges ha varit p\u00e5 v\u00e4g till jobbet. ICE beskrev initialt trafikkontrollen som en riktad \u00f6vervakningsinsats, men en k\u00e4lla till CNN s\u00e4ger att Salgado Araujo inte var m\u00e5let f\u00f6r insatsen.<\/p>\n<p>Pausar fordonsstopp<\/p>\n<p>K\u00e4llor till <a href=\"https:\/\/www.cnn.com\/2026\/07\/14\/us\/live-news\/ice-shootings-maine-houston?post-id=cmrksdlq500003d66ha7pzwh6\" rel=\"nofollow noopener\" target=\"_blank\">CNN<\/a> uppger nu att immigrations- och tullmyndigheterna i princip uppmanats att sluta med fordonsstopp tills vidare. Riktlinjerna g\u00e4ller bland annat ICE-agenter. Enligt tidningens uppgifter ska ICE samarbeta med andra myndigheter om ett fordonsstopp skulle kr\u00e4vas f\u00f6r att verkst\u00e4lla en arresteringsorder.<\/p>\n","protected":false},"excerpt":{"rendered":"Uppdaterad 14 jul 2026 kl 17.56Publicerad 14 jul 2026 kl 17.27 Det var Joan Sebastian Guerrero som sk\u00f6ts&hellip;\n","protected":false},"author":2,"featured_media":305468,"comment_status":"","ping_status":"","sticky":false,"template":"","format":"standard","meta":{"footnotes":"","_share_on_mastodon":"0"},"categories":[5],"tags":[22,23,26,27,17,21,24,25,12312,28,29,15,16,14294,2172,18,34,55,31,33,32,30,19,996,20],"class_list":["post-305467","post","type-post","status-publish","format-standard","has-post-thumbnail","category-rubriker","tag-breaking-news","tag-breakingnews","tag-featured-news","tag-featurednews","tag-headlines","tag-huvudnyheter","tag-latest-news","tag-latestnews","tag-location-maine","tag-main-news","tag-mainnews","tag-news","tag-nyheter","tag-organization-ice","tag-organization-x","tag-rubriker","tag-se","tag-sections-varlden","tag-svenska","tag-sverige","tag-sweden","tag-swedish","tag-top-stories","tag-topic-myndigheter","tag-topstories"],"share_on_mastodon":{"url":"https:\/\/pubeurope.com\/@se\/116919911402951586","error":""},"_links":{"self":[{"href":"https:\/\/www.europesays.com\/se\/wp-json\/wp\/v2\/posts\/305467","targetHints":{"allow":["GET"]}}],"collection":[{"href":"https:\/\/www.europesays.com\/se\/wp-json\/wp\/v2\/posts"}],"about":[{"href":"https:\/\/www.europesays.com\/se\/wp-json\/wp\/v2\/types\/post"}],"author":[{"embeddable":true,"href":"https:\/\/www.europesays.com\/se\/wp-json\/wp\/v2\/users\/2"}],"replies":[{"embeddable":true,"href":"https:\/\/www.europesays.com\/se\/wp-json\/wp\/v2\/comments?post=305467"}],"version-history":[{"count":0,"href":"https:\/\/www.europesays.com\/se\/wp-json\/wp\/v2\/posts\/305467\/revisions"}],"wp:featuredmedia":[{"embeddable":true,"href":"https:\/\/www.europesays.com\/se\/wp-json\/wp\/v2\/media\/305468"}],"wp:attachment":[{"href":"https:\/\/www.europesays.com\/se\/wp-json\/wp\/v2\/media?parent=305467"}],"wp:term":[{"taxonomy":"category","embeddable":true,"href":"https:\/\/www.europesays.com\/se\/wp-json\/wp\/v2\/categories?post=305467"},{"taxonomy":"post_tag","embeddable":true,"href":"https:\/\/www.europesays.com\/se\/wp-json\/wp\/v2\/tags?post=305467"}],"curies":[{"name":"wp","href":"https:\/\/api.w.org\/{rel}","templated":true}]}}