{"id":305488,"date":"2026-07-14T19:50:17","date_gmt":"2026-07-14T19:50:17","guid":{"rendered":"https:\/\/www.europesays.com\/se\/305488\/"},"modified":"2026-07-14T19:50:17","modified_gmt":"2026-07-14T19:50:17","slug":"dubbla-badplatsmorden-tva-man-misshandlade-till-dods-sverige","status":"publish","type":"post","link":"https:\/\/www.europesays.com\/se\/305488\/","title":{"rendered":"Dubbla badplatsmorden: Tv\u00e5 m\u00e4n misshandlade till d\u00f6ds | Sverige"},"content":{"rendered":"<p>Publicerad 14 jul 2026 kl 19.12<\/p>\n<p>Tv\u00e5 m\u00e4n har d\u00f6tt efter att ha blivit misshandlade p\u00e5 tv\u00e5 olika badplatser.\u00a0<\/p>\n<p>Flera m\u00e4n i 20-\u00e5rs\u00e5ldern har anh\u00e5llits, och nu b\u00f6rjar bilden klarna \u00f6ver vad som h\u00e4nt.\u00a0<\/p>\n<p>\u2013 Det var nog inte s\u00e5 att de hade tr\u00e4ffats av en slump p\u00e5 den h\u00e4r badplatsen, s\u00e4ger \u00e5klagare Sonja Seligmann.<\/p>\n<p><img   alt=\"\"\/><\/p>\n<p>En man misshandlades till d\u00f6ds i Stenungsund i f\u00f6rra veckan.<\/p>\n<p>Foto: HANNA BRUNL\u00d6F<\/p>\n<p>\u00d6ppna bild i helsk\u00e4rm<img loading=\"lazy\"   alt=\"\"\/><\/p>\n<p>Det \u00e4r en str\u00e5lande dag p\u00e5 badplatsen Hawaii \u2013 d\u00e4r en man en knapp vecka tidigare d\u00f6dats.<\/p>\n<p>Foto: HANNA BRUNL\u00d6F<\/p>\n<p>\u00d6ppna bild i helsk\u00e4rm<img loading=\"lazy\"   alt=\"\"\/><\/p>\n<p>Polisen var \u00e5terigen p\u00e5 plats p\u00e5 Hawaii f\u00f6r att g\u00f6ra ytterligare utrednings\u00e5tg\u00e4rder.<\/p>\n<p>Foto: HANNA BRUNL\u00d6F<\/p>\n<p>\u00d6ppna bild i helsk\u00e4rm<img loading=\"lazy\"   alt=\"\"\/> <\/p>\n<p>Foto: HANNA BRUNL\u00d6F<\/p>\n<p>\u00d6ppna bild i helsk\u00e4rm<\/p>\n<p>Under samma vecka mitt i sommaren har tv\u00e5 m\u00e4n p\u00e5 olika platser i V\u00e4stsverige blivit misshandlade till d\u00f6ds p\u00e5 badplatser.<\/p>\n<p>Natten mot torsdag i f\u00f6rra veckan dog en man i 20-\u00e5rs\u00e5ldern efter ett p\u00e5 Hawaii i Stenungsund.\u00a0<\/p>\n<p><img loading=\"lazy\"   alt=\"\"\/><\/p>\n<p>Badplatsen Hawaii i Stenungsund.<\/p>\n<p>Foto: HANNA BRUNL\u00d6F<\/p>\n<p>\u00d6ppna bild i helsk\u00e4rm<\/p>\n<p>\u00c5klagaren har <a href=\"https:\/\/www.expressen.se\/nyheter\/sverige\/20-arig-man-dog-vid-badplats-fyra-man-misstanks-for-mord\/\" rel=\"nofollow noopener\" target=\"_blank\">tidigare sagt till Expressen<\/a> att det handlar om \u201dknivv\u00e5ld eller liknande\u201d. Fyra m\u00e4n i 20-\u00e5rs\u00e5ldern \u00e4r anh\u00e5llna, misst\u00e4nkta f\u00f6r mord och mordf\u00f6rs\u00f6k.\u00a0<\/p>\n<p>Utredningen p\u00e5g\u00e5r fortfarande. Under tisdagseftermiddagen var polisen vid badstranden och s\u00f6kte av platsen med hundar.\u00a0<\/p>\n<p>\u2013 Det finns v\u00e4l en tanke g\u00e4llande bakgrunden, om man kan kalla det motiv. Men det vill jag helst inte g\u00e5 in p\u00e5 s\u00e5 h\u00e4r tidigt i f\u00f6runders\u00f6kningen, s\u00e4ger \u00e5klagare Sonja Seligmann.<\/p>\n<p>\u2013 Jag kan s\u00e4ga som s\u00e5 att det var nog inte s\u00e5 att de hade tr\u00e4ffats av en slump p\u00e5 den h\u00e4r badplatsen.<\/p>\n<p>Tre m\u00e4n \u00e4r h\u00e4ktade, f\u00f6dda 2005, 2006 och 2008. En av dem \u00e4r tidigare d\u00f6md f\u00f6r flera fall av ringa narkotikabrott. En annan f\u00f6r st\u00f6ld och skadeg\u00f6relse efter att ha brutit sig in p\u00e5 ett gym.\u00a0<\/p>\n<p>Koppling till varandra<\/p>\n<p>I M\u00f6lnlycke, mindre \u00e4n sex mil fr\u00e5n Stenungssund, dog en 47-\u00e5rig man efter att ha misshandlats p\u00e5 Kindbovikens badplats under l\u00f6rdagskv\u00e4llen.\u00a0<\/p>\n<p><img loading=\"lazy\"   alt=\"\"\/><\/p>\n<p>P\u00e5 badplatsen Kindboviken i M\u00f6lnlycke misshandlades ytterligare en man till d\u00f6ds.<\/p>\n<p>Foto: HANNA BRUNL\u00d6F<\/p>\n<p>\u00d6ppna bild i helsk\u00e4rm<\/p>\n<p>Tre m\u00e4n i 20-\u00e5rs\u00e5ldern greps natten mot m\u00e5ndagen, efter att ett vittne p\u00e5 badplatsen pekat ut en av de misst\u00e4nkta g\u00e4rningsm\u00e4nnen.<\/p>\n<p>\u2013 En av de misst\u00e4nkta har en koppling till mannen. Sen \u00e4r det m\u00f6jligt att \u00e4ven de andra k\u00e4nner till honom. Men det vet jag faktiskt inte. Utan det jag vet \u00e4r att fr\u00e4mst en person har n\u00e5gon form av kontakt\/relation med mannen. S\u00e5 de \u00e4r inte obekanta f\u00f6r varandra, s\u00e4ger \u00e5klagare Fredrik Berglund.<\/p>\n<p>Enligt \u00e5klagare har det inte framkommit n\u00e5got motiv \u00e4nnu.<\/p>\n<p>Sorg i M\u00f6lnlycke<\/p>\n<p>Tre dagar efter d\u00f6dsmisshandeln vid Kindbobadet beskriver en kvinna det som att st\u00e4mningen nu \u00e4r tryckt i M\u00f6lnlycke.\u00a0<\/p>\n<p>\u2013 Det blir ju s\u00e5 i en s\u00e5 h\u00e4r liten ort, d\u00e4r alla k\u00e4nner till varandra, s\u00e4ger hon.\u00a0<\/p>\n<p>P\u00e5 badplatsen har en minnesplats v\u00e4xt fram nere vid vattenbrynet. Vid den sitter en man, som var p\u00e5 badplatsen tidigare under l\u00f6rdagskv\u00e4llen.\u00a0<\/p>\n<p>\u2013 Jag \u00f6nskar att jag hade stannat kvar, s\u00e4ger han.\u00a0<\/p>\n<p>\u2013 D\u00e5 hade jag kanske kunnat stoppa det.\u00a0<\/p>\n","protected":false},"excerpt":{"rendered":"Publicerad 14 jul 2026 kl 19.12 Tv\u00e5 m\u00e4n har d\u00f6tt efter att ha blivit misshandlade p\u00e5 tv\u00e5 olika&hellip;\n","protected":false},"author":2,"featured_media":305489,"comment_status":"","ping_status":"","sticky":false,"template":"","format":"standard","meta":{"footnotes":"","_share_on_mastodon":"0"},"categories":[5],"tags":[22,23,26,27,17,21,24,25,28,29,15,16,18,34,154,31,33,32,30,19,20],"class_list":["post-305488","post","type-post","status-publish","format-standard","has-post-thumbnail","category-rubriker","tag-breaking-news","tag-breakingnews","tag-featured-news","tag-featurednews","tag-headlines","tag-huvudnyheter","tag-latest-news","tag-latestnews","tag-main-news","tag-mainnews","tag-news","tag-nyheter","tag-rubriker","tag-se","tag-sections-sverige","tag-svenska","tag-sverige","tag-sweden","tag-swedish","tag-top-stories","tag-topstories"],"share_on_mastodon":{"url":"https:\/\/pubeurope.com\/@se\/116920072552419731","error":""},"_links":{"self":[{"href":"https:\/\/www.europesays.com\/se\/wp-json\/wp\/v2\/posts\/305488","targetHints":{"allow":["GET"]}}],"collection":[{"href":"https:\/\/www.europesays.com\/se\/wp-json\/wp\/v2\/posts"}],"about":[{"href":"https:\/\/www.europesays.com\/se\/wp-json\/wp\/v2\/types\/post"}],"author":[{"embeddable":true,"href":"https:\/\/www.europesays.com\/se\/wp-json\/wp\/v2\/users\/2"}],"replies":[{"embeddable":true,"href":"https:\/\/www.europesays.com\/se\/wp-json\/wp\/v2\/comments?post=305488"}],"version-history":[{"count":0,"href":"https:\/\/www.europesays.com\/se\/wp-json\/wp\/v2\/posts\/305488\/revisions"}],"wp:featuredmedia":[{"embeddable":true,"href":"https:\/\/www.europesays.com\/se\/wp-json\/wp\/v2\/media\/305489"}],"wp:attachment":[{"href":"https:\/\/www.europesays.com\/se\/wp-json\/wp\/v2\/media?parent=305488"}],"wp:term":[{"taxonomy":"category","embeddable":true,"href":"https:\/\/www.europesays.com\/se\/wp-json\/wp\/v2\/categories?post=305488"},{"taxonomy":"post_tag","embeddable":true,"href":"https:\/\/www.europesays.com\/se\/wp-json\/wp\/v2\/tags?post=305488"}],"curies":[{"name":"wp","href":"https:\/\/api.w.org\/{rel}","templated":true}]}}