{"id":305506,"date":"2026-07-14T20:13:13","date_gmt":"2026-07-14T20:13:13","guid":{"rendered":"https:\/\/www.europesays.com\/se\/305506\/"},"modified":"2026-07-14T20:13:13","modified_gmt":"2026-07-14T20:13:13","slug":"jesper-32-korsade-hela-svalbard-grat-som-jag-aldrig-gjort","status":"publish","type":"post","link":"https:\/\/www.europesays.com\/se\/305506\/","title":{"rendered":"Jesper, 32, korsade hela Svalbard: \u201dGr\u00e4t som jag aldrig gjort\u201d"},"content":{"rendered":"<p>Publicerad 14 jul 2026 kl 18.40<\/p>\n<p>Isbj\u00f6rnar, en explosion och iskalla vindar stod i v\u00e4gen.\u00a0<\/p>\n<p>Men efter 34 dagar hade Jesper Skarman korsat hela Svalbard \u2013 p\u00e5 skidor.\u00a0<\/p>\n<p>\u2013 Det \u00e4r som att vara p\u00e5 en annan planet, s\u00e4ger han. \u00a0<\/p>\n<p><img loading=\"lazy\"   alt=\"\"\/><\/p>\n<p>Jesper har tidigare bland annat bes\u00f6kt Antarktis och bestigit berg i Sydamerika.<\/p>\n<p>Foto: Privat<\/p>\n<p>\u00d6ppna bild i helsk\u00e4rm<img loading=\"lazy\"   alt=\"\"\/><\/p>\n<p>Efter 34 dagar tog de sig i m\u00e5l.<\/p>\n<p>Foto: Privat<\/p>\n<p>\u00d6ppna bild i helsk\u00e4rm<img loading=\"lazy\"   alt=\"\"\/><\/p>\n<p>Temperaturen var uppemot 33 minusgrader.<\/p>\n<p>Foto: Privat<\/p>\n<p>\u00d6ppna bild i helsk\u00e4rm<img loading=\"lazy\"   alt=\"\"\/><\/p>\n<p>Varje natt skiftade de vem som skulle ha isbj\u00f6rnsvakt.<\/p>\n<p>Foto: Privat<\/p>\n<p>\u00d6ppna bild i helsk\u00e4rm<img loading=\"lazy\"   alt=\"\"\/><\/p>\n<p>Varje person sl\u00e4pade omkring 60 kilo packning i pulkan.<\/p>\n<p>Foto: Privat<\/p>\n<p>\u00d6ppna bild i helsk\u00e4rm<\/p>\n<p>Jesper Skarman, 32, fr\u00e5n Malm\u00f6 har bes\u00f6kt Antarktis, bestigit berg i Sydamerika och korsat Hardangervidda i Norge. I ett \u00e5r tr\u00e4nade han inf\u00f6r n\u00e4sta \u00e4ventyr \u2013 att korsa den arktiska \u00f6n <a href=\"https:\/\/www.expressen.se\/tagg\/location\/svalbard\/\" class=\"\" rel=\"nofollow noopener\" target=\"_blank\">Svalbard<\/a> fr\u00e5n syd till norr.\u00a0<\/p>\n<p>Tillsammans med \u00e5tta andra europ\u00e9er och guiden Morten Rostille gick expeditionen i m\u00e5l i v\u00e5ras. Det kr\u00e4vdes \u00f6ver 60 mil skid\u00e5kning i 34 dagar.\u00a0<\/p>\n<p>\u2013 Det var ju s\u00e5 klart v\u00e4ldigt m\u00e5nga dagar som var utmanande med motvind, sn\u00f6 och den h\u00e4r kylan vi var i hela tiden. Men det var absolut en av de finaste m\u00e5naderna i mitt liv, s\u00e4ger Jesper.\u00a0<\/p>\n<p>Tvingades till isbj\u00f6rnsvakt<\/p>\n<p>F\u00f6rutom \u00f6ver 30 minusgrader och vindbyar p\u00e5 uppemot 35 meter per sekund under flera dagar beh\u00f6vde de ocks\u00e5 konstant spana efter isbj\u00f6rnar.<\/p>\n<p>\u2013 Vi gick mellan \u00e5tta till tolv timmar per dag och ungef\u00e4r en tredjedel av dem var det total \u201dwhite out\u201d. D\u00e5 ser du typ tv\u00e5 meter framf\u00f6r dig. Vi hade ocks\u00e5 ett rullande schema p\u00e5 isbj\u00f6rnsvakt och satt tv\u00e5 timmar varannan natt bara f\u00f6r att ha koll p\u00e5 t\u00e4ltl\u00e4gret, s\u00e4ger han.\u00a0<\/p>\n<p>Och det finns en situation som satte sina sp\u00e5r.<\/p>\n<p>\u2013 Mitt i natten h\u00f6rde vi tv\u00e5 explosioner och han jag delade t\u00e4lt med fl\u00f6g upp och skrek: \u201dNu m\u00e5ste det varit en isbj\u00f6rnsattack\u201d. Sen ins\u00e5g vi att det var liggunderlaget som hade exploderat. Det var tur att vi kunde laga det annars hade det varit v\u00e4ldigt l\u00e5nga veckor.<\/p>\n<p><img loading=\"lazy\"   alt=\"\"\/><\/p>\n<p>Totalt tog de sig upp f\u00f6r 7 000 h\u00f6jdmeter.<\/p>\n<p>Foto: Privat<\/p>\n<p>\u00d6ppna bild i helsk\u00e4rm<img loading=\"lazy\"   alt=\"\"\/><\/p>\n<p>Vindbyarna uppm\u00e4ttes till 35 meter per sekund vissa dagar.<\/p>\n<p>Foto: Privat<\/p>\n<p>\u00d6ppna bild i helsk\u00e4rm<img loading=\"lazy\"   alt=\"\"\/><\/p>\n<p>\u201dDet fanns en l\u00e4ngtan att f\u00e5 vara i den h\u00e4r or\u00f6rda naturen\u201d, s\u00e4ger Jesper Skarman.<\/p>\n<p>Foto: Privat<\/p>\n<p>\u00d6ppna bild i helsk\u00e4rm\u201dGr\u00e4t som jag aldrig gjort\u201d<\/p>\n<p>F\u00f6rutom v\u00e4dermotst\u00e5nd beh\u00f6vde de ta sig upp och ner \u00f6ver totalt 7 000 h\u00f6jdmeter. Samtidigt sl\u00e4pade alla var sin pulka med 60-kilo packning.<\/p>\n<p>Det v\u00e4rsta var dock att vara vara i princip helt bortkopplad fr\u00e5n familjen. Jesper skickade ett meddelande med hj\u00e4lp av satellittelefonen varje kv\u00e4ll och ber\u00e4ttade att allt gick bra.\u00a0<\/p>\n<p>\u2013 Jag ville inte ringa dem \u00e4ven om vi hade m\u00f6jligheten f\u00f6r jag tror att det hade varit f\u00f6r tufft. Det \u00e4r l\u00e4ttare att h\u00e5lla det inom sig, ber\u00e4ttar han.\u00a0<\/p>\n<p><strong>Hur var det att komma fram till slut?\u00a0<\/strong><\/p>\n<p>\u2013 Det \u00e4r ju s\u00e5 surrealistiskt f\u00f6r den nordligaste punkten \u00e4r bara ett fult orange sj\u00f6m\u00e4rke. Det \u00e4r inte som att bestiga ett berg och att man n\u00e5r toppen. Men det var s\u00e5 klart ett stort \u00f6gonblick, s\u00e4ger Jesper och forts\u00e4tter:<\/p>\n<p>\u2013 Jag blev mer k\u00e4nslosam n\u00e4r jag v\u00e4l kom hem. Jag gr\u00e4t p\u00e5 ett s\u00e4tt som jag aldrig har gjort f\u00f6rut n\u00e4r jag kramade om min familj.\u00a0<\/p>\n","protected":false},"excerpt":{"rendered":"Publicerad 14 jul 2026 kl 18.40 Isbj\u00f6rnar, en explosion och iskalla vindar stod i v\u00e4gen.\u00a0 Men efter 34&hellip;\n","protected":false},"author":2,"featured_media":305507,"comment_status":"","ping_status":"","sticky":false,"template":"","format":"standard","meta":{"footnotes":"","_share_on_mastodon":"0"},"categories":[12],"tags":[22,23,26,27,17,21,24,25,9852,1748,2211,3598,28,29,15,16,18,34,154,31,33,32,30,19,527,20],"class_list":["post-305506","post","type-post","status-publish","format-standard","has-post-thumbnail","category-sverige","tag-breaking-news","tag-breakingnews","tag-featured-news","tag-featurednews","tag-headlines","tag-huvudnyheter","tag-latest-news","tag-latestnews","tag-location-antarktis","tag-location-arktis","tag-location-malmo","tag-location-svalbard","tag-main-news","tag-mainnews","tag-news","tag-nyheter","tag-rubriker","tag-se","tag-sections-sverige","tag-svenska","tag-sverige","tag-sweden","tag-swedish","tag-top-stories","tag-topic-djur-natur","tag-topstories"],"share_on_mastodon":{"url":"https:\/\/pubeurope.com\/@se\/116920163222464165","error":""},"_links":{"self":[{"href":"https:\/\/www.europesays.com\/se\/wp-json\/wp\/v2\/posts\/305506","targetHints":{"allow":["GET"]}}],"collection":[{"href":"https:\/\/www.europesays.com\/se\/wp-json\/wp\/v2\/posts"}],"about":[{"href":"https:\/\/www.europesays.com\/se\/wp-json\/wp\/v2\/types\/post"}],"author":[{"embeddable":true,"href":"https:\/\/www.europesays.com\/se\/wp-json\/wp\/v2\/users\/2"}],"replies":[{"embeddable":true,"href":"https:\/\/www.europesays.com\/se\/wp-json\/wp\/v2\/comments?post=305506"}],"version-history":[{"count":0,"href":"https:\/\/www.europesays.com\/se\/wp-json\/wp\/v2\/posts\/305506\/revisions"}],"wp:featuredmedia":[{"embeddable":true,"href":"https:\/\/www.europesays.com\/se\/wp-json\/wp\/v2\/media\/305507"}],"wp:attachment":[{"href":"https:\/\/www.europesays.com\/se\/wp-json\/wp\/v2\/media?parent=305506"}],"wp:term":[{"taxonomy":"category","embeddable":true,"href":"https:\/\/www.europesays.com\/se\/wp-json\/wp\/v2\/categories?post=305506"},{"taxonomy":"post_tag","embeddable":true,"href":"https:\/\/www.europesays.com\/se\/wp-json\/wp\/v2\/tags?post=305506"}],"curies":[{"name":"wp","href":"https:\/\/api.w.org\/{rel}","templated":true}]}}