{"id":305522,"date":"2026-07-14T20:30:22","date_gmt":"2026-07-14T20:30:22","guid":{"rendered":"https:\/\/www.europesays.com\/se\/305522\/"},"modified":"2026-07-14T20:30:22","modified_gmt":"2026-07-14T20:30:22","slug":"polisen-i-storbritannien-mordet-var-en-riktad-attack","status":"publish","type":"post","link":"https:\/\/www.europesays.com\/se\/305522\/","title":{"rendered":"Polisen i Storbritannien: Mordet var en \u201driktad attack\u201d"},"content":{"rendered":"<p>Uppdaterad 14 jul 2026 kl 18.21Publicerad 14 jul 2026 kl 17.58<\/p>\n<p>Exministern Ann Widdecombe m\u00f6rdades i en \u201driktad attack\u201d.\u00a0<\/p>\n<p>Det s\u00e4ger antiterror-polisen i Storbritannien p\u00e5 en presstr\u00e4ff.<\/p>\n<p>Senaste nyhetsklippen fr\u00e5n Expressen.<img   alt=\"\"\/><\/p>\n<p>Ann Widdecombe hittades d\u00f6d i sitt hem.<\/p>\n<p>Foto: ALEXOPOULOS\/LNP\/SHUTTERSTOCK \/ SHUTTERSTOCK EDITORIAL\/IBL<\/p>\n<p>\u00d6ppna bild i helsk\u00e4rm<img loading=\"lazy\"   alt=\"\"\/><\/p>\n<p>Polisen utreder terrorkopplingar.<\/p>\n<p>Foto: ALEXOPOULOS\/LNP\/SHUTTERSTOCK \/ SHUTTERSTOCK EDITORIAL\/IBL<\/p>\n<p>\u00d6ppna bild i helsk\u00e4rm<\/p>\n<p>En 28-\u00e5rig man har gripits f\u00f6r mordet p\u00e5 den tidigare Tory-ledamoten och ministern Ann Widdecombe. Hon hittades d\u00f6d i sitt hem i sydv\u00e4stra England i torsdags.<\/p>\n<p>Polisen i Devon och Cornwall sade till en b\u00f6rjan att det inte fanns n\u00e5got som tydde p\u00e5 politiska motiv eller terrorism. Men p\u00e5 m\u00e5ndagen tog utredningen en abrupt v\u00e4ndning och <a href=\"https:\/\/www.expressen.se\/nyheter\/varlden\/dramatisk-vandning-i-mordutredningen\/\" rel=\"nofollow noopener\" target=\"_blank\">enheten f\u00f6r terrorbek\u00e4mpning tog \u00f6ver.<\/a>\u00a0<\/p>\n<p>P\u00e5 tisdagen meddelar polisen att det handlar om en \u201driktad attack\u201d.<\/p>\n<p>\u2013 Det \u00e4r tydligt att det h\u00e4r var en riktad attack. Vi arbetar fortfarande med att f\u00f6rst\u00e5 omfattningen av planeringen och f\u00f6rberedelserna samt motivet bakom attacken, s\u00e4ger Laurence Taylor, chef f\u00f6r <a href=\"https:\/\/www.expressen.se\/tagg\/location\/storbritannien\/\" class=\"\" rel=\"nofollow noopener\" target=\"_blank\">Storbritanniens<\/a> kontraterrorpolis.<\/p>\n<p>I nul\u00e4get klassas h\u00e4ndelsen inte som en terrorhandling, men polisen utreder terrorkopplingar.\u00a0<\/p>\n<p>F\u00f6rh\u00f6rt misst\u00e4nkte\u00a0<\/p>\n<p>Den misst\u00e4nkte greps i sitt hem i Rotherham p\u00e5 l\u00f6rdagen och har f\u00f6rh\u00f6rts av polis.\u00a0<\/p>\n<p>Han<a href=\"https:\/\/www.expressen.se\/nyheter\/sverige\/nya-uppgifter-om-mordet-korde-50-mil-med-trapale-\/\" rel=\"nofollow noopener\" target=\"_blank\"> tros ha k\u00f6rt 50 mil <\/a>till Widdecombes hus med en tr\u00e4p\u00e5le och m\u00f6rdat henne under onsdagen, enligt uppgifter till <a href=\"https:\/\/www.telegraph.co.uk\/news\/2026\/07\/12\/ann-widdecombe-murder-suspect-drove-dartmoor-alleged-murder\/\" rel=\"nofollow noopener\" target=\"_blank\">The Telegraph.\u00a0<\/a><\/p>\n<p>\u2013 Han \u00e4r fortfarande gripen, misst\u00e4nkt f\u00f6r att ha utf\u00f6rt, f\u00f6rberett eller uppmanat till terrord\u00e5d, samt misst\u00e4nkt f\u00f6r mord. Detta \u00e4r en komplex utredning. Vi arbetar skyndsamt med flera olika sp\u00e5r, och det omfattar ocks\u00e5 ett antal digitaltekniska unders\u00f6kningar, s\u00e4ger Taylor p\u00e5 presstr\u00e4ffen.\u00a0<\/p>\n<p>\u201dSpekulera inte\u201d\u00a0<\/p>\n<p>Widdecombe blev p\u00e5 senare \u00e5r en ivrig anh\u00e4ngare av h\u00f6gerpartiet Reform UK. Efter mordet bes\u00f6kte partiledaren Nigel Farage hennes hem f\u00f6r att hedra henne.<\/p>\n<p>Han har sedan dess f\u00e5tt kritik f\u00f6r att spekulera kring motivet. Inom Reform finns uppfattningen bland vissa att polisen inte ber\u00e4ttar hela sanningen. Partiet har sj\u00e4lva beslutat att g\u00e5 igenom hennes mejlkorg f\u00f6r att unders\u00f6ka om det finns n\u00e5gra d\u00f6dshot och har \u00f6kat s\u00e4kerheten f\u00f6r partiets parlamentsledam\u00f6ter.<\/p>\n<p>P\u00e5 tisdagen uppmanar polisen allm\u00e4nheten att fortsatt vara f\u00f6rsiktig med att dela overifierad information.<\/p>\n<p>\u2013 Jag t\u00e4nker inte bem\u00f6ta alla spekulationer som har f\u00f6rekommit, men jag vill ta tillf\u00e4llet i akt att p\u00e5minna allm\u00e4nheten om att utredningar av det h\u00e4r slaget \u00e4r komplexa och att ny information kan framkomma i takt med att polisen g\u00e5r vidare med sina unders\u00f6kningar, s\u00e4ger Taylor.<\/p>\n","protected":false},"excerpt":{"rendered":"Uppdaterad 14 jul 2026 kl 18.21Publicerad 14 jul 2026 kl 17.58 Exministern Ann Widdecombe m\u00f6rdades i en \u201driktad&hellip;\n","protected":false},"author":2,"featured_media":305523,"comment_status":"","ping_status":"","sticky":false,"template":"","format":"standard","meta":{"footnotes":"","_share_on_mastodon":"0"},"categories":[5],"tags":[22,23,26,27,17,21,24,25,199,28,29,15,16,18,34,55,31,33,32,30,19,436,20],"class_list":["post-305522","post","type-post","status-publish","format-standard","has-post-thumbnail","category-rubriker","tag-breaking-news","tag-breakingnews","tag-featured-news","tag-featurednews","tag-headlines","tag-huvudnyheter","tag-latest-news","tag-latestnews","tag-location-storbritannien","tag-main-news","tag-mainnews","tag-news","tag-nyheter","tag-rubriker","tag-se","tag-sections-varlden","tag-svenska","tag-sverige","tag-sweden","tag-swedish","tag-top-stories","tag-topic-valdsbrott-mord","tag-topstories"],"share_on_mastodon":{"url":"https:\/\/pubeurope.com\/@se\/116920229983862478","error":""},"_links":{"self":[{"href":"https:\/\/www.europesays.com\/se\/wp-json\/wp\/v2\/posts\/305522","targetHints":{"allow":["GET"]}}],"collection":[{"href":"https:\/\/www.europesays.com\/se\/wp-json\/wp\/v2\/posts"}],"about":[{"href":"https:\/\/www.europesays.com\/se\/wp-json\/wp\/v2\/types\/post"}],"author":[{"embeddable":true,"href":"https:\/\/www.europesays.com\/se\/wp-json\/wp\/v2\/users\/2"}],"replies":[{"embeddable":true,"href":"https:\/\/www.europesays.com\/se\/wp-json\/wp\/v2\/comments?post=305522"}],"version-history":[{"count":0,"href":"https:\/\/www.europesays.com\/se\/wp-json\/wp\/v2\/posts\/305522\/revisions"}],"wp:featuredmedia":[{"embeddable":true,"href":"https:\/\/www.europesays.com\/se\/wp-json\/wp\/v2\/media\/305523"}],"wp:attachment":[{"href":"https:\/\/www.europesays.com\/se\/wp-json\/wp\/v2\/media?parent=305522"}],"wp:term":[{"taxonomy":"category","embeddable":true,"href":"https:\/\/www.europesays.com\/se\/wp-json\/wp\/v2\/categories?post=305522"},{"taxonomy":"post_tag","embeddable":true,"href":"https:\/\/www.europesays.com\/se\/wp-json\/wp\/v2\/tags?post=305522"}],"curies":[{"name":"wp","href":"https:\/\/api.w.org\/{rel}","templated":true}]}}