{"id":305562,"date":"2026-07-14T21:24:10","date_gmt":"2026-07-14T21:24:10","guid":{"rendered":"https:\/\/www.europesays.com\/se\/305562\/"},"modified":"2026-07-14T21:24:10","modified_gmt":"2026-07-14T21:24:10","slug":"svensk-domd-for-vansinneskorning-i-osterrike","status":"publish","type":"post","link":"https:\/\/www.europesays.com\/se\/305562\/","title":{"rendered":"Svensk d\u00f6md f\u00f6r vansinnesk\u00f6rning i \u00d6sterrike"},"content":{"rendered":"<p>Uppdaterad 14 jul 2026 kl 21.42Publicerad 14 jul 2026 kl 21.12<\/p>\n<p>Den svenske bilf\u00f6raren k\u00f6rde i vansinnesfart rakt in i ett avsp\u00e4rrat v\u00e4garbete p\u00e5 motorv\u00e4gen i \u00d6sterrike.<\/p>\n<p>\u2013 Jag k\u00e4nde d\u00f6ds\u00e5ngest, s\u00e4ger kvinnan i en m\u00f6tande bil som han krockade med.<\/p>\n<p>En domstol i Graz har nu d\u00f6mt honom till psykiatrisk v\u00e5rd.<\/p>\n<p><img   alt=\"\"\/><\/p>\n<p>Mannen k\u00f6rde i vansinnesfart p\u00e5 motorv\u00e4gen A9 i \u00d6sterrike. H\u00e4r en bild fr\u00e5n A9 i Tyskland.<\/p>\n<p>Foto: NICOLAS ARMER \/ AP TT NYHETSBYR\u00c5N<\/p>\n<p>\u00d6ppna bild i helsk\u00e4rm<\/p>\n<p>En svensk i 40-\u00e5rs\u00e5ldern k\u00f6rde i rasande fart in i ett v\u00e4garbete p\u00e5 motorv\u00e4gen A9 n\u00e4ra Graz i \u00d6sterrike i slutet av april.<\/p>\n<p>Han greps och st\u00e4lldes inf\u00f6r r\u00e4tta. En domstol i Graz d\u00f6mde honom p\u00e5 tisdagen till psykiatrisk v\u00e5rd, skriver Kleine Zeitung.<\/p>\n<p>Svensken k\u00f6rde i \u201dhalsbrytande, farlig hastighet\u201d, sade den \u00f6sterrikiske \u00e5klagaren under r\u00e4tteg\u00e5ngen. \u00d6gonvittnen beskrev hans framfart som att han \u201dk\u00f6rde i amok\u201d.<\/p>\n<p>Mannen k\u00f6rde in i ett avsp\u00e4rrat v\u00e4garbete och f\u00f6rs\u00f6kte tr\u00e4ffa v\u00e4garbetare med sin bil. De s\u00e4ger att de klarade sig med knapp n\u00f6d.<\/p>\n<p>\u201dK\u00e4nde d\u00f6ds\u00e5ngest\u201d<\/p>\n<p>Mannen k\u00f6rde in i en tunnel d\u00e4r en mc-f\u00f6rare tvingades tv\u00e4rbromsa f\u00f6r att undvika krock. D\u00e4refter krockade han avsiktligt, enligt polisen, med en m\u00f6tande bil. Den kvinnliga f\u00f6raren har sagt att hon k\u00e4nde \u201dd\u00f6ds\u00e5ngest\u201d.<\/p>\n<p>Svensken sade f\u00f6rst att han \u201dhelt avsiktligt k\u00f6rde in i personbilen\u201d f\u00f6r att ville bli \u201dgripen\u201d, enligt polisen. Men under r\u00e4tteg\u00e5ngen f\u00f6rklarade han att han inte avsiktligt v\u00e5llat olyckan utan att han \u201dinte kunde t\u00e4nka klart\u201d den dagen och att han k\u00e4nde sig f\u00f6rf\u00f6ljd.<\/p>\n<p>Domstolen d\u00f6mde mannen till psykiatrisk v\u00e5rd.<\/p>\n<p>Motorv\u00e4gen A9, som ocks\u00e5 kallas Pyhrn Autobahn, g\u00e5r i nordsydlig riktning genom \u00d6sterrike.<\/p>\n","protected":false},"excerpt":{"rendered":"Uppdaterad 14 jul 2026 kl 21.42Publicerad 14 jul 2026 kl 21.12 Den svenske bilf\u00f6raren k\u00f6rde i vansinnesfart rakt&hellip;\n","protected":false},"author":2,"featured_media":305563,"comment_status":"","ping_status":"","sticky":false,"template":"","format":"standard","meta":{"footnotes":"","_share_on_mastodon":"0"},"categories":[14],"tags":[22,23,26,27,17,21,24,25,28,29,15,16,18,34,154,31,33,32,30,19,20,51,52,53,54],"class_list":["post-305562","post","type-post","status-publish","format-standard","has-post-thumbnail","category-varlden","tag-breaking-news","tag-breakingnews","tag-featured-news","tag-featurednews","tag-headlines","tag-huvudnyheter","tag-latest-news","tag-latestnews","tag-main-news","tag-mainnews","tag-news","tag-nyheter","tag-rubriker","tag-se","tag-sections-sverige","tag-svenska","tag-sverige","tag-sweden","tag-swedish","tag-top-stories","tag-topstories","tag-varlden","tag-world","tag-world-news","tag-worldnews"],"share_on_mastodon":{"url":"https:\/\/pubeurope.com\/@se\/116920442418941265","error":""},"_links":{"self":[{"href":"https:\/\/www.europesays.com\/se\/wp-json\/wp\/v2\/posts\/305562","targetHints":{"allow":["GET"]}}],"collection":[{"href":"https:\/\/www.europesays.com\/se\/wp-json\/wp\/v2\/posts"}],"about":[{"href":"https:\/\/www.europesays.com\/se\/wp-json\/wp\/v2\/types\/post"}],"author":[{"embeddable":true,"href":"https:\/\/www.europesays.com\/se\/wp-json\/wp\/v2\/users\/2"}],"replies":[{"embeddable":true,"href":"https:\/\/www.europesays.com\/se\/wp-json\/wp\/v2\/comments?post=305562"}],"version-history":[{"count":0,"href":"https:\/\/www.europesays.com\/se\/wp-json\/wp\/v2\/posts\/305562\/revisions"}],"wp:featuredmedia":[{"embeddable":true,"href":"https:\/\/www.europesays.com\/se\/wp-json\/wp\/v2\/media\/305563"}],"wp:attachment":[{"href":"https:\/\/www.europesays.com\/se\/wp-json\/wp\/v2\/media?parent=305562"}],"wp:term":[{"taxonomy":"category","embeddable":true,"href":"https:\/\/www.europesays.com\/se\/wp-json\/wp\/v2\/categories?post=305562"},{"taxonomy":"post_tag","embeddable":true,"href":"https:\/\/www.europesays.com\/se\/wp-json\/wp\/v2\/tags?post=305562"}],"curies":[{"name":"wp","href":"https:\/\/api.w.org\/{rel}","templated":true}]}}