{"id":305574,"date":"2026-07-14T21:56:12","date_gmt":"2026-07-14T21:56:12","guid":{"rendered":"https:\/\/www.europesays.com\/se\/305574\/"},"modified":"2026-07-14T21:56:12","modified_gmt":"2026-07-14T21:56:12","slug":"mordade-sin-mamma-malade-likets-naglar","status":"publish","type":"post","link":"https:\/\/www.europesays.com\/se\/305574\/","title":{"rendered":"M\u00f6rdade sin mamma \u2013 m\u00e5lade likets naglar"},"content":{"rendered":"<p>Publicerad 14 jul 2026 kl 22.05<\/p>\n<p>Dominic Whitton, 42, m\u00f6rdade sin mamma i hennes hem i Tottenham.\u00a0<\/p>\n<p>Efter mordet m\u00e5lade han hennes naglar och t\u00e4nde r\u00f6kelse.\u00a0<\/p>\n<p>Nu d\u00f6ms han till livstidsf\u00e4ngelse.\u00a0<\/p>\n<p>\u2013 Hon dog ensam p\u00e5 golvet i ett h\u00f6rn av sitt rum, utan n\u00e5gra tr\u00f6stande ord. Det var en grym d\u00f6d, sa domaren under r\u00e4tteg\u00e5ngen.\u00a0<\/p>\n<p><img   alt=\"\"\/>\u00d6ppna bild i helsk\u00e4rm<img loading=\"lazy\"   alt=\"\"\/><\/p>\n<p>Dominic Whitton d\u00f6ms till livstids f\u00e4ngelse f\u00f6r mordet.<\/p>\n<p>Foto: Metropolitan Police<\/p>\n<p>\u00d6ppna bild i helsk\u00e4rm<\/p>\n<p>I december 2024 slog Dominic Whitton, 42, sin mamma Pepita Garcia, 75, upprepade g\u00e5nger. Hon fick 76 frakturer och dog i sitt hem i norra London, skriver <a href=\"https:\/\/www.telegraph.co.uk\/news\/2026\/07\/13\/son-killed-his-mother-and-kept-body-in-bedroom-shrine\/\" rel=\"nofollow noopener\" target=\"_blank\">The Telegraph. <\/a>\u00a0<\/p>\n<p>Whitton d\u00f6ms till livstids f\u00e4ngelse f\u00f6r mordet, vilket inneb\u00e4r minst 24 \u00e5r bakom l\u00e5s och bom. Dessutom f\u00e5r han tre \u00e5rs f\u00e4ngelse f\u00f6r att ha hindrat en v\u00e4rdig begravning av mamman.\u00a0<\/p>\n<p>M\u00e5lade mammans naglar\u00a0<\/p>\n<p>Efter mordet placerade Whitton den d\u00f6da kroppen i sovrummet och gjorde det till en \u201dhelig plats\u201d. Han m\u00e5lade mammans naglar och t\u00e4nde r\u00f6kelse och doftljus kring liket. Han str\u00f6dde blommor och \u00f6rter p\u00e5 och runt hennes kropp. Dessutom st\u00e4llde han fram mat p\u00e5 en bricka.\u00a0<\/p>\n<p>Sonen anv\u00e4nde ocks\u00e5 mammans kreditkort f\u00f6r att betala p\u00e5 pubar, k\u00f6pa en biljett till Tina Turner-musikalen och en guidad visning av <a href=\"https:\/\/www.expressen.se\/tagg\/organization\/tottenham\/\" class=\"\" rel=\"nofollow noopener\" target=\"_blank\">Tottenhams<\/a> hemmaarena.<\/p>\n<p>Kroppen l\u00e5g i sex veckor i sovrummet innan han \u201di panik\u201d ber\u00e4ttade om hennes d\u00f6d f\u00f6r en allm\u00e4nl\u00e4kare.\u00a0<\/p>\n<p>F\u00e5r livstid\u00a0<\/p>\n<p>Polisen hittade Garcias kropp i ett \u201dl\u00e5ngt framskridet skede av f\u00f6rruttnelse\u201d, ber\u00e4ttar \u00e5klagaren. Den medicinska rapporten visar att hon \u00e5samkades ett sextiotal frakturer under tio veckors tid innan hon dog.\u00a0<\/p>\n<p>Sonen ska \u00e4ven ha f\u00f6rs\u00f6kt strypa henne veckorna innan han m\u00f6rdade henne.<\/p>\n<p>\u2013 De sista tio veckorna av Pepitas liv m\u00e5ste ha varit fruktansv\u00e4rda. Hon var utsvulten, svag, hade sv\u00e5rt att andas och m\u00e5ste ha k\u00e4nt st\u00e4ndig sm\u00e4rta, sa domaren Andrew Menary KC under r\u00e4tteg\u00e5ngen.\u00a0<\/p>\n<p><img loading=\"lazy\"   alt=\"\"\/><\/p>\n<p>Pepita Garcia, 75, m\u00f6rdades av sin son i sitt hem i Tottenham.<\/p>\n<p>Foto: Metropolitan Police<\/p>\n<p>\u00d6ppna bild i helsk\u00e4rm\u201dEn grym d\u00f6d\u201d\u00a0<\/p>\n<p>Mamman Pepita Garcia beskrivs som en \u201dlivfull och v\u00e4lkomnande kvinna\u201d. Hon var medlem i en buddhistisk grupp och engagerade sig som volont\u00e4r.<\/p>\n<p>V\u00e4nner till henne hade sedan tidigare slagit larm redan 2020 om att sonen utsatte sin mamma f\u00f6r fysisk misshandel. Mamman ville dock inte att sonen skulle \u00e5talas.\u00a0<\/p>\n<p>N\u00e4r sonen \u00e5terv\u00e4nde till henne i oktober 2024 eskalerade v\u00e5ldet och han br\u00f6t 17 av hennes revben.\u00a0<\/p>\n<p>\u2013 Hon utsattes f\u00f6r allt brutalare angrepp fr\u00e5n dig, den son hon \u00e4lskade och skyddade, sa domaren.\u00a0<\/p>\n<p>Nekar till brott\u00a0<\/p>\n<p>Whitton lider av paranoia, borderline och narcissistisk personlighetsst\u00f6rning, enligt uppgifter fr\u00e5n r\u00e4tteg\u00e5ngen.\u00a0<\/p>\n<p>Enligt domaren tyder hanteringen av kroppen p\u00e5 att sonen k\u00e4nner viss \u00e5nger.\u00a0<\/p>\n<p>\u2013 Den uppr\u00f6rande scenen tyder p\u00e5 att du k\u00e4nde sorg och viss \u00e5nger, samtidigt som du inte f\u00f6rm\u00e5dde ta till dig vad du hade gjort.<\/p>\n<p>Whitton nekar till anklagelserna.\u00a0<\/p>\n","protected":false},"excerpt":{"rendered":"Publicerad 14 jul 2026 kl 22.05 Dominic Whitton, 42, m\u00f6rdade sin mamma i hennes hem i Tottenham.\u00a0 Efter&hellip;\n","protected":false},"author":2,"featured_media":305575,"comment_status":"","ping_status":"","sticky":false,"template":"","format":"standard","meta":{"footnotes":"","_share_on_mastodon":"0"},"categories":[14],"tags":[22,23,26,27,17,21,24,25,433,199,28,29,15,16,4890,6756,18,34,55,31,33,32,30,19,436,20,51,52,53,54],"class_list":["post-305574","post","type-post","status-publish","format-standard","has-post-thumbnail","category-varlden","tag-breaking-news","tag-breakingnews","tag-featured-news","tag-featurednews","tag-headlines","tag-huvudnyheter","tag-latest-news","tag-latestnews","tag-location-london","tag-location-storbritannien","tag-main-news","tag-mainnews","tag-news","tag-nyheter","tag-organization-telegraph","tag-organization-tottenham","tag-rubriker","tag-se","tag-sections-varlden","tag-svenska","tag-sverige","tag-sweden","tag-swedish","tag-top-stories","tag-topic-valdsbrott-mord","tag-topstories","tag-varlden","tag-world","tag-world-news","tag-worldnews"],"share_on_mastodon":{"url":"https:\/\/pubeurope.com\/@se\/116920568047295164","error":""},"_links":{"self":[{"href":"https:\/\/www.europesays.com\/se\/wp-json\/wp\/v2\/posts\/305574","targetHints":{"allow":["GET"]}}],"collection":[{"href":"https:\/\/www.europesays.com\/se\/wp-json\/wp\/v2\/posts"}],"about":[{"href":"https:\/\/www.europesays.com\/se\/wp-json\/wp\/v2\/types\/post"}],"author":[{"embeddable":true,"href":"https:\/\/www.europesays.com\/se\/wp-json\/wp\/v2\/users\/2"}],"replies":[{"embeddable":true,"href":"https:\/\/www.europesays.com\/se\/wp-json\/wp\/v2\/comments?post=305574"}],"version-history":[{"count":0,"href":"https:\/\/www.europesays.com\/se\/wp-json\/wp\/v2\/posts\/305574\/revisions"}],"wp:featuredmedia":[{"embeddable":true,"href":"https:\/\/www.europesays.com\/se\/wp-json\/wp\/v2\/media\/305575"}],"wp:attachment":[{"href":"https:\/\/www.europesays.com\/se\/wp-json\/wp\/v2\/media?parent=305574"}],"wp:term":[{"taxonomy":"category","embeddable":true,"href":"https:\/\/www.europesays.com\/se\/wp-json\/wp\/v2\/categories?post=305574"},{"taxonomy":"post_tag","embeddable":true,"href":"https:\/\/www.europesays.com\/se\/wp-json\/wp\/v2\/tags?post=305574"}],"curies":[{"name":"wp","href":"https:\/\/api.w.org\/{rel}","templated":true}]}}