{"id":305586,"date":"2026-07-14T22:22:52","date_gmt":"2026-07-14T22:22:52","guid":{"rendered":"https:\/\/www.europesays.com\/se\/305586\/"},"modified":"2026-07-14T22:22:52","modified_gmt":"2026-07-14T22:22:52","slug":"darfor-dog-sam-neill-exflickvannen-berattar-om-dodsorsaken","status":"publish","type":"post","link":"https:\/\/www.europesays.com\/se\/305586\/","title":{"rendered":"D\u00e4rf\u00f6r dog Sam Neill \u2013 exflickv\u00e4nnen ber\u00e4ttar om d\u00f6dsorsaken"},"content":{"rendered":"<p>Uppdaterad 14 jul 2026 kl 15.41Publicerad 14 jul 2026 kl 13.08<\/p>\n<p>Sk\u00e5despelaren Sam Neill dog i m\u00e5ndags, 78 \u00e5r gammal.\u00a0<\/p>\n<p>Han var \u00e4ntligen cancerfri och nu ber\u00e4ttar m\u00e4nniskor som stod sk\u00e5despelaren n\u00e4ra att han var v\u00e4ldigt sjuk veckorna f\u00f6re sin d\u00f6d, enligt <a href=\"https:\/\/www.dailymail.com\/tvshowbiz\/article-15975327\/Was-Sam-Neills-cause-death-Jurassic-Park-star-pneumonia-died-ex-girlfriend-reveals-pretty-sick-two-weeks-passed-away.html?utm_source=sdrn%3Aaftonbladet%3Aarticle%3A2pjwLR\" rel=\"nofollow noopener\" target=\"_blank\">Daily Mail.\u00a0<\/a><\/p>\n<p><img   alt=\"\"\/><\/p>\n<p>Sam Neill.<\/p>\n<p>Foto: JACK ABUIN \/ STELLA PICTURES<\/p>\n<p>\u00d6ppna bild i helsk\u00e4rm<\/p>\n<p>Sam Neill drabbades av lunginflammation f\u00f6re sin d\u00f6d, enligt Daily Mail.\u00a0<\/p>\n<p>\u201dJurassic park\u201d-sk\u00e5despelarens tidigare flickv\u00e4n, ABC-journalisten Laura Tingle, s\u00e4ger till tidningen att sk\u00e5despelaren varit mycket sjuk veckorna f\u00f6re han somnade in.\u00a0<\/p>\n<p>\u2013 Hans stackars gamla kropp blev liksom utmattad, s\u00e4ger hon till ABC Radio Sydney, enligt Daily Mail.\u00a0<\/p>\n<p>Tingle ber\u00e4ttar ocks\u00e5 att de cellgiftsbehandlingar och immunterapi som han fick i samband med att han drabbades av blodcancer f\u00f6rsvagade hans immunf\u00f6rsvar.<\/p>\n<p>V\u00e4nnen och motspelaren Rima Te Wiata ber\u00e4ttar om sorgen:<\/p>\n<p>\u2013 Det suger verkligen. Som han sj\u00e4lv sa en g\u00e5ng var han inte r\u00e4dd f\u00f6r d\u00f6den, men han skulle ha blivit irriterad.\u00a0<\/p>\n<p>Blev cancerfri i april\u00a0<\/p>\n<p>P\u00e5 m\u00e5ndagen beskrev familjen d\u00f6dsfallet som pl\u00f6tsligt och ov\u00e4ntat i ett uttalande som publicerades p\u00e5 hans Instagram.\u00a0<\/p>\n<p>Enligt uttalandet dog han i Sydney i Australien, omgiven av sin familj.<\/p>\n<p>Sam Neill diagnosticerades 2022 med blodcancer men i april blev han cancerfri.\u00a0<\/p>\n<p>D\u00e5 beskrev Neill sj\u00e4lv beskedet som n\u00e5got extraordin\u00e4rt och sa att han var mycket, mycket glad \u00f6ver att det kunde h\u00e4nda.<\/p>\n","protected":false},"excerpt":{"rendered":"Uppdaterad 14 jul 2026 kl 15.41Publicerad 14 jul 2026 kl 13.08 Sk\u00e5despelaren Sam Neill dog i m\u00e5ndags, 78&hellip;\n","protected":false},"author":2,"featured_media":305587,"comment_status":"","ping_status":"","sticky":false,"template":"","format":"standard","meta":{"footnotes":"","_share_on_mastodon":"0"},"categories":[5],"tags":[22,23,26,27,17,21,24,25,28,29,15,16,18,34,31,33,32,30,19,427,18594,20],"class_list":["post-305586","post","type-post","status-publish","format-standard","has-post-thumbnail","category-rubriker","tag-breaking-news","tag-breakingnews","tag-featured-news","tag-featurednews","tag-headlines","tag-huvudnyheter","tag-latest-news","tag-latestnews","tag-main-news","tag-mainnews","tag-news","tag-nyheter","tag-rubriker","tag-se","tag-svenska","tag-sverige","tag-sweden","tag-swedish","tag-top-stories","tag-topic-dodsfall","tag-topic-svenska-skadespelare","tag-topstories"],"share_on_mastodon":{"url":"https:\/\/pubeurope.com\/@se\/116920674067026773","error":""},"_links":{"self":[{"href":"https:\/\/www.europesays.com\/se\/wp-json\/wp\/v2\/posts\/305586","targetHints":{"allow":["GET"]}}],"collection":[{"href":"https:\/\/www.europesays.com\/se\/wp-json\/wp\/v2\/posts"}],"about":[{"href":"https:\/\/www.europesays.com\/se\/wp-json\/wp\/v2\/types\/post"}],"author":[{"embeddable":true,"href":"https:\/\/www.europesays.com\/se\/wp-json\/wp\/v2\/users\/2"}],"replies":[{"embeddable":true,"href":"https:\/\/www.europesays.com\/se\/wp-json\/wp\/v2\/comments?post=305586"}],"version-history":[{"count":0,"href":"https:\/\/www.europesays.com\/se\/wp-json\/wp\/v2\/posts\/305586\/revisions"}],"wp:featuredmedia":[{"embeddable":true,"href":"https:\/\/www.europesays.com\/se\/wp-json\/wp\/v2\/media\/305587"}],"wp:attachment":[{"href":"https:\/\/www.europesays.com\/se\/wp-json\/wp\/v2\/media?parent=305586"}],"wp:term":[{"taxonomy":"category","embeddable":true,"href":"https:\/\/www.europesays.com\/se\/wp-json\/wp\/v2\/categories?post=305586"},{"taxonomy":"post_tag","embeddable":true,"href":"https:\/\/www.europesays.com\/se\/wp-json\/wp\/v2\/tags?post=305586"}],"curies":[{"name":"wp","href":"https:\/\/api.w.org\/{rel}","templated":true}]}}