{"id":305619,"date":"2026-07-14T23:28:33","date_gmt":"2026-07-14T23:28:33","guid":{"rendered":"https:\/\/www.europesays.com\/se\/305619\/"},"modified":"2026-07-14T23:28:33","modified_gmt":"2026-07-14T23:28:33","slug":"stort-taxikaos-rader-pa-taxi-stockholm-och-en-av-de-drabbade-ar-sofia-ronn-39","status":"publish","type":"post","link":"https:\/\/www.europesays.com\/se\/305619\/","title":{"rendered":"Stort taxikaos r\u00e5der p\u00e5 Taxi Stockholm, och en av de drabbade \u00e4r Sofia R\u00f6nn, 39"},"content":{"rendered":"<p>Uppdaterad 14 jul 2026 kl 10.06Publicerad 14 jul 2026 kl 09.57<\/p>\n<p>Stort taxikaos r\u00e5der p\u00e5 Taxi Stockholm, och i hela Europa.\u00a0<\/p>\n<p>En av de drabbade \u00e4r Sofia R\u00f6nn, 39, och henne bebis. \u00a0<\/p>\n<p>Sofias f\u00f6rbest\u00e4llda taxin har st\u00e4llts in \u2013 \u00e4nd\u00e5 har 300 kronor dragits fr\u00e5n hennes konto.<\/p>\n<p>\u2013 Oerh\u00f6rt frustrerande, s\u00e4ger hon.<\/p>\n<p><img   alt=\"\"\/><\/p>\n<p>Sofia R\u00f6nn, 39, blev st\u00e5ende med sin bebis.<\/p>\n<p>Foto: privat<\/p>\n<p>\u00d6ppna bild i helsk\u00e4rm<\/p>\n<p>Taxi Stockholm har omfattande tekniska problem. Kunder kan inte boka resor och f\u00f6rarna ser inte sina bokningar.\u00a0<\/p>\n<p>Sofia R\u00f6nn i Stockholm \u00e4r en av de som p\u00e5verkas.\u00a0<\/p>\n<p>Hon skulle \u00e5ka taxi p\u00e5 tisdagsf\u00f6rmiddagen.<\/p>\n<p>\u2013 Jag ska \u00e5ka med min lilla dotter, som \u00e4r nyf\u00f6dd, s\u00e5 jag valde att f\u00f6rboka, s\u00e4ger hon.<\/p>\n<p>Sofia R\u00f6nn bokade via appen, som hon brukar. Men sedan fick hon besked om att bilen inte kommer att komma.<\/p>\n<p>\u2013 Jag har f\u00f6rs\u00f6kt ringa till dem massor av g\u00e5nger, men det g\u00e5r inte att komma fram, s\u00e4ger hon.<\/p>\n<p>Stora problem f\u00f6r Taxi Stockholm<\/p>\n<p>P\u00e5 tisdagsmorgonen ins\u00e5g hon att hon nog m\u00e5ste anv\u00e4nda ett annat taxibolag, och hon gjorde en ny bokning.<\/p>\n<p>\u2013 N\u00e4r jag h\u00f6ll p\u00e5 att skriva till dem s\u00e5g jag att Taxi Stockholm dragit mina pengar fr\u00e5n Klarna. S\u00e5 nu m\u00e5ste jag h\u00e5lla p\u00e5 att mecka med det, s\u00e4ger hon.<\/p>\n<p>Taxi Stockholms problem har p\u00e5g\u00e5tt hela tisdagsmorgonen.<\/p>\n<p>\u201dP\u00e5 grund av driftstopp kan vi f\u00f6r n\u00e4rvarande inte ta emot n\u00e5gra bokningar. V\u00e4ntar du p\u00e5 en f\u00f6rsenad bil, se \u00f6ver alternativa resv\u00e4gar\u201d, skriver f\u00f6retaget p\u00e5 sin hemsida.<\/p>\n<p>Vd Pernilla Samuelsson uppger f\u00f6r <a href=\"https:\/\/www.svt.se\/nyheter\/lokalt\/stockholm\/storningar-hos-taxi-stockholm\" rel=\"nofollow noopener\" target=\"_blank\">SVT Nyheter<\/a> att det hela beror p\u00e5 en driftsst\u00f6rning hos Vodafone.<\/p>\n<p>\u2013 Det h\u00e4r \u00e4r den l\u00e4ngsta driftst\u00f6rningen vi har haft n\u00e5gon g\u00e5ng, s\u00e4ger hon.<\/p>\n<p>Enligt <a href=\"https:\/\/www.sverigesradio.se\/artikel\/tekniska-problem-stoppar-taxi-stockholms-bokningar\" rel=\"nofollow noopener\" target=\"_blank\">Ekot<\/a> \u00e4r det taxikaos p\u00e5 fler h\u00e5ll i Europa med minst 6 000 drabbade bilar.<\/p>\n<p>Expressen s\u00f6ker Taxi Stockholms ledning.<\/p>\n","protected":false},"excerpt":{"rendered":"Uppdaterad 14 jul 2026 kl 10.06Publicerad 14 jul 2026 kl 09.57 Stort taxikaos r\u00e5der p\u00e5 Taxi Stockholm, och&hellip;\n","protected":false},"author":2,"featured_media":305620,"comment_status":"","ping_status":"","sticky":false,"template":"","format":"standard","meta":{"footnotes":"","_share_on_mastodon":"0"},"categories":[5],"tags":[22,23,26,27,17,21,24,25,28,29,15,16,18,34,154,31,33,32,30,19,20],"class_list":["post-305619","post","type-post","status-publish","format-standard","has-post-thumbnail","category-rubriker","tag-breaking-news","tag-breakingnews","tag-featured-news","tag-featurednews","tag-headlines","tag-huvudnyheter","tag-latest-news","tag-latestnews","tag-main-news","tag-mainnews","tag-news","tag-nyheter","tag-rubriker","tag-se","tag-sections-sverige","tag-svenska","tag-sverige","tag-sweden","tag-swedish","tag-top-stories","tag-topstories"],"share_on_mastodon":{"url":"https:\/\/pubeurope.com\/@se\/116920929856216889","error":""},"_links":{"self":[{"href":"https:\/\/www.europesays.com\/se\/wp-json\/wp\/v2\/posts\/305619","targetHints":{"allow":["GET"]}}],"collection":[{"href":"https:\/\/www.europesays.com\/se\/wp-json\/wp\/v2\/posts"}],"about":[{"href":"https:\/\/www.europesays.com\/se\/wp-json\/wp\/v2\/types\/post"}],"author":[{"embeddable":true,"href":"https:\/\/www.europesays.com\/se\/wp-json\/wp\/v2\/users\/2"}],"replies":[{"embeddable":true,"href":"https:\/\/www.europesays.com\/se\/wp-json\/wp\/v2\/comments?post=305619"}],"version-history":[{"count":0,"href":"https:\/\/www.europesays.com\/se\/wp-json\/wp\/v2\/posts\/305619\/revisions"}],"wp:featuredmedia":[{"embeddable":true,"href":"https:\/\/www.europesays.com\/se\/wp-json\/wp\/v2\/media\/305620"}],"wp:attachment":[{"href":"https:\/\/www.europesays.com\/se\/wp-json\/wp\/v2\/media?parent=305619"}],"wp:term":[{"taxonomy":"category","embeddable":true,"href":"https:\/\/www.europesays.com\/se\/wp-json\/wp\/v2\/categories?post=305619"},{"taxonomy":"post_tag","embeddable":true,"href":"https:\/\/www.europesays.com\/se\/wp-json\/wp\/v2\/tags?post=305619"}],"curies":[{"name":"wp","href":"https:\/\/api.w.org\/{rel}","templated":true}]}}