{"id":305621,"date":"2026-07-14T23:36:14","date_gmt":"2026-07-14T23:36:14","guid":{"rendered":"https:\/\/www.europesays.com\/se\/305621\/"},"modified":"2026-07-14T23:36:14","modified_gmt":"2026-07-14T23:36:14","slug":"trump-betalar-miljoner-till-e-jean-carroll","status":"publish","type":"post","link":"https:\/\/www.europesays.com\/se\/305621\/","title":{"rendered":"Trump betalar miljoner till E Jean Carroll"},"content":{"rendered":"<p>Publicerad 14 jul 2026 kl 23.52<\/p>\n<p>Efter en flera \u00e5r l\u00e5ng r\u00e4ttslig strid tvingas Trump betala.<\/p>\n<p>Nu har cirka 50 miljoner kronor f\u00f6rts \u00f6ver \u2013 till en kvinna som han utsatt f\u00f6r sexuella \u00f6vergrepp och \u00e4ven f\u00f6rtalat, skriver <a href=\"https:\/\/edition.cnn.com\/2026\/07\/14\/politics\/e-jean-carroll-payment-from-trump\" rel=\"nofollow noopener\" target=\"_blank\">CNN<\/a>.<\/p>\n<p><img   alt=\"\"\/> <\/p>\n<p>Foto: EDUARDO MUNOZ ALVAREZ \/ AP TT NYHETSBYR\u00c5N<\/p>\n<p>\u00d6ppna bild i helsk\u00e4rm<img loading=\"lazy\"   alt=\"\"\/><\/p>\n<p>Donald Trump har nu betalat drygt 50 miljoner kronor till E. Jean Carrol.<\/p>\n<p>Foto: &#8211; POOL VIA CNP\/SHUTTERSTOCK \/ SHUTTERSTOCK EDITORIAL\/IBL<\/p>\n<p>\u00d6ppna bild i helsk\u00e4rmArtikeln i korthet<\/p>\n<p> Trump tvingas nu betala omkring 54 miljoner kronor till E. Jean Carroll efter domarna om sexuella \u00f6vergrepp och f\u00f6rtal.<\/p>\n<p> Pengarna har nu f\u00f6rts \u00f6ver till Carrolls advokater efter att H\u00f6gsta domstolen sagt nej till att ta upp fallet<\/p>\n<p> Trots utbetalningen t\u00e4nker Trump forts\u00e4tta f\u00f6rs\u00f6ka f\u00e5 m\u00e5let pr\u00f6vat.<\/p>\n<p>Visa mer<\/p>\n<p>En enh\u00e4llig jury fann <a href=\"https:\/\/www.expressen.se\/tagg\/person\/donald-trump\/\" class=\"\" rel=\"nofollow noopener\" target=\"_blank\">Donald Trump<\/a> f\u00f6r tre \u00e5r sedan skyldig till att ha utsatt den tidigare journalisten E. Jean Carroll f\u00f6r sexuella \u00f6vergrepp och f\u00f6rtal, enligt CNN. Det sexuella \u00f6vergreppet ska ha skett i ett varuhus i New York i mitten av 1990-talet.<\/p>\n<p>Dagen efter domen kallade Trump Carroll f\u00f6r en \u201dgalning\u201d och menade att anklagelserna var p\u00e5hittade. Trump har gjort flera f\u00f6rs\u00f6k att \u00e4ndra domens utfall och stoppa betalningen.<\/p>\n<p>Presidentens senaste var att f\u00e5 H\u00f6gsta domstolen att pr\u00f6va fallet och h\u00e4vda att betalningen inte kunde genomf\u00f6ras f\u00f6rr\u00e4n de hade tagit sig an fallet. Trumps advokater bad om att skjuta upp betalningen till 14 juli.\u00a0<\/p>\n<p>\u201dF\u00f6rhalat m\u00e5let i \u00e5r\u201d<\/p>\n<p>H\u00f6gsta domstolen har inte tagit sig an fallet, och nu visar domstolshandlingar att skadest\u00e5ndet och r\u00e4ntan p\u00e5 det, som uppg\u00e5r till cirka 54 miljoner kronor, har \u00f6verf\u00f6rts till E. Jean Carrolls advokater. Detta efter att Carroll skickat in en beg\u00e4ran till en federal domstol d\u00e4r hon tvingade presidenten att betala, enligt <a href=\"https:\/\/www.nytimes.com\/2026\/07\/14\/nyregion\/carroll-trump-settlement-million.html\" rel=\"nofollow noopener\" target=\"_blank\">New York Times<\/a>.<\/p>\n<p>Domaren som beslutade att Trump beh\u00f6vde betala menade att presidenten hade \u201df\u00f6rhalat m\u00e5let i \u00e5r\u201d och att det nu var dags att betala.<\/p>\n<p>Hennes advokater uppger att pengarna ska g\u00e5 till hennes pension men att hon \u00e4ven kommer att s\u00e4tta in en del p\u00e5 \u201dett r\u00e4nteb\u00e4rande konto tills svarandens beg\u00e4ran om ompr\u00f6vning har avslagits\u201d.<\/p>\n<p>Detta eftersom Trump inte har gett upp f\u00f6rs\u00f6ket att f\u00e5 fallet avskrivet. Presidenten har sagt att han kommer att l\u00e4mna in \u00e4nnu en beg\u00e4ran till H\u00f6gsta domstolen, d\u00e4r han vill pr\u00f6va om hans presidentimmunitet kan f\u00e5 bort fallet. Den skriftliga inlagan v\u00e4ntas l\u00e4mna in i slutet av m\u00e5naden.<\/p>\n","protected":false},"excerpt":{"rendered":"Publicerad 14 jul 2026 kl 23.52 Efter en flera \u00e5r l\u00e5ng r\u00e4ttslig strid tvingas Trump betala. Nu har&hellip;\n","protected":false},"author":2,"featured_media":305622,"comment_status":"","ping_status":"","sticky":false,"template":"","format":"standard","meta":{"footnotes":"","_share_on_mastodon":"0"},"categories":[5],"tags":[22,23,26,27,17,21,24,25,28,29,15,16,198,18,34,55,31,33,32,30,19,136,20],"class_list":["post-305621","post","type-post","status-publish","format-standard","has-post-thumbnail","category-rubriker","tag-breaking-news","tag-breakingnews","tag-featured-news","tag-featurednews","tag-headlines","tag-huvudnyheter","tag-latest-news","tag-latestnews","tag-main-news","tag-mainnews","tag-news","tag-nyheter","tag-person-donald-trump","tag-rubriker","tag-se","tag-sections-varlden","tag-svenska","tag-sverige","tag-sweden","tag-swedish","tag-top-stories","tag-topic-rattegangar-domar","tag-topstories"],"share_on_mastodon":{"url":"https:\/\/pubeurope.com\/@se\/116920961394266724","error":""},"_links":{"self":[{"href":"https:\/\/www.europesays.com\/se\/wp-json\/wp\/v2\/posts\/305621","targetHints":{"allow":["GET"]}}],"collection":[{"href":"https:\/\/www.europesays.com\/se\/wp-json\/wp\/v2\/posts"}],"about":[{"href":"https:\/\/www.europesays.com\/se\/wp-json\/wp\/v2\/types\/post"}],"author":[{"embeddable":true,"href":"https:\/\/www.europesays.com\/se\/wp-json\/wp\/v2\/users\/2"}],"replies":[{"embeddable":true,"href":"https:\/\/www.europesays.com\/se\/wp-json\/wp\/v2\/comments?post=305621"}],"version-history":[{"count":0,"href":"https:\/\/www.europesays.com\/se\/wp-json\/wp\/v2\/posts\/305621\/revisions"}],"wp:featuredmedia":[{"embeddable":true,"href":"https:\/\/www.europesays.com\/se\/wp-json\/wp\/v2\/media\/305622"}],"wp:attachment":[{"href":"https:\/\/www.europesays.com\/se\/wp-json\/wp\/v2\/media?parent=305621"}],"wp:term":[{"taxonomy":"category","embeddable":true,"href":"https:\/\/www.europesays.com\/se\/wp-json\/wp\/v2\/categories?post=305621"},{"taxonomy":"post_tag","embeddable":true,"href":"https:\/\/www.europesays.com\/se\/wp-json\/wp\/v2\/tags?post=305621"}],"curies":[{"name":"wp","href":"https:\/\/api.w.org\/{rel}","templated":true}]}}