{"id":305658,"date":"2026-07-15T01:09:22","date_gmt":"2026-07-15T01:09:22","guid":{"rendered":"https:\/\/www.europesays.com\/se\/305658\/"},"modified":"2026-07-15T01:09:22","modified_gmt":"2026-07-15T01:09:22","slug":"splittrat-mottagande-nar-mjukvarubolagen-rapporterar","status":"publish","type":"post","link":"https:\/\/www.europesays.com\/se\/305658\/","title":{"rendered":"Splittrat mottagande n\u00e4r mjukvarubolagen rapporterar"},"content":{"rendered":"<p>Vitec straffas<\/p>\n<p class=\"font-sans text-base text-text-main dark:text-text-main-dark font-normal leading-[1.4]\">Vitec Software, som k\u00f6per och utvecklar mindre programvarubolag, \u00f6kade oms\u00e4ttningen med 15% till 935 Mkr i kvartalet. R\u00f6relseresultatet f\u00f6re f\u00f6rv\u00e4rvsavskrivningar, Ebita, steg lika mycket till 271 Mkr och marginalen landar p\u00e5 starka 29%.<\/p>\n<p class=\"font-sans text-base text-text-main dark:text-text-main-dark font-normal leading-[1.4]\">Trots det handlas aktien ned p\u00e5 rapporten. En f\u00f6rklaring kan vara att den organiska tillv\u00e4xten, allts\u00e5 tillv\u00e4xten rensad f\u00f6r f\u00f6rv\u00e4rv och valutaeffekter, stannade p\u00e5 l\u00e5ga 4%. Merparten av \u00f6kningen kommer med andra ord fr\u00e5n f\u00f6rv\u00e4rv, och f\u00f6r en aktie som redan halverats verkar marknaden vilja se mer kraft i den underliggande aff\u00e4ren.<\/p>\n<p class=\"font-sans text-base text-text-main dark:text-text-main-dark font-normal leading-[1.4]\">VD <strong>Olle Backman <\/strong>ser signaler om en b\u00e4ttre marknad. &#8221;Flera verksamheter rapporterar ett n\u00e5got f\u00f6rb\u00e4ttrat aff\u00e4rsklimat j\u00e4mf\u00f6rt med b\u00f6rjan av \u00e5ret&#8221;, skriver han i rapporten.<\/p>\n<p class=\"font-sans text-base text-text-main dark:text-text-main-dark font-normal leading-[1.4]\">F\u00f6rb\u00e4ttringen m\u00e4rks fr\u00e4mst i \u00f6kad marknadsaktivitet, kortare s\u00e4ljcykler och en starkare orderstock, \u00e4ven om effekten \u00e4nnu inte syns fullt ut i int\u00e4kterna.<\/p>\n<p class=\"font-sans text-base text-text-main dark:text-text-main-dark font-normal leading-[1.4]\">Under halv\u00e5ret har Vitec hunnit k\u00f6pa tv\u00e5 nya bolag, <strong>Autonet <\/strong>och <strong>Infometric<\/strong>, som tillsammans bidrog med 84 Mkr i oms\u00e4ttning.<\/p>\n<tr class=\"odd:bg-surf-grey dark:odd:bg-surf-grey-dark even:bg-surf-main dark:even:bg-surf-main-dark\">\n<p>Nyckeltal (Mkr)<\/p>\n<p>Q2 2026<\/p>\n<p>Q2 2025<\/p>\n<p>F\u00f6r\u00e4ndring<\/p>\n<\/tr>\n<tr class=\"odd:bg-surf-grey dark:odd:bg-surf-grey-dark even:bg-surf-main dark:even:bg-surf-main-dark\">\n<td colspan=\"1\" rowspan=\"1\" class=\"relative min-h-10 max-w-[250px] p-2 text-start wrap-break-word border-border dark:border-border-dark border-r border-b last:border-r-0 wrap-break-word\">\n<p>Nettooms\u00e4ttning<\/p>\n<\/td>\n<td colspan=\"1\" rowspan=\"1\" class=\"relative min-h-10 max-w-[250px] p-2 text-start wrap-break-word border-border dark:border-border-dark border-r border-b last:border-r-0 wrap-break-word\">\n<p>935<\/p>\n<\/td>\n<td colspan=\"1\" rowspan=\"1\" class=\"relative min-h-10 max-w-[250px] p-2 text-start wrap-break-word border-border dark:border-border-dark border-r border-b last:border-r-0 wrap-break-word\">\n<p>815<\/p>\n<\/td>\n<td colspan=\"1\" rowspan=\"1\" class=\"relative min-h-10 max-w-[250px] p-2 text-start wrap-break-word border-border dark:border-border-dark border-r border-b last:border-r-0 wrap-break-word\">\n<p>+15%<\/p>\n<\/td>\n<\/tr>\n<tr class=\"odd:bg-surf-grey dark:odd:bg-surf-grey-dark even:bg-surf-main dark:even:bg-surf-main-dark\">\n<td colspan=\"1\" rowspan=\"1\" class=\"relative min-h-10 max-w-[250px] p-2 text-start wrap-break-word border-border dark:border-border-dark border-r border-b last:border-r-0 wrap-break-word\">\n<p>Ebita<\/p>\n<\/td>\n<td colspan=\"1\" rowspan=\"1\" class=\"relative min-h-10 max-w-[250px] p-2 text-start wrap-break-word border-border dark:border-border-dark border-r border-b last:border-r-0 wrap-break-word\">\n<p>271<\/p>\n<\/td>\n<td colspan=\"1\" rowspan=\"1\" class=\"relative min-h-10 max-w-[250px] p-2 text-start wrap-break-word border-border dark:border-border-dark border-r border-b last:border-r-0 wrap-break-word\">\n<p>236<\/p>\n<\/td>\n<td colspan=\"1\" rowspan=\"1\" class=\"relative min-h-10 max-w-[250px] p-2 text-start wrap-break-word border-border dark:border-border-dark border-r border-b last:border-r-0 wrap-break-word\">\n<p>+15%<\/p>\n<\/td>\n<\/tr>\n<tr class=\"odd:bg-surf-grey dark:odd:bg-surf-grey-dark even:bg-surf-main dark:even:bg-surf-main-dark\">\n<td colspan=\"1\" rowspan=\"1\" class=\"relative min-h-10 max-w-[250px] p-2 text-start wrap-break-word border-border dark:border-border-dark border-r border-b last:border-r-0 wrap-break-word\">\n<p>Ebita-marginal<\/p>\n<\/td>\n<td colspan=\"1\" rowspan=\"1\" class=\"relative min-h-10 max-w-[250px] p-2 text-start wrap-break-word border-border dark:border-border-dark border-r border-b last:border-r-0 wrap-break-word\">\n<p>29%<\/p>\n<\/td>\n<td colspan=\"1\" rowspan=\"1\" class=\"relative min-h-10 max-w-[250px] p-2 text-start wrap-break-word border-border dark:border-border-dark border-r border-b last:border-r-0 wrap-break-word\">\n<p>29%<\/p>\n<\/td>\n<td colspan=\"1\" rowspan=\"1\" class=\"relative min-h-10 max-w-[250px] p-2 text-start wrap-break-word border-border dark:border-border-dark border-r border-b last:border-r-0 wrap-break-word\">\n<p>+0%<\/p>\n<\/td>\n<\/tr>\n<tr class=\"odd:bg-surf-grey dark:odd:bg-surf-grey-dark even:bg-surf-main dark:even:bg-surf-main-dark\">\n<td colspan=\"1\" rowspan=\"1\" class=\"relative min-h-10 max-w-[250px] p-2 text-start wrap-break-word border-border dark:border-border-dark border-r border-b last:border-r-0 wrap-break-word\">\n<p>Vinst per aktie, kr<\/p>\n<\/td>\n<td colspan=\"1\" rowspan=\"1\" class=\"relative min-h-10 max-w-[250px] p-2 text-start wrap-break-word border-border dark:border-border-dark border-r border-b last:border-r-0 wrap-break-word\">\n<p>2,98<\/p>\n<\/td>\n<td colspan=\"1\" rowspan=\"1\" class=\"relative min-h-10 max-w-[250px] p-2 text-start wrap-break-word border-border dark:border-border-dark border-r border-b last:border-r-0 wrap-break-word\">\n<p>2,64<\/p>\n<\/td>\n<td colspan=\"1\" rowspan=\"1\" class=\"relative min-h-10 max-w-[250px] p-2 text-start wrap-break-word border-border dark:border-border-dark border-r border-b last:border-r-0 wrap-break-word\">\n<p>+13%<\/p>\n<\/td>\n<\/tr>\n<tr class=\"odd:bg-surf-grey dark:odd:bg-surf-grey-dark even:bg-surf-main dark:even:bg-surf-main-dark\">\n<td colspan=\"1\" rowspan=\"1\" class=\"relative min-h-10 max-w-[250px] p-2 text-start wrap-break-word border-border dark:border-border-dark border-r border-b last:border-r-0 wrap-break-word\">\n<p>Kassafl\u00f6de l\u00f6pande verksamhet<\/p>\n<\/td>\n<td colspan=\"1\" rowspan=\"1\" class=\"relative min-h-10 max-w-[250px] p-2 text-start wrap-break-word border-border dark:border-border-dark border-r border-b last:border-r-0 wrap-break-word\">\n<p>92<\/p>\n<\/td>\n<td colspan=\"1\" rowspan=\"1\" class=\"relative min-h-10 max-w-[250px] p-2 text-start wrap-break-word border-border dark:border-border-dark border-r border-b last:border-r-0 wrap-break-word\">\n<p>85<\/p>\n<\/td>\n<td colspan=\"1\" rowspan=\"1\" class=\"relative min-h-10 max-w-[250px] p-2 text-start wrap-break-word border-border dark:border-border-dark border-r border-b last:border-r-0 wrap-break-word\">\n<p>+8%<\/p>\n<\/td>\n<\/tr>\n","protected":false},"excerpt":{"rendered":"Vitec straffas Vitec Software, som k\u00f6per och utvecklar mindre programvarubolag, \u00f6kade oms\u00e4ttningen med 15% till 935 Mkr i&hellip;\n","protected":false},"author":2,"featured_media":305659,"comment_status":"","ping_status":"","sticky":false,"template":"","format":"standard","meta":{"footnotes":"","_share_on_mastodon":"0"},"categories":[65],"tags":[72,70,71,15574,3218,34,31,33,32,30,29833],"class_list":["post-305658","post","type-post","status-publish","format-standard","has-post-thumbnail","category-ekonomi","tag-business","tag-economy","tag-ekonomi","tag-lime-technologies","tag-rapporter","tag-se","tag-svenska","tag-sverige","tag-sweden","tag-swedish","tag-vitec"],"share_on_mastodon":{"url":"https:\/\/pubeurope.com\/@se\/116921326823920036","error":""},"_links":{"self":[{"href":"https:\/\/www.europesays.com\/se\/wp-json\/wp\/v2\/posts\/305658","targetHints":{"allow":["GET"]}}],"collection":[{"href":"https:\/\/www.europesays.com\/se\/wp-json\/wp\/v2\/posts"}],"about":[{"href":"https:\/\/www.europesays.com\/se\/wp-json\/wp\/v2\/types\/post"}],"author":[{"embeddable":true,"href":"https:\/\/www.europesays.com\/se\/wp-json\/wp\/v2\/users\/2"}],"replies":[{"embeddable":true,"href":"https:\/\/www.europesays.com\/se\/wp-json\/wp\/v2\/comments?post=305658"}],"version-history":[{"count":0,"href":"https:\/\/www.europesays.com\/se\/wp-json\/wp\/v2\/posts\/305658\/revisions"}],"wp:featuredmedia":[{"embeddable":true,"href":"https:\/\/www.europesays.com\/se\/wp-json\/wp\/v2\/media\/305659"}],"wp:attachment":[{"href":"https:\/\/www.europesays.com\/se\/wp-json\/wp\/v2\/media?parent=305658"}],"wp:term":[{"taxonomy":"category","embeddable":true,"href":"https:\/\/www.europesays.com\/se\/wp-json\/wp\/v2\/categories?post=305658"},{"taxonomy":"post_tag","embeddable":true,"href":"https:\/\/www.europesays.com\/se\/wp-json\/wp\/v2\/tags?post=305658"}],"curies":[{"name":"wp","href":"https:\/\/api.w.org\/{rel}","templated":true}]}}