{"id":305869,"date":"2026-07-15T07:20:20","date_gmt":"2026-07-15T07:20:20","guid":{"rendered":"https:\/\/www.europesays.com\/se\/305869\/"},"modified":"2026-07-15T07:20:20","modified_gmt":"2026-07-15T07:20:20","slug":"svarta-ankan-carina-frodin-mordade-tva-man-slapps-inte","status":"publish","type":"post","link":"https:\/\/www.europesays.com\/se\/305869\/","title":{"rendered":"\u201dSvarta \u00e4nkan\u201d Carina Fr\u00f6din m\u00f6rdade tv\u00e5 m\u00e4n \u2013 sl\u00e4pps inte"},"content":{"rendered":"<p>PremiumElsladden var virad i fyra korslagda, h\u00e5rt \u00e5tdragna varv runt mannens hals.\u00a0<\/p>\n<p>Han blev \u201dSvarta \u00e4nkans\u201d f\u00f6rsta d\u00f6dsoffer.\u00a0<\/p>\n<p>Sju \u00e5r senare, 2010, eldade hon upp sin d\u00e5varande make.\u00a0<\/p>\n<p>Dubbelm\u00f6rdaren Carina Fr\u00f6din, 64, fick f\u00f6rra \u00e5ret avslag p\u00e5 sin ans\u00f6kan om tidsbest\u00e4mt straff.\u00a0<\/p>\n<p><img   alt=\"\"\/><\/p>\n<p>Carina Fr\u00f6din kallas \u201dSvarta \u00e4nkan\u201d.<\/p>\n<p>Foto: Polisen<\/p>\n<p>\u00d6ppna bild i helsk\u00e4rm<img loading=\"lazy\"   alt=\"\"\/>\u00d6ppna bild i helsk\u00e4rm<\/p>\n","protected":false},"excerpt":{"rendered":"PremiumElsladden var virad i fyra korslagda, h\u00e5rt \u00e5tdragna varv runt mannens hals.\u00a0 Han blev \u201dSvarta \u00e4nkans\u201d f\u00f6rsta d\u00f6dsoffer.\u00a0&hellip;\n","protected":false},"author":2,"featured_media":305870,"comment_status":"","ping_status":"","sticky":false,"template":"","format":"standard","meta":{"footnotes":"","_share_on_mastodon":"0"},"categories":[12],"tags":[22,23,26,27,17,21,24,25,29929,29928,4270,28,29,15,29930,16,103,18,34,666,31,33,32,30,19,136,436,20],"class_list":["post-305869","post","type-post","status-publish","format-standard","has-post-thumbnail","category-sverige","tag-breaking-news","tag-breakingnews","tag-featured-news","tag-featurednews","tag-headlines","tag-huvudnyheter","tag-latest-news","tag-latestnews","tag-location-arboga","tag-location-grangesberg","tag-location-ystad","tag-main-news","tag-mainnews","tag-news","tag-newsstory-niklas-svensson-om-klassiska-brott","tag-nyheter","tag-premium","tag-rubriker","tag-se","tag-sections-krim","tag-svenska","tag-sverige","tag-sweden","tag-swedish","tag-top-stories","tag-topic-rattegangar-domar","tag-topic-valdsbrott-mord","tag-topstories"],"share_on_mastodon":{"url":"https:\/\/pubeurope.com\/@se\/116922785987230938","error":""},"_links":{"self":[{"href":"https:\/\/www.europesays.com\/se\/wp-json\/wp\/v2\/posts\/305869","targetHints":{"allow":["GET"]}}],"collection":[{"href":"https:\/\/www.europesays.com\/se\/wp-json\/wp\/v2\/posts"}],"about":[{"href":"https:\/\/www.europesays.com\/se\/wp-json\/wp\/v2\/types\/post"}],"author":[{"embeddable":true,"href":"https:\/\/www.europesays.com\/se\/wp-json\/wp\/v2\/users\/2"}],"replies":[{"embeddable":true,"href":"https:\/\/www.europesays.com\/se\/wp-json\/wp\/v2\/comments?post=305869"}],"version-history":[{"count":0,"href":"https:\/\/www.europesays.com\/se\/wp-json\/wp\/v2\/posts\/305869\/revisions"}],"wp:featuredmedia":[{"embeddable":true,"href":"https:\/\/www.europesays.com\/se\/wp-json\/wp\/v2\/media\/305870"}],"wp:attachment":[{"href":"https:\/\/www.europesays.com\/se\/wp-json\/wp\/v2\/media?parent=305869"}],"wp:term":[{"taxonomy":"category","embeddable":true,"href":"https:\/\/www.europesays.com\/se\/wp-json\/wp\/v2\/categories?post=305869"},{"taxonomy":"post_tag","embeddable":true,"href":"https:\/\/www.europesays.com\/se\/wp-json\/wp\/v2\/tags?post=305869"}],"curies":[{"name":"wp","href":"https:\/\/api.w.org\/{rel}","templated":true}]}}