{"id":305924,"date":"2026-07-15T08:18:17","date_gmt":"2026-07-15T08:18:17","guid":{"rendered":"https:\/\/www.europesays.com\/se\/305924\/"},"modified":"2026-07-15T08:18:17","modified_gmt":"2026-07-15T08:18:17","slug":"viral-video-fran-yellowstone-bisonoxe-kastar-upp-man-i-luften","status":"publish","type":"post","link":"https:\/\/www.europesays.com\/se\/305924\/","title":{"rendered":"Viral video fr\u00e5n Yellowstone: Bisonoxe kastar upp man i luften"},"content":{"rendered":"<p>Publicerad 14 jul 2026 kl 20.35<\/p>\n<p>Den enorma bisonoxen jagar den 65-\u00e5rige mannen som springer f\u00f6r livet.<\/p>\n<p>Den g\u00e5r till attack mot honom och kastar honom n\u00e4stan tre meter upp i luften \u2013 och en video som f\u00e5ngar h\u00e4ndelsen har blivit viral.<\/p>\n<p>\u2013 Tack alla, jag m\u00e5r bra, s\u00e4ger Carl Isom-McDaniel som \u00f6verlevde men br\u00f6t l\u00e5rbenet p\u00e5 fyra st\u00e4llen.<\/p>\n<p><img   alt=\"\"\/><\/p>\n<p>1. Bisonoxen f\u00e5r syn p\u00e5 Carl Isom-McDonald och hans sonson i nationalparken Yellowstone.<\/p>\n<p>Foto: AGENZIA FOTOGRAMMA \/ STELLA PICTURES<\/p>\n<p>\u00d6ppna bild i helsk\u00e4rm<img loading=\"lazy\"   alt=\"\"\/><\/p>\n<p>2. Bisonoxen reser sig och g\u00e5r till attack.<\/p>\n<p>Foto: AGENZIA FOTOGRAMMA \/ STELLA PICTURES<\/p>\n<p>\u00d6ppna bild i helsk\u00e4rm<img loading=\"lazy\"   alt=\"\"\/><\/p>\n<p>3. Carl, 65, flyr undan bisonoxen.<\/p>\n<p>Foto: AGENZIA FOTOGRAMMA \/ STELLA PICTURES<\/p>\n<p>\u00d6ppna bild i helsk\u00e4rm<img loading=\"lazy\"   alt=\"\"\/><\/p>\n<p>4. Carl springer f\u00f6r livet undan den rasande bisonoxen.<\/p>\n<p>Foto: AGENZIA FOTOGRAMMA \/ STELLA PICTURES<\/p>\n<p>\u00d6ppna bild i helsk\u00e4rm<img loading=\"lazy\"   alt=\"\"\/><\/p>\n<p>5. Bisonoxen spetsar Carl med ena hornet.<\/p>\n<p>Foto: AGENZIA FOTOGRAMMA \/ STELLA PICTURES<\/p>\n<p>\u00d6ppna bild i helsk\u00e4rm<img loading=\"lazy\"   alt=\"\"\/><\/p>\n<p>6. Bisonoxen kastar upp Carl i luften.<\/p>\n<p>Foto: AGENZIA FOTOGRAMMA \/ STELLA PICTURES<\/p>\n<p>\u00d6ppna bild i helsk\u00e4rm<\/p>\n<p>Amerikanen Carl Isom-McDonald, 65, bes\u00f6kte nationalparken Yellowstone i USA med sin 13-\u00e5rige sonson. Det blev ett dramatiskt bes\u00f6k som slutade med att en bisonoxe jagade mannen och kastade honom h\u00f6gt i luften.<\/p>\n<p>Han \u00e4r tacksam f\u00f6r att det rasande djuret, som v\u00e4ger uppskattningsvis 900 kilo, inte d\u00f6dade honom.<\/p>\n<p>Artikeln i korthet<\/p>\n<p> En bisonoxe jagade en 65-\u00e5rig man i den amerikanska nationalparken Yellowstone och kastade upp honom i luften.<\/p>\n<p> En video som f\u00e5ngar h\u00e4ndelsen har blivit viral.<\/p>\n<p> Mannen \u00f6verlevde, men br\u00f6t l\u00e5rbenet p\u00e5 fyra st\u00e4llen.<\/p>\n<p>Visa mer\u201dHan var alldeles \u00f6ver mig\u201d<\/p>\n<p>\u2013 Jag l\u00e5g or\u00f6rlig p\u00e5 marken, han var alldeles \u00f6ver mig. Han kunde ha stampat p\u00e5 mig, st\u00e5ngat mig. Han han kunde ha gjort n\u00e4stan vad som helst f\u00f6r att ta mitt liv, men han gjorde inte det, s\u00e4ger Carl Isom-McDonald <a href=\"https:\/\/nypost.com\/2026\/07\/13\/us-news\/grandfather-tossed-in-the-air-by-yellowstone-bison-comes-out-of-surgery-with-a-surprising-message-for-the-animal\/\" rel=\"nofollow noopener\" target=\"_blank\">till amerikanska medier.<\/a>\u00a0<\/p>\n<p>\u201dTack alla, jag \u00e4r OK\u201d, skriver han p\u00e5 sin Facebook-sida.<\/p>\n<p>Han klarade sig undan \u00e4ventyret med livet i beh\u00e5ll. Men br\u00f6t l\u00e5rbenet p\u00e5 fyra st\u00e4llen.<\/p>\n<p>Isom-McDonald och pojken s\u00e5g en bisonoxe intill v\u00e4gen och stannade sin bil f\u00f6r att ta bilder \u2013 utan att veta att den redan var aggressiv och p\u00e5 d\u00e5ligt hum\u00f6r. Den hade redan attackerat bes\u00f6kare i nationalparken, bland dem en grupp ton\u00e5ringar som snabbt flydde n\u00e4r den gick till attack.<\/p>\n<p>Bisonoxen b\u00f6rjar jaga mannen<\/p>\n<p>Det ber\u00e4ttar fotografen Mike MacLeod som filmade hela den dramatiska bisonjakten \u2013 och hans video blev viral. Han s\u00e4ger att bisonoxen rullade sig i jorden och dammet, fick syn p\u00e5 de b\u00e5da som fotograferade och b\u00f6rjade jaga den \u00e4ldre mannen.<\/p>\n<p>\u2013 Bisonoxen slutar att rulla sig i dammet, han tittar mot dem. S\u00e5 snart de slutat fotografera st\u00e4ller sig bisonoxen upp. Jag ser att mannen blir orolig och vill avl\u00e4gsna sig, s\u00e4ger Mike MacLeod <a href=\"https:\/\/nypost.com\/2026\/07\/13\/us-news\/grandfather-tossed-in-the-air-by-yellowstone-bison-comes-out-of-surgery-with-a-surprising-message-for-the-animal\/\" rel=\"nofollow noopener\" target=\"_blank\">till amerikanska medier.<\/a>\u00a0<\/p>\n<p>\u2013 Jag ser p\u00e5 kroppsspr\u00e5ket att bisonoxen \u00e4r mycket, mycket arg, s\u00e4ger han.<\/p>\n<p>\u201dMycket, mycket arg bisonoxe\u201d<\/p>\n<p>Fotografen s\u00e4ger att sonsonen lyckades springa d\u00e4rifr\u00e5n. Men bisonoxen spetsade mannen med sitt v\u00e4nstra horn och kastade upp honom i luften. MacLeod och andra personer p\u00e5 platsen lyckades sjasa bort djuret \u2013 och tillkallade ambulans.<\/p>\n<p>\u2013 Mannen hade mycket ont, men var vid medvetande och sk\u00e4mtade hela tiden. Han ville se videon f\u00f6r att vara s\u00e4ker p\u00e5 att det hela inte var hans fel. Det var inte hans fel, man kan se fr\u00e5n b\u00f6rjan att det var en mycket, mycket arg bisonoxe, s\u00e4ger MacLeod.<\/p>\n<p>Han understryker att mannen och pojken befann sig p\u00e5 \u201drespektfullt avst\u00e5nd\u201d fr\u00e5n bisonoxen och att de inte hade provocerat den.<\/p>\n","protected":false},"excerpt":{"rendered":"Publicerad 14 jul 2026 kl 20.35 Den enorma bisonoxen jagar den 65-\u00e5rige mannen som springer f\u00f6r livet. Den&hellip;\n","protected":false},"author":2,"featured_media":305925,"comment_status":"","ping_status":"","sticky":false,"template":"","format":"standard","meta":{"footnotes":"","_share_on_mastodon":"0"},"categories":[14],"tags":[22,23,26,27,17,21,24,25,28,29,15,16,18,34,55,31,33,32,30,19,20,51,52,53,54],"class_list":["post-305924","post","type-post","status-publish","format-standard","has-post-thumbnail","category-varlden","tag-breaking-news","tag-breakingnews","tag-featured-news","tag-featurednews","tag-headlines","tag-huvudnyheter","tag-latest-news","tag-latestnews","tag-main-news","tag-mainnews","tag-news","tag-nyheter","tag-rubriker","tag-se","tag-sections-varlden","tag-svenska","tag-sverige","tag-sweden","tag-swedish","tag-top-stories","tag-topstories","tag-varlden","tag-world","tag-world-news","tag-worldnews"],"share_on_mastodon":{"url":"https:\/\/pubeurope.com\/@se\/116923013786827887","error":""},"_links":{"self":[{"href":"https:\/\/www.europesays.com\/se\/wp-json\/wp\/v2\/posts\/305924","targetHints":{"allow":["GET"]}}],"collection":[{"href":"https:\/\/www.europesays.com\/se\/wp-json\/wp\/v2\/posts"}],"about":[{"href":"https:\/\/www.europesays.com\/se\/wp-json\/wp\/v2\/types\/post"}],"author":[{"embeddable":true,"href":"https:\/\/www.europesays.com\/se\/wp-json\/wp\/v2\/users\/2"}],"replies":[{"embeddable":true,"href":"https:\/\/www.europesays.com\/se\/wp-json\/wp\/v2\/comments?post=305924"}],"version-history":[{"count":0,"href":"https:\/\/www.europesays.com\/se\/wp-json\/wp\/v2\/posts\/305924\/revisions"}],"wp:featuredmedia":[{"embeddable":true,"href":"https:\/\/www.europesays.com\/se\/wp-json\/wp\/v2\/media\/305925"}],"wp:attachment":[{"href":"https:\/\/www.europesays.com\/se\/wp-json\/wp\/v2\/media?parent=305924"}],"wp:term":[{"taxonomy":"category","embeddable":true,"href":"https:\/\/www.europesays.com\/se\/wp-json\/wp\/v2\/categories?post=305924"},{"taxonomy":"post_tag","embeddable":true,"href":"https:\/\/www.europesays.com\/se\/wp-json\/wp\/v2\/tags?post=305924"}],"curies":[{"name":"wp","href":"https:\/\/api.w.org\/{rel}","templated":true}]}}