{"id":30667,"date":"2025-09-15T11:09:15","date_gmt":"2025-09-15T11:09:15","guid":{"rendered":"https:\/\/www.europesays.com\/se\/30667\/"},"modified":"2025-09-15T11:09:15","modified_gmt":"2025-09-15T11:09:15","slug":"8-priser-till-starka-miniserien-adolescence-pa-nattens-emmygala","status":"publish","type":"post","link":"https:\/\/www.europesays.com\/se\/30667\/","title":{"rendered":"8 priser till starka miniserien &#8221;Adolescence&#8221; p\u00e5 nattens Emmygala"},"content":{"rendered":"<p>Netflix starka miniserie <a href=\"https:\/\/www.moviezine.se\/series\/adolescence\" rel=\"nofollow noopener\" target=\"_blank\">\u201dAdolescence\u201d<\/a> blev en av de stora vinnarna under 2025 \u00e5rs Emmygala.<\/p>\n<p>8 priser blev det totalt, bland annat f\u00f6r B\u00e4sta miniserie, B\u00e4sta regi (Philip Barantini) och B\u00e4sta manus (<strong>Jack Thorne<\/strong> med Stephen Graham). Priserna regnade \u00e4ven \u00f6ver seriens sk\u00e5despelare: Stephen Graham, Erik Doherty och <strong>Owen Cooper <\/strong>\u2013 som blott <a href=\"https:\/\/www.moviezine.se\/nyheter\/adolescence-stjarnan-owen-cooper-kan-skriva-tv-historia-pa-emmygalan\" rel=\"nofollow noopener\" target=\"_blank\">15 \u00e5r gammal blev historisk<\/a> som den yngste manlige sk\u00e5despelaren att vinna en Emmy.<\/p>\n<p>\u2013 Wow, det h\u00e4r \u00e4r s\u00e5 surrealistiskt. N\u00e4r jag b\u00f6rjade med teaterlektioner f\u00f6r ett par \u00e5r sen, trodde jag aldrig att jag skulle f\u00e5 komma till USA eller st\u00e5 h\u00e4r, sa Cooper i sitt tacktal.<\/p>\n<p><img loading=\"lazy\" height=\"1366\" width=\"1024\" class=\"wp-image-701055 sp-no-webp perfmatters-lazy\" alt=\"\" decoding=\"async\" src=\"https:\/\/www.europesays.com\/se\/wp-content\/uploads\/2025\/09\/emmys-owen-cooper-edited.jpg\"  data-\/> Owen Cooper skrev tv-historia som den yngste manlige Emmy-vinnaren. Foto: Facebook<\/p>\n<p>I kategorin B\u00e4sta manliga sk\u00e5despelare i en miniserie hade <strong>Stephen Graham<\/strong> starkt motst\u00e5nd fr\u00e5n bland andra Cooper Koch (\u201dMonsters\u201d), Jake Gyllenhaal (\u201dPresumed Innocent\u201d) och en oigenk\u00e4nnlig Colin Farrell (\u201dThe Penguin\u201d).<\/p>\n<p>\u2013 Det h\u00e4r h\u00e4nder vanligtvis inte grabbar som mig. Jag \u00e4r bara en unge fr\u00e5n Kirkby. Att st\u00e5 h\u00e4r idag framf\u00f6r kollegor och bli erk\u00e4nd \u00e4r \u00e4r det mest \u00f6dmjukande jag kan t\u00e4nka mig i mitt liv, och det visar att alla dr\u00f6mmar \u00e4r m\u00f6jliga, sa Graham under sitt tacktal.<\/p>\n<p>Miniserien p\u00e5 fyra avsnitt utspelas kring en brittisk skola, d\u00e4r en 13-\u00e5rig elev blir misst\u00e4nkt och gripen f\u00f6r ett fruktansv\u00e4rt brott. Varje avsnitt <a href=\"https:\/\/www.moviezine.se\/nyheter\/8-detaljer-om-adolescence-som-gor-serien-annu-mer-imponerande\" rel=\"nofollow noopener\" target=\"_blank\">utspelas i realtid<\/a> och spelades in helt utan klipp.<\/p>\n<p>MovieZines tv-redakt\u00f6r <a href=\"https:\/\/www.moviezine.se\/recensioner\/adolescence-ett-gripande-masterverk-i-en-enda-tagning-netflix\" rel=\"nofollow noopener\" target=\"_blank\">hyllade \u201dAdolescence\u201d med toppbetyg<\/a> inf\u00f6r premi\u00e4ren: \u201dDet h\u00e4r \u00e4r inte en miniserie som kommer att lyfta n\u00e5gons hum\u00f6r under en tuff dag. Det h\u00e4r \u00e4r en serie med riktigt m\u00f6rker. Men tack vare uts\u00f6kt sk\u00e5despel fr\u00e5n framf\u00f6r allt Stephen Graham och nykomlingen Owen Cooper, i huvudrollerna som far och son, samt ett imponerande foto, s\u00e5 \u00e4r det fullkomligt om\u00f6jligt att sluta titta.<\/p>\n<p>Vinnarna p\u00e5 Emmygalan 2025 i urval<\/p>\n<ul class=\"wp-block-list\">\n<li><strong>B\u00e4sta dramaserie:<\/strong> The Pitt<\/li>\n<li><strong>B\u00e4sta komediserie:<\/strong> The Studio<\/li>\n<li><strong>B\u00e4sta miniserie:<\/strong> Adolescence<\/li>\n<li><strong>B\u00e4sta reality\/t\u00e4vlingsprogram:<\/strong> The Traitors<\/li>\n<li><strong>B\u00e4sta talkshow:<\/strong> The Late Show With Stephen Colbert<\/li>\n<li><strong>B\u00e4sta sk\u00e5despelare i en dramaserie:<\/strong> Noah Wyle, The Pitt<\/li>\n<li><strong>B\u00e4sta sk\u00e5despelerska i en dramaserie:<\/strong> Britt Lower, Severance<\/li>\n<li><strong>B\u00e4sta manliga biroll i en dramaserie:<\/strong> Tramell Tillman, Severance<\/li>\n<li><strong>B\u00e4sta kvinnliga biroll i en dramaserie: <\/strong>Katherine LaNasa, The Pitt<\/li>\n<li><strong>B\u00e4sta sk\u00e5despelare i en miniserie: <\/strong>Stephen Graham, Adolescence<\/li>\n<li><strong>B\u00e4sta sk\u00e5despelerska i en miniserie:<\/strong> Cristin Milioti, The Penguin<\/li>\n<li><strong>B\u00e4sta sk\u00e5despelerska i en komediserie:<\/strong> Jean Smart, Hacks<\/li>\n<li><strong>B\u00e4sta sk\u00e5despelare i en komediserie:<\/strong> Seth Rogen, The Studio<\/li>\n<li><strong>B\u00e4sta kvinnliga biroll i en komediserie:<\/strong> Hannah Einbinder, Hacks<\/li>\n<li><strong>B\u00e4sta manliga biroll i en miniserie:<\/strong> Owen Cooper, Adolescence<\/li>\n<li><strong>B\u00e4sta kvinnliga biroll i en miniserie:<\/strong> Erin Doherty, Adolescence<\/li>\n<li><strong>B\u00e4sta manus f\u00f6r en dramaserie:<\/strong> Andor<\/li>\n<li><strong>B\u00e4sta manus f\u00f6r en miniserie:<\/strong> Adolescence<\/li>\n<li><strong>B\u00e4sta manus f\u00f6r en komediserie:<\/strong> The Studio<\/li>\n<li><strong>B\u00e4sta regi i en komediserie: <\/strong>Seth Rogen, The Studio<\/li>\n<li><strong>B\u00e4sta regi f\u00f6r en dramaserie: <\/strong>Adam Randall, Slow Horses<\/li>\n<li><strong>B\u00e4sta regi f\u00f6r en miniserie:<\/strong> Philip Barantini, Adolescence<\/li>\n<\/ul>\n<p>L\u00e4s ocks\u00e5: <a href=\"https:\/\/www.moviezine.se\/nyheter\/the-pitt-slog-favoriten-vinner-emmy-for-basta-dramaserie\" title=\"\u201dThe Pitt\u201d slog favoriten \u2013 vinner Emmy f\u00f6r B\u00e4sta dramaserie\" class=\"underline-custom !font-montserrat !font-bold !underline-offset-4 !decoration-4 !decoration-moviezine-green !text-md\" rel=\"nofollow noopener\" target=\"_blank\">\u201dThe Pitt\u201d slog favoriten \u2013 vinner Emmy f\u00f6r B\u00e4sta dramaserie<\/a><\/p>\n<p>L\u00e4s ocks\u00e5: <a href=\"https:\/\/www.moviezine.se\/nyheter\/komediserien-slar-emmy-rekord-the-studio-tar-hem-13-priser\" title=\"Komediserien sl\u00e5r Emmy-rekord: \u201dThe Studio\u201d tar hem 13 priser\" class=\"underline-custom !font-montserrat !font-bold !underline-offset-4 !decoration-4 !decoration-moviezine-green !text-md\" rel=\"nofollow noopener\" target=\"_blank\">Komediserien sl\u00e5r Emmy-rekord: \u201dThe Studio\u201d tar hem 13 priser<\/a><\/p>\n","protected":false},"excerpt":{"rendered":"Netflix starka miniserie \u201dAdolescence\u201d blev en av de stora vinnarna under 2025 \u00e5rs Emmygala. 8 priser blev det&hellip;\n","protected":false},"author":2,"featured_media":30668,"comment_status":"","ping_status":"","sticky":false,"template":"","format":"standard","meta":{"footnotes":""},"categories":[5],"tags":[22,23,3419,26,27,17,21,24,25,28,29,2399,15,16,18,34,31,33,32,30,19,20],"class_list":{"0":"post-30667","1":"post","2":"type-post","3":"status-publish","4":"format-standard","5":"has-post-thumbnail","7":"category-rubriker","8":"tag-breaking-news","9":"tag-breakingnews","10":"tag-emmys","11":"tag-featured-news","12":"tag-featurednews","13":"tag-headlines","14":"tag-huvudnyheter","15":"tag-latest-news","16":"tag-latestnews","17":"tag-main-news","18":"tag-mainnews","19":"tag-netflix","20":"tag-news","21":"tag-nyheter","22":"tag-rubriker","23":"tag-se","24":"tag-svenska","25":"tag-sverige","26":"tag-sweden","27":"tag-swedish","28":"tag-top-stories","29":"tag-topstories"},"share_on_mastodon":{"url":"","error":""},"_links":{"self":[{"href":"https:\/\/www.europesays.com\/se\/wp-json\/wp\/v2\/posts\/30667","targetHints":{"allow":["GET"]}}],"collection":[{"href":"https:\/\/www.europesays.com\/se\/wp-json\/wp\/v2\/posts"}],"about":[{"href":"https:\/\/www.europesays.com\/se\/wp-json\/wp\/v2\/types\/post"}],"author":[{"embeddable":true,"href":"https:\/\/www.europesays.com\/se\/wp-json\/wp\/v2\/users\/2"}],"replies":[{"embeddable":true,"href":"https:\/\/www.europesays.com\/se\/wp-json\/wp\/v2\/comments?post=30667"}],"version-history":[{"count":0,"href":"https:\/\/www.europesays.com\/se\/wp-json\/wp\/v2\/posts\/30667\/revisions"}],"wp:featuredmedia":[{"embeddable":true,"href":"https:\/\/www.europesays.com\/se\/wp-json\/wp\/v2\/media\/30668"}],"wp:attachment":[{"href":"https:\/\/www.europesays.com\/se\/wp-json\/wp\/v2\/media?parent=30667"}],"wp:term":[{"taxonomy":"category","embeddable":true,"href":"https:\/\/www.europesays.com\/se\/wp-json\/wp\/v2\/categories?post=30667"},{"taxonomy":"post_tag","embeddable":true,"href":"https:\/\/www.europesays.com\/se\/wp-json\/wp\/v2\/tags?post=30667"}],"curies":[{"name":"wp","href":"https:\/\/api.w.org\/{rel}","templated":true}]}}