{"id":307194,"date":"2026-07-16T13:23:17","date_gmt":"2026-07-16T13:23:17","guid":{"rendered":"https:\/\/www.europesays.com\/se\/307194\/"},"modified":"2026-07-16T13:23:17","modified_gmt":"2026-07-16T13:23:17","slug":"jd-vance-intervjuas-av-joe-rogan-om-epstein-affaren-vi-gjorde-bort-oss","status":"publish","type":"post","link":"https:\/\/www.europesays.com\/se\/307194\/","title":{"rendered":"JD Vance intervjuas av Joe Rogan om Epstein-aff\u00e4ren: \u201dVi gjorde bort oss\u201d"},"content":{"rendered":"<p>  <img alt=\"USA:s vicepresident JD Vance.\" class=\"_image_1jxax_84 layout-component layout-wide\" data-fullscreen- data-track-element-type=\"Article image fullscreen\" data-track-name=\"ImageFullscreen\" fetchpriority=\"high\" decoding=\"sync\" loading=\"eager\" height=\"3667\" itemprop=\"image\"  src=\"https:\/\/akamai.vgc.no\/v2\/images\/440657c2-cfb6-3492-868f-7b4cebc10d7e?format=auto&amp;w=40&amp;s=969f97c883a045c9f536b468ea5b6a7808f3be76\"  style=\"object-position:0% 0%\" width=\"5500\"\/>USA:s vicepresident JD Vance.  Foto: Nathan Howard\/AP\/TTVisa mer<\/p>\n<p class=\"_textTheme_zldsx_1 _lead_16k26_2 _lead_3ue4t_18 layout-component layout-normal layout-padded _lead_o6m9k_5 _leadTheme_1q6sv_1 body-large bold\">Trumpstyret har gjort misstag i hanteringen av Epsteinaff\u00e4ren, s\u00e4ger USA:s vicepresident JD Vance i en ny intervju.<\/p>\n<p class=\"_textTheme_zldsx_1 _paragraph_16k26_4 _paragraph_3ue4t_27 layout-component layout-normal layout-padded body-medium\">D\u00e5varande justitieministern Pam Bondi utlovade f\u00f6r mycket, som sedan inte visade sig st\u00e4mma, s\u00e4ger Vance i intervjun med podcastprofilen Joe Rogan.<\/p>\n<p class=\"_textTheme_zldsx_1 _paragraph_16k26_4 _paragraph_3ue4t_27 layout-component layout-normal layout-padded body-medium\">\u2013 Hon \u00f6verdrev vad vi hade och vad vi inte hade, s\u00e4ger Vance.<\/p>\n<p class=\"_textTheme_zldsx_1 _paragraph_16k26_4 _paragraph_3ue4t_27 layout-component layout-normal layout-padded body-medium\">Bondi uppgav bland annat att hon hade tillg\u00e5ng till en lista p\u00e5 den avlidne sexf\u00f6rbrytarens kunder, vilket skapade stora f\u00f6rv\u00e4ntningar bland aktivister p\u00e5 h\u00f6gerkanten, d\u00e4r Epsteinaff\u00e4ren blivit en viktig fr\u00e5ga. Men m\u00e5nga blev besvikna n\u00e4r dokumenten offentliggjordes och inte inneh\u00f6ll s\u00e5 mycket nyheter.<\/p>\n<p class=\"_textTheme_zldsx_1 _paragraph_16k26_4 _paragraph_3ue4t_27 layout-component layout-normal layout-padded body-medium\">Bondi fick l\u00e4mna sin post i april.<\/p>\n<p class=\"_textTheme_zldsx_1 _paragraph_16k26_4 _paragraph_3ue4t_27 layout-component layout-normal layout-padded body-medium\">\u2013 Vi gjorde bort oss n\u00e4r det g\u00e4ller v\u00e5r kommunikation kring Epsteinfilerna. S\u00e5 \u00e4r det, s\u00e4ger Vance.<\/p>\n","protected":false},"excerpt":{"rendered":"USA:s vicepresident JD Vance. Foto: Nathan Howard\/AP\/TTVisa mer Trumpstyret har gjort misstag i hanteringen av Epsteinaff\u00e4ren, s\u00e4ger USA:s&hellip;\n","protected":false},"author":2,"featured_media":307195,"comment_status":"","ping_status":"","sticky":false,"template":"","format":"standard","meta":{"footnotes":"","_share_on_mastodon":"0"},"categories":[14],"tags":[22,23,26,27,17,21,403,24,25,28,29,15,16,18,34,31,33,32,30,19,20,51,52,53,54],"class_list":["post-307194","post","type-post","status-publish","format-standard","has-post-thumbnail","category-varlden","tag-breaking-news","tag-breakingnews","tag-featured-news","tag-featurednews","tag-headlines","tag-huvudnyheter","tag-jd-vance","tag-latest-news","tag-latestnews","tag-main-news","tag-mainnews","tag-news","tag-nyheter","tag-rubriker","tag-se","tag-svenska","tag-sverige","tag-sweden","tag-swedish","tag-top-stories","tag-topstories","tag-varlden","tag-world","tag-world-news","tag-worldnews"],"share_on_mastodon":{"url":"https:\/\/pubeurope.com\/@se\/116929875769176574","error":""},"_links":{"self":[{"href":"https:\/\/www.europesays.com\/se\/wp-json\/wp\/v2\/posts\/307194","targetHints":{"allow":["GET"]}}],"collection":[{"href":"https:\/\/www.europesays.com\/se\/wp-json\/wp\/v2\/posts"}],"about":[{"href":"https:\/\/www.europesays.com\/se\/wp-json\/wp\/v2\/types\/post"}],"author":[{"embeddable":true,"href":"https:\/\/www.europesays.com\/se\/wp-json\/wp\/v2\/users\/2"}],"replies":[{"embeddable":true,"href":"https:\/\/www.europesays.com\/se\/wp-json\/wp\/v2\/comments?post=307194"}],"version-history":[{"count":0,"href":"https:\/\/www.europesays.com\/se\/wp-json\/wp\/v2\/posts\/307194\/revisions"}],"wp:featuredmedia":[{"embeddable":true,"href":"https:\/\/www.europesays.com\/se\/wp-json\/wp\/v2\/media\/307195"}],"wp:attachment":[{"href":"https:\/\/www.europesays.com\/se\/wp-json\/wp\/v2\/media?parent=307194"}],"wp:term":[{"taxonomy":"category","embeddable":true,"href":"https:\/\/www.europesays.com\/se\/wp-json\/wp\/v2\/categories?post=307194"},{"taxonomy":"post_tag","embeddable":true,"href":"https:\/\/www.europesays.com\/se\/wp-json\/wp\/v2\/tags?post=307194"}],"curies":[{"name":"wp","href":"https:\/\/api.w.org\/{rel}","templated":true}]}}