{"id":307604,"date":"2026-07-17T01:20:11","date_gmt":"2026-07-17T01:20:11","guid":{"rendered":"https:\/\/www.europesays.com\/se\/307604\/"},"modified":"2026-07-17T01:20:11","modified_gmt":"2026-07-17T01:20:11","slug":"jd-vance-israel-vill-sabba-forhandlingarna-med-iran","status":"publish","type":"post","link":"https:\/\/www.europesays.com\/se\/307604\/","title":{"rendered":"JD Vance: Israel vill sabba f\u00f6rhandlingarna med Iran"},"content":{"rendered":"<p>Sprickan mellan USA och Israel v\u00e4xer.<\/p>\n<p>Nu anklagar JD Vance Israel f\u00f6r att vilja sabotera f\u00f6rhandlingarna med Iran.<\/p>\n<p>\u2013 Det finns personer d\u00e4r som vill att kriget ska p\u00e5g\u00e5 p\u00e5 obest\u00e4md tid, s\u00e4ger han i Joe Rogans podcast.\u00a0<\/p>\n<p><img   alt=\"\"\/><\/p>\n<p>USA:s vicepresident JD Vance medverkade nyligen i Joe Rogans podd och pratade d\u00e5 om Israel.<\/p>\n<p>Foto: MARK SCHIEFELBEIN \/ AP \/ TT NYHETSBYR\u00c5N<\/p>\n<p>\u00d6ppna bild i helsk\u00e4rm<img loading=\"lazy\"   alt=\"\"\/> <\/p>\n<p>Foto: DEBBIE HILL\/UPI\/SHUTTERSTOCK \/ SHUTTERSTOCK EDITORIAL\/IBL<\/p>\n<p>\u00d6ppna bild i helsk\u00e4rm<img loading=\"lazy\"   alt=\"\"\/> <\/p>\n<p>Foto: ACTION PRESS \/ STELLA PICTURES<\/p>\n<p>\u00d6ppna bild i helsk\u00e4rm<\/p>\n<p>Israel och USA genomf\u00f6rde den 28 februari i \u00e5r en storskalig koordinerad attack mot Iran, som sedan dess utmynnat i ett storkrig. I mitten av juni kom parterna \u00f6verens med Iran om en vapenvila, som dock redan verkar vara ett minne blott. Den senaste veckan har USA och Iran anfallit varandra flera g\u00e5nger.<\/p>\n<p>ARTIKELN I KORTHET<\/p>\n<p> Sprickan mellan USA och Israel v\u00e4xer: JD Vance anklagar Israel f\u00f6r att vilja sabotera Iran-samtalen.<\/p>\n<p> Uppgifter pekar p\u00e5 att Netanyahu kan tj\u00e4na politiskt p\u00e5 fortsatt krig.<\/p>\n<p> Samtidigt \u00f6verv\u00e4ger USA marktrupper, enligt WSJ.<\/p>\n<p>Visa mer<\/p>\n<p>Under krigets g\u00e5ng har sammanh\u00e5llningen mellan USA och Israel, som \u00e4r n\u00e4ra allierade, stundvis f\u00f6rs\u00e4mrats. Bland annat har Donald Trump upprepade g\u00e5nger \u00f6ppet kritiserat Benjamin Netanyahu, och i privata samtal <a href=\"https:\/\/www.expressen.se\/nyheter\/varlden\/trumps-raseri--mot-israel-du--ar-fan-galen\/\" rel=\"nofollow noopener\" target=\"_blank\">kallat honom f\u00f6r \u201dgalen\u201d<\/a>.\u00a0<\/p>\n<p>Nu g\u00e5r \u00e4ven Trumps parh\u00e4st, vicepresident <a href=\"https:\/\/www.expressen.se\/tagg\/person\/jd-vance\/\" class=\"\" rel=\"nofollow noopener\" target=\"_blank\">JD Vance<\/a>, ut och pikar Israel. I ett avsnitt av podcasten \u201dJoe Rogan Experience\u201d h\u00e4vdar han att delar av den israeliska regeringen vill se ett l\u00e5ngvarigt krig med Iran.<\/p>\n<p>\u2013 Jag vet, utan minsta tvivel, att det har funnits personer inom den israeliska regeringen som faktiskt f\u00f6rs\u00f6ker f\u00e5 oss att backa fr\u00e5n f\u00f6rhandlingar eftersom de vill forts\u00e4tta den milit\u00e4ra insatsen, s\u00e4ger Vance enligt <a href=\"https:\/\/nypost.com\/2026\/07\/15\/us-news\/vance-tells-joe-rogan-israel-wants-to-keep-iran-war-going-indefinitely-trump-admin-screwed-up-on-epstein-files\/\" rel=\"nofollow noopener\" target=\"_blank\">New York Post.<\/a>\u00a0<\/p>\n<p>Enligt honom finns det \u201dpersoner inom systemet\u201d som g\u00f6r allt de kan f\u00f6r att p\u00e5verka den amerikanska opinionen till att sv\u00e4nga till f\u00f6rdel f\u00f6r kriget.<\/p>\n<p><img loading=\"lazy\"   alt=\"\"\/><\/p>\n<p>Israels premi\u00e4rminister Benjamin Netayahu \u00e4r pressad inf\u00f6r h\u00f6stens val, enligt en underr\u00e4ttelserapport.<\/p>\n<p>Foto: ZVULUN \/ POOL \/ SIPA \/ SHUTTERSTOCK EDITORIAL \/ IBL<\/p>\n<p>\u00d6ppna bild i helsk\u00e4rmK\u00e4llor: Netanyahu pressad<\/p>\n<p>Det \u00e4r inte f\u00f6rsta g\u00e5ngen liknande uppgifter dyker upp. Redan i samband med att vapenvilan skrevs under i juni uppgav <a href=\"https:\/\/www.expressen.se\/nyheter\/varlden\/kallor-israel-kommer-underminera-usas-avtal\/\" rel=\"nofollow noopener\" target=\"_blank\">underr\u00e4ttelsek\u00e4llor f\u00f6r Washington Post <\/a>att Israel skulle \u201dta steg som underminerar avtalet\u201d, och att man skulle forts\u00e4tta attackera Hizbollah i Libanon.<\/p>\n<p>I samma underr\u00e4ttelserapport framh\u00f6ll man att Netanyahu \u00e4r pressad inf\u00f6r h\u00f6stens val i Israel, och att hans fr\u00e4msta chans att klara sig kvar vid makten bygger p\u00e5 fortsatt och eskalerad krigf\u00f6ring.\u00a0<\/p>\n<p>Samtidigt kom under natten uppgifter om att <a href=\"https:\/\/www.expressen.se\/nyheter\/varlden\/uppgifter-trump-lutar-mot-att-utoka-kriget\/\" rel=\"nofollow noopener\" target=\"_blank\">USA lutar mot att eskalera kriget<\/a>. Bland annat \u00f6verv\u00e4ger Donald Trump att skicka marktrupper till den strategiskt viktiga Kharg-\u00f6n, uppger k\u00e4llor f\u00f6r Wall Street Journal.\u00a0<\/p>\n","protected":false},"excerpt":{"rendered":"Sprickan mellan USA och Israel v\u00e4xer. Nu anklagar JD Vance Israel f\u00f6r att vilja sabotera f\u00f6rhandlingarna med Iran.&hellip;\n","protected":false},"author":2,"featured_media":307605,"comment_status":"","ping_status":"","sticky":false,"template":"","format":"standard","meta":{"footnotes":"","_share_on_mastodon":"0"},"categories":[14],"tags":[387,1044,22,23,26,27,17,21,403,29935,30280,24,25,28,29,15,16,18,34,31,33,32,30,19,20,51,52,53,54],"class_list":["post-307604","post","type-post","status-publish","format-standard","has-post-thumbnail","category-varlden","tag-amerikansk-politik","tag-benjamin-netanyahu","tag-breaking-news","tag-breakingnews","tag-featured-news","tag-featurednews","tag-headlines","tag-huvudnyheter","tag-jd-vance","tag-krig-konflikt","tag-kriget-i-mellanostern","tag-latest-news","tag-latestnews","tag-main-news","tag-mainnews","tag-news","tag-nyheter","tag-rubriker","tag-se","tag-svenska","tag-sverige","tag-sweden","tag-swedish","tag-top-stories","tag-topstories","tag-varlden","tag-world","tag-world-news","tag-worldnews"],"share_on_mastodon":{"url":"https:\/\/pubeurope.com\/@se\/116932694990308176","error":""},"_links":{"self":[{"href":"https:\/\/www.europesays.com\/se\/wp-json\/wp\/v2\/posts\/307604","targetHints":{"allow":["GET"]}}],"collection":[{"href":"https:\/\/www.europesays.com\/se\/wp-json\/wp\/v2\/posts"}],"about":[{"href":"https:\/\/www.europesays.com\/se\/wp-json\/wp\/v2\/types\/post"}],"author":[{"embeddable":true,"href":"https:\/\/www.europesays.com\/se\/wp-json\/wp\/v2\/users\/2"}],"replies":[{"embeddable":true,"href":"https:\/\/www.europesays.com\/se\/wp-json\/wp\/v2\/comments?post=307604"}],"version-history":[{"count":0,"href":"https:\/\/www.europesays.com\/se\/wp-json\/wp\/v2\/posts\/307604\/revisions"}],"wp:featuredmedia":[{"embeddable":true,"href":"https:\/\/www.europesays.com\/se\/wp-json\/wp\/v2\/media\/307605"}],"wp:attachment":[{"href":"https:\/\/www.europesays.com\/se\/wp-json\/wp\/v2\/media?parent=307604"}],"wp:term":[{"taxonomy":"category","embeddable":true,"href":"https:\/\/www.europesays.com\/se\/wp-json\/wp\/v2\/categories?post=307604"},{"taxonomy":"post_tag","embeddable":true,"href":"https:\/\/www.europesays.com\/se\/wp-json\/wp\/v2\/tags?post=307604"}],"curies":[{"name":"wp","href":"https:\/\/api.w.org\/{rel}","templated":true}]}}