{"id":307787,"date":"2026-07-17T06:57:22","date_gmt":"2026-07-17T06:57:22","guid":{"rendered":"https:\/\/www.europesays.com\/se\/307787\/"},"modified":"2026-07-17T06:57:22","modified_gmt":"2026-07-17T06:57:22","slug":"kardashians-i-sorg-kris-jenners-mamma-dod","status":"publish","type":"post","link":"https:\/\/www.europesays.com\/se\/307787\/","title":{"rendered":"Kardashians i sorg \u2013 Kris Jenners mamma d\u00f6d"},"content":{"rendered":"<p>Uppdaterad 17 jul 2026 kl 01.28Publicerad 16 jul 2026 kl 21.45<\/p>\n<p>Kris Jenners mamma, Mary Jo Shannon, har d\u00f6tt.\u00a0<\/p>\n<p>Nu \u00e4r familjen i sorg.\u00a0<\/p>\n<p>\u201dDet finns inga ord som kan beskriva vad hon betytt f\u00f6r mig\u201d, skriver Kris Jenner<\/p>\n<p>Senaste n\u00f6jesklippen fr\u00e5n Expressen.<img   alt=\"\"\/><\/p>\n<p>Kris Jenner och hennes mamma \u201dMJ\u201d.<\/p>\n<p>Foto: E-Press\/TT<\/p>\n<p>\u00d6ppna bild i helsk\u00e4rm<img loading=\"lazy\"   alt=\"\"\/><\/p>\n<p>Kris Jenner.<\/p>\n<p>Foto: Vianney Le Caer \/ AP TT NYHETSBYR\u00c5N<\/p>\n<p>\u00d6ppna bild i helsk\u00e4rm<\/p>\n<p>Kardashian matriarken <a href=\"https:\/\/www.expressen.se\/tagg\/person\/kris-jenner\/\" class=\"\" rel=\"nofollow noopener\" target=\"_blank\">Kris Jenner<\/a> s\u00f6rjer bortg\u00e5ngen av sin mamma Mary Jo Shannon. I ett l\u00e5ngt inl\u00e4gg p\u00e5 Instagram skriver hon om vad \u201dMJ\u201d, betytt f\u00f6r henne.\u00a0<\/p>\n<p>\u201dMin mamma var hj\u00e4rtat i v\u00e5r familj. Hon l\u00e4rde mig allt som verkligen betyder n\u00e5got \u2013 att \u00e4lska sin familj villkorsl\u00f6st och helhj\u00e4rtat, att vara v\u00e4nlig, att alltid finnas d\u00e4r f\u00f6r dem man \u00e4lskar\u201d, skriver Kris.\u00a0<\/p>\n<p>\u201dMJ\u201d \u00e4r ett bekant ansikte f\u00f6r tittare av tv-programmet \u201dKeeping up with the Kardashians\u201d. Hon d\u00f6k upp i flera avsnitt av l\u00e5ngk\u00f6raren. \u00a0\u201dMJ\u201d blev 91 \u00e5r gammal.\u00a0<\/p>\n<p>Kris Jenner skriver vidare i sitt inl\u00e4gg att hon kommer sakna sina dagliga samtal med sina mamma och att familjens \u201dhj\u00e4rtan \u00e4r krossade\u201d.\u00a0<\/p>\n<p>\u201dMen vi finner tr\u00f6st i att en k\u00e4rlek som din aldrig verkligen l\u00e4mnar oss\u201d, skriver Kris Jenner.\u00a0<\/p>\n<p>Jenners pappa Roberrt Houghton och \u201dMJ\u201d separerade n\u00e4r Jenner var sju \u00e5r gammal. \u201dMJ\u201d gifte sig senare med aff\u00e4rsmannen Harry Shannon. De var ett par fram till att han dog i en bilolycka 2003, skriver <a href=\"https:\/\/people.com\/kris-jenner-announces-death-mom-mary-jo-mj-shannon-91-12020951\" rel=\"nofollow noopener\" target=\"_blank\">People<\/a>.\u00a0<\/p>\n","protected":false},"excerpt":{"rendered":"Uppdaterad 17 jul 2026 kl 01.28Publicerad 16 jul 2026 kl 21.45 Kris Jenners mamma, Mary Jo Shannon, har&hellip;\n","protected":false},"author":2,"featured_media":307788,"comment_status":"","ping_status":"","sticky":false,"template":"","format":"standard","meta":{"footnotes":"","_share_on_mastodon":"0"},"categories":[67],"tags":[104,30392,2028,34,31,33,32,30,105,74],"class_list":["post-307787","post","type-post","status-publish","format-standard","has-post-thumbnail","category-underhallning","tag-entertainment","tag-keeping-up-with-the-kardashians","tag-kris-jenner","tag-se","tag-svenska","tag-sverige","tag-sweden","tag-swedish","tag-underhallning","tag-usa"],"share_on_mastodon":{"url":"https:\/\/pubeurope.com\/@se\/116934020161322801","error":""},"_links":{"self":[{"href":"https:\/\/www.europesays.com\/se\/wp-json\/wp\/v2\/posts\/307787","targetHints":{"allow":["GET"]}}],"collection":[{"href":"https:\/\/www.europesays.com\/se\/wp-json\/wp\/v2\/posts"}],"about":[{"href":"https:\/\/www.europesays.com\/se\/wp-json\/wp\/v2\/types\/post"}],"author":[{"embeddable":true,"href":"https:\/\/www.europesays.com\/se\/wp-json\/wp\/v2\/users\/2"}],"replies":[{"embeddable":true,"href":"https:\/\/www.europesays.com\/se\/wp-json\/wp\/v2\/comments?post=307787"}],"version-history":[{"count":0,"href":"https:\/\/www.europesays.com\/se\/wp-json\/wp\/v2\/posts\/307787\/revisions"}],"wp:featuredmedia":[{"embeddable":true,"href":"https:\/\/www.europesays.com\/se\/wp-json\/wp\/v2\/media\/307788"}],"wp:attachment":[{"href":"https:\/\/www.europesays.com\/se\/wp-json\/wp\/v2\/media?parent=307787"}],"wp:term":[{"taxonomy":"category","embeddable":true,"href":"https:\/\/www.europesays.com\/se\/wp-json\/wp\/v2\/categories?post=307787"},{"taxonomy":"post_tag","embeddable":true,"href":"https:\/\/www.europesays.com\/se\/wp-json\/wp\/v2\/tags?post=307787"}],"curies":[{"name":"wp","href":"https:\/\/api.w.org\/{rel}","templated":true}]}}