{"id":30789,"date":"2025-09-15T13:18:26","date_gmt":"2025-09-15T13:18:26","guid":{"rendered":"https:\/\/www.europesays.com\/se\/30789\/"},"modified":"2025-09-15T13:18:26","modified_gmt":"2025-09-15T13:18:26","slug":"dispens-for-livsfarliga-kemikalien-metylenklorid-i-eskilstuna","status":"publish","type":"post","link":"https:\/\/www.europesays.com\/se\/30789\/","title":{"rendered":"Dispens f\u00f6r livsfarliga kemikalien metylenklorid i Eskilstuna"},"content":{"rendered":"<p><strong>INRIKES, MILJ\u00d6 Kemikalieinspektionen har beslutat att f\u00f6rnya dispensen f\u00f6r giftanv\u00e4ndningen p\u00e5 <a href=\"https:\/\/da.se\/tag\/shenzen-senior-technology-material\/\" rel=\"nofollow noopener\" target=\"_blank\">Senior Materials<\/a> fabrik i Eskilstuna.\u00a0Senior f\u00e5r nu <a href=\"https:\/\/da.se\/2025\/09\/beskedet-kemikalieinspektionen-beviljar-senior-fornyad-dispens\/\" rel=\"nofollow noopener\" target=\"_blank\">dispens f\u00f6r att anv\u00e4nda den giftiga kemikalien<\/a> metylenklorid i sin tillverkning av separatorfilm f\u00f6r litiumbatterier. Dispensen g\u00e4ller anv\u00e4ndning av 1 280 ton metylenklorid fr\u00e5n 1 oktober 2025 till 30 september 2027. Produktionen med metylenklorid startar efter \u00e5rsskiftet.<\/strong><\/p>\n<p>Det \u00e4r en mycket farlig produktion som man nu vill till\u00e5ta. <a href=\"https:\/\/riktpunkt.nu\/2024\/10\/nya-ron-om-vad-det-innebar-att-senior-material-far-slappa-ut-metylenklorid-i-eskilstuna\/\" rel=\"nofollow noopener\" target=\"_blank\">Riktpunkt<\/a> har tidigare skrivit om en amerikansk studie (som de svenska myndigheterna k\u00e4nner till), d\u00e4r tolv arbetare dog n\u00e4r de renoverade badrum d\u00e4r man anv\u00e4nde l\u00f6sningsmedlet metylenklorid f\u00f6r att reng\u00f6ra badkar. Efter studien kom nya regler i USA, och de f\u00f6rbjuder visserligen i stort sett all anv\u00e4ndning av metylenklorid, men myndigheterna kan givetvis ge dispens \u2013 precis som i Sverige.\u00a0Studien n\u00e4mns i <a href=\"https:\/\/www.av.se\/arbetsmiljoarbete-och-inspektioner\/publikationer\/foreskrifter\/organisatorisk-och-social-arbetsmiljo-afs-20154\/\" rel=\"nofollow noopener\" target=\"_blank\">Arbetsmilj\u00f6verkets skrift fr\u00e5n 2015<\/a> .<\/p>\n<p>Och det handlar inte bra om arbetsmilj\u00f6n, utan ocks\u00e5 om att f\u00f6retaget ska f\u00e5 sl\u00e4ppa ut 900 ton i luften varje \u00e5r. Milj\u00f6pr\u00f6vningsdelegationen och Mark- och milj\u00f6domstolen redan beslutat om detta. F\u00f6r att f\u00e5 perspektiv p\u00e5 vad som kommer att sl\u00e4ppas ut i Eskilstuna kan man se vad som h\u00e4nde p\u00e5 Cypern, d\u00e4r en fabrik sl\u00e4ppte ut 850 gr metylenklorid i timmen med en t\u00e4thet p\u00e5 88 mg per kubikmeter luft. Det \u00f6kade risken f\u00f6r hj\u00e4rncancer 6,5 g\u00e5nger. S\u00e5 h\u00e4r ser det ut med Senior Materials tillst\u00e5nd: 126\u00a0516 gram per timme, d\u00e4r merparten har en t\u00e4thet p\u00e5 200 mg per kubikmeter luft.<\/p>\n<p>Det finns med andra ord inga som helst urs\u00e4kter till att ge f\u00f6retaget dispens f\u00f6r utsl\u00e4ppen och riskera m\u00e4nniskors liv och h\u00e4lsa. De enda sk\u00e4len till att g\u00f6ra det \u00e4r f\u00f6retagets profit.<\/p>\n<p>\u2013 Vi \u00e4r f\u00f6rbannade. Vi hade hoppats p\u00e5 att de skulle s\u00e4ga nej, eller \u00e5tminstone st\u00e4lla h\u00f6gre krav, s\u00e4ger <a href=\"https:\/\/da.se\/2025\/09\/eskilstunabor-rasar-over-beslutet-vi-ar-forbannade\/\" rel=\"nofollow noopener\" target=\"_blank\">Katti Svedberg<\/a>,\u00a0ordf\u00f6rande f\u00f6r f\u00f6reningen Stoppa skadliga utsl\u00e4pp av milj\u00f6gifter (SSUAM). F\u00f6reningen menar att f\u00f6retaget fick precis som de ville med omedelbar verkst\u00e4llighet<\/p>\n<p>N\u00e4r det g\u00e4ller politikerna har b\u00e5de <a href=\"https:\/\/riktpunkt.nu\/2025\/05\/protesterna-mot-giftfabriken-i-eskilstuna-tvingade-kommunstyrlesen-pa-retratt\/\" rel=\"nofollow noopener\" target=\"_blank\">S och M gjort en kov\u00e4ndning<\/a> efter att ha varit positiva till anv\u00e4ndningen av metylenklorid\u00a0och drivit p\u00e5 f\u00f6r att f\u00e5 ig\u00e5ng produktionen i Eskilstuna. Man hade inte r\u00e4knat med folkets motst\u00e5nd, med ett stort antal demonstrationer och manifestationer och en protestlista med 45\u00a0000 namn.<\/p>\n<p>\u00c4nnu en g\u00e5ng handlar det om kapitalets profiter eller v\u00e5ra liv.<\/p>\n<p><a href=\"#\" rel=\"nofollow\" onclick=\"window.print(); return false;\" title=\"Printer Friendly, PDF &amp; Email\"><br \/>\n<img loading=\"lazy\" data-lazyloaded=\"1\" data-placeholder-resp=\"20x20\" width=\"20\" height=\"20\" decoding=\"async\" src=\"https:\/\/www.europesays.com\/se\/wp-content\/uploads\/2025\/09\/printfriendly-icon-md.png\" alt=\"Print Friendly, PDF &amp; Email\" class=\"pf-button-img\" style=\"width: 16px;height: 16px;\"\/>Skriv ut<br \/>\n<\/a><\/p>\n","protected":false},"excerpt":{"rendered":"INRIKES, MILJ\u00d6 Kemikalieinspektionen har beslutat att f\u00f6rnya dispensen f\u00f6r giftanv\u00e4ndningen p\u00e5 Senior Materials fabrik i Eskilstuna.\u00a0Senior f\u00e5r nu&hellip;\n","protected":false},"author":2,"featured_media":30790,"comment_status":"","ping_status":"","sticky":false,"template":"","format":"standard","meta":{"footnotes":""},"categories":[5],"tags":[22,23,3431,3432,26,27,3433,17,21,1389,24,25,28,29,3434,15,16,18,34,3435,1391,31,33,32,30,19,20],"class_list":{"0":"post-30789","1":"post","2":"type-post","3":"status-publish","4":"format-standard","5":"has-post-thumbnail","7":"category-rubriker","8":"tag-breaking-news","9":"tag-breakingnews","10":"tag-dispens","11":"tag-eskilstuna","12":"tag-featured-news","13":"tag-featurednews","14":"tag-giftutslapp","15":"tag-headlines","16":"tag-huvudnyheter","17":"tag-kommunisterna","18":"tag-latest-news","19":"tag-latestnews","20":"tag-main-news","21":"tag-mainnews","22":"tag-metylenklorid","23":"tag-news","24":"tag-nyheter","25":"tag-rubriker","26":"tag-se","27":"tag-seniormaterials","28":"tag-skp","29":"tag-svenska","30":"tag-sverige","31":"tag-sweden","32":"tag-swedish","33":"tag-top-stories","34":"tag-topstories"},"share_on_mastodon":{"url":"","error":""},"_links":{"self":[{"href":"https:\/\/www.europesays.com\/se\/wp-json\/wp\/v2\/posts\/30789","targetHints":{"allow":["GET"]}}],"collection":[{"href":"https:\/\/www.europesays.com\/se\/wp-json\/wp\/v2\/posts"}],"about":[{"href":"https:\/\/www.europesays.com\/se\/wp-json\/wp\/v2\/types\/post"}],"author":[{"embeddable":true,"href":"https:\/\/www.europesays.com\/se\/wp-json\/wp\/v2\/users\/2"}],"replies":[{"embeddable":true,"href":"https:\/\/www.europesays.com\/se\/wp-json\/wp\/v2\/comments?post=30789"}],"version-history":[{"count":0,"href":"https:\/\/www.europesays.com\/se\/wp-json\/wp\/v2\/posts\/30789\/revisions"}],"wp:featuredmedia":[{"embeddable":true,"href":"https:\/\/www.europesays.com\/se\/wp-json\/wp\/v2\/media\/30790"}],"wp:attachment":[{"href":"https:\/\/www.europesays.com\/se\/wp-json\/wp\/v2\/media?parent=30789"}],"wp:term":[{"taxonomy":"category","embeddable":true,"href":"https:\/\/www.europesays.com\/se\/wp-json\/wp\/v2\/categories?post=30789"},{"taxonomy":"post_tag","embeddable":true,"href":"https:\/\/www.europesays.com\/se\/wp-json\/wp\/v2\/tags?post=30789"}],"curies":[{"name":"wp","href":"https:\/\/api.w.org\/{rel}","templated":true}]}}