{"id":30793,"date":"2025-09-15T13:20:09","date_gmt":"2025-09-15T13:20:09","guid":{"rendered":"https:\/\/www.europesays.com\/se\/30793\/"},"modified":"2025-09-15T13:20:09","modified_gmt":"2025-09-15T13:20:09","slug":"shl-malvakten-dok-upp-pa-bjorklovens-traning","status":"publish","type":"post","link":"https:\/\/www.europesays.com\/se\/30793\/","title":{"rendered":"SHL-m\u00e5lvakten d\u00f6k upp \u2013 p\u00e5 Bj\u00f6rkl\u00f6vens tr\u00e4ning"},"content":{"rendered":"<p><strong>Hugo Alnefelt ing\u00e5r inte i HV71:s planer.<br \/>D\u00e5 deltog SHL-m\u00e5lvakten p\u00e5 Bj\u00f6rkl\u00f6vens frivilliga tr\u00e4ning under m\u00e5ndagen.<br \/>\u2013 Han tr\u00e4nar mer med Bj\u00f6rn Bjurling \u00e4n med oss, s\u00e4ger sportchefen Per Kentt\u00e4 till Hockeysverige.se.<\/strong><\/p>\n<p><img loading=\"lazy\" decoding=\"async\" width=\"1024\" height=\"658\" src=\"https:\/\/www.europesays.com\/se\/wp-content\/uploads\/2025\/09\/250123DW019-1024x658.webp.webp\" alt=\"Hugo Alnefelt\" class=\"wp-image-303704\"  \/>Hugo Alnefelt.<br \/><strong>Foto:<\/strong> David Wreland\/Bildbyr\u00e5n<\/p>\n<p>STOCKHOLM (HOCKEYSVERIGE.SE)<\/p>\n<p>Under m\u00e5ndagens tr\u00e4ning d\u00f6k ett ov\u00e4ntat ansikte upp p\u00e5 <a href=\"https:\/\/hockeysverige.se\/klubb\/if-bjorkloven\/\" rel=\"nofollow noopener\" target=\"_blank\">Bj\u00f6rkl\u00f6vens<\/a> istr\u00e4ning.<\/p>\n<p>Den <a href=\"https:\/\/hockeysverige.se\/klubb\/hv71\/\" rel=\"nofollow noopener\" target=\"_blank\">HV71<\/a>-kontrakterade m\u00e5lvakten <a href=\"https:\/\/hockeysverige.se\/spelare\/hugo-alnefelt\/\" rel=\"nofollow noopener\" target=\"_blank\">Hugo Alnefelt<\/a>, som i somras fick beskedet att han inte ing\u00e5r i klubbens planer, med p\u00e5 lagets frivilliga istr\u00e4ning.<\/p>\n<p>\u2013 Han tr\u00e4nar mer med Bj\u00f6rn Bjurling \u00e4n med oss. Vi hade frivillig tr\u00e4ning och Bj\u00f6rn fr\u00e5gade om han kunde k\u00f6ra med honom ocks\u00e5. Vi var inte allt f\u00f6r m\u00e5nga p\u00e5 is, s\u00e5 det var okej, s\u00e4ger sportchefen Per Kentt\u00e4 till Hockeysverige.se.<\/p>\n<p>Kentt\u00e4 \u00e4r tydlig med att n\u00e5gon v\u00e4rvning inte \u00e4r p\u00e5 tapeten just nu.<\/p>\n<p>\u2013 Det \u00e4r inte aktuellt, s\u00e4ger han.<\/p>\n<p>\u201dBara h\u00e4r och tr\u00e4nar\u201d<\/p>\n<p>Om Hugo Alnefelt sj\u00e4lv st\u00e4nger d\u00f6rren till Bj\u00f6rkl\u00f6ven?<\/p>\n<p>\u2013 Jag \u00e4r bara h\u00e4r och tr\u00e4nar med \u201dBj\u00f6rne\u201d, det \u00e4r inget annat \u00e4n s\u00e5, s\u00e4ger Alnefelt till <a href=\"https:\/\/www.vk.se\/2025-09-15\/tydliga-lovenbeskedet-inget-annat-an-sa-febf3\" rel=\"nofollow noopener\" target=\"_blank\">V\u00e4sterbottens-Kuriren<\/a>.<\/p>\n<p>Alnefelt har \u00e4nnu inte l\u00f6st n\u00e5gon ny klubbadress sedan det i somras stod klart att han inte skulle vara en del av HV71:s SHL-lag.<\/p>\n<p>\u2013 Jag \u00e4r \u00f6ppen f\u00f6r det mesta, det \u00e4r sv\u00e5rt att vara kr\u00e4sen nu, men jag gnuggar p\u00e5 och f\u00f6rs\u00f6ker bli s\u00e5 bra som m\u00f6jligt.<\/p>\n<p>Bj\u00f6rkl\u00f6ven har sedan tidigare Frans Tuohimaa och Olle Eriksson Ek p\u00e5 kontrakt inf\u00f6r den stundande s\u00e4songen i Hockeyallsvenskan.<\/p>\n","protected":false},"excerpt":{"rendered":"Hugo Alnefelt ing\u00e5r inte i HV71:s planer.D\u00e5 deltog SHL-m\u00e5lvakten p\u00e5 Bj\u00f6rkl\u00f6vens frivilliga tr\u00e4ning under m\u00e5ndagen.\u2013 Han tr\u00e4nar mer&hellip;\n","protected":false},"author":2,"featured_media":30794,"comment_status":"","ping_status":"","sticky":false,"template":"","format":"standard","meta":{"footnotes":""},"categories":[68],"tags":[621,34,133,134,111,110,31,33,32,30],"class_list":{"0":"post-30793","1":"post","2":"type-post","3":"status-publish","4":"format-standard","5":"has-post-thumbnail","7":"category-sport","8":"tag-hockeyallsvenskan","9":"tag-se","10":"tag-second-news","11":"tag-shl","12":"tag-sport","13":"tag-sports","14":"tag-svenska","15":"tag-sverige","16":"tag-sweden","17":"tag-swedish"},"share_on_mastodon":{"url":"","error":""},"_links":{"self":[{"href":"https:\/\/www.europesays.com\/se\/wp-json\/wp\/v2\/posts\/30793","targetHints":{"allow":["GET"]}}],"collection":[{"href":"https:\/\/www.europesays.com\/se\/wp-json\/wp\/v2\/posts"}],"about":[{"href":"https:\/\/www.europesays.com\/se\/wp-json\/wp\/v2\/types\/post"}],"author":[{"embeddable":true,"href":"https:\/\/www.europesays.com\/se\/wp-json\/wp\/v2\/users\/2"}],"replies":[{"embeddable":true,"href":"https:\/\/www.europesays.com\/se\/wp-json\/wp\/v2\/comments?post=30793"}],"version-history":[{"count":0,"href":"https:\/\/www.europesays.com\/se\/wp-json\/wp\/v2\/posts\/30793\/revisions"}],"wp:featuredmedia":[{"embeddable":true,"href":"https:\/\/www.europesays.com\/se\/wp-json\/wp\/v2\/media\/30794"}],"wp:attachment":[{"href":"https:\/\/www.europesays.com\/se\/wp-json\/wp\/v2\/media?parent=30793"}],"wp:term":[{"taxonomy":"category","embeddable":true,"href":"https:\/\/www.europesays.com\/se\/wp-json\/wp\/v2\/categories?post=30793"},{"taxonomy":"post_tag","embeddable":true,"href":"https:\/\/www.europesays.com\/se\/wp-json\/wp\/v2\/tags?post=30793"}],"curies":[{"name":"wp","href":"https:\/\/api.w.org\/{rel}","templated":true}]}}