{"id":308407,"date":"2026-07-17T18:54:16","date_gmt":"2026-07-17T18:54:16","guid":{"rendered":"https:\/\/www.europesays.com\/se\/308407\/"},"modified":"2026-07-17T18:54:16","modified_gmt":"2026-07-17T18:54:16","slug":"sam-larsson-tillbaka-i-ifk-goteborg-efter-4-359-dagar","status":"publish","type":"post","link":"https:\/\/www.europesays.com\/se\/308407\/","title":{"rendered":"Sam Larsson tillbaka i IFK G\u00f6teborg \u2013 efter 4\u00a0359 dagar"},"content":{"rendered":"<p>  <a class=\"_link_1wc6r_108\" href=\"https:\/\/aftonbladet.se\/av\/albin-ekstrom\" title=\"Albin Ekstr\u00f6m\" rel=\"nofollow noopener\" target=\"_blank\"><img alt=\"Bild av Albin Ekstr\u00f6m\" class=\"_image_1wc6r_85\" fetchpriority=\"low\" decoding=\"async\" itemprop=\"image\" loading=\"lazy\"  src=\"https:\/\/www.europesays.com\/se\/wp-content\/uploads\/2026\/07\/1784314452_14_581a6679-21c5-4174-8ca1-9b6fec7d07a6.png\"  width=\"480\"\/><\/a> Publicerad 20:34Uppdaterad 20:53 <img class=\"_image_1a8ez_62 layout-component layout-wide\" data-fullscreen- data-track-element-type=\"Article image fullscreen\" data-track-name=\"ImageFullscreen\" fetchpriority=\"high\" decoding=\"sync\" loading=\"eager\" height=\"57\" itemprop=\"image\"  src=\"https:\/\/www.europesays.com\/se\/wp-content\/uploads\/2026\/07\/3d2d7559fb35fd130f4911285f1a127f.jpg\"  style=\"object-position:50% 50%;aspect-ratio:1.7777777777777777;height:auto;object-fit:cover;width:100%\" width=\"102\"\/>  <\/p>\n<p class=\"_textTheme_16ipd_1 _lead_16k26_2 _lead_3ue4t_18 layout-component layout-normal layout-padded _lead_o6m9k_5 _leadTheme_cypwp_1 body-large bold\">Sam Larsson, 33, m\u00f6ttes av ett vilt jubel p\u00e5 Gamla Ullevi.<\/p>\n<p class=\"_textTheme_16ipd_1 _lead_16k26_2 _lead_3ue4t_18 layout-component layout-normal layout-padded _lead_o6m9k_5 _leadTheme_cypwp_1 body-large bold\">Han \u00e4r tillbaka i IFK G\u00f6teborg efter tolv \u00e5r utomlands.<\/p>\n<p class=\"_textTheme_16ipd_1 _paragraph_16k26_4 _paragraph_3ue4t_27 layout-component layout-normal layout-padded body-medium\">IFK G\u00f6teborg-tr\u00e4naren Stefan Billborn k\u00e4nde att det inte finns n\u00e5gon anledning att v\u00e4nta med sin hemv\u00e4ndare.<\/p>\n<p class=\"_textTheme_16ipd_1 _paragraph_16k26_4 _paragraph_3ue4t_27 layout-component layout-normal layout-padded body-medium\">F\u00f6r f\u00f6rsta g\u00e5ngen p\u00e5 4\u00a0359 dagar har Sam Larsson spelat match f\u00f6r Bl\u00e5vitt igen. 33-\u00e5ringen, <a href=\"https:\/\/www.aftonbladet.se\/sportbladet\/fotboll\/a\/7pBMPo\/sam-larsson-tillbaka-i-blavitt-kan-ge-tillbaka\" class=\"_link_16k26_32\" rel=\"nofollow noopener\" target=\"_blank\">som presenterades f\u00f6r tre dagar sedan<\/a>, byttes in mot Brommapojkarna i den 74:e minuten.<\/p>\n<ul class=\"_gallery_1f6gv_33\" tabindex=\"0\">\n<li class=\"_item_1f6gv_64\" data-index=\"0\"><img decoding=\"async\" alt=\"\" class=\"_image_1rh6a_27 _articleGallery_1rh6a_43\" data-fullscreen- width=\"1839\" height=\"1025\" itemprop=\"image\" loading=\"lazy\"  src=\"https:\/\/www.europesays.com\/se\/wp-content\/uploads\/2026\/07\/dafce27c-56c3-36e7-83d2-4d8b697bf20d.png\"  style=\"object-position:50% 50%;aspect-ratio:var(--gallery-aspect-ratio, 16 \/ 9)\"\/>Sam Larsson \u00e4r tillbaka i IFK G\u00f6teborg. Foto: TV4<\/li>\n<li class=\"_item_1f6gv_64\" data-index=\"1\"><img decoding=\"async\" alt=\"\" class=\"_image_1rh6a_27 _articleGallery_1rh6a_43\" data-fullscreen- width=\"4864\" height=\"3240\" itemprop=\"image\" loading=\"lazy\"  src=\"https:\/\/www.europesays.com\/se\/wp-content\/uploads\/2026\/07\/eabfd103-1db7-3cf5-bd86-7da38f352675.jpeg\"  style=\"object-position:50% 50%;aspect-ratio:var(--gallery-aspect-ratio, 16 \/ 9)\"\/>Sam Larsson. Foto: Bj\u00f6rn Larsson Rosvall\/TT<\/li>\n<\/ul>\n<p>Sam Larsson \u00e4r tillbaka i IFK G\u00f6teborg. Foto: TV4<\/p>\n<p class=\"_textTheme_16ipd_1 _paragraph_16k26_4 _paragraph_3ue4t_27 layout-component layout-normal layout-padded body-medium\">Senast Larsson spelade en match f\u00f6r IFK G\u00f6teborg var den 10 augusti 2014 i 2\u20132-matchen mot Malm\u00f6 FF.<\/p>\n<p class=\"_textTheme_16ipd_1 _paragraph_16k26_4 _paragraph_3ue4t_27 layout-component layout-normal layout-padded body-medium\">Han avslutade sin sejour i Turkiet med att g\u00f6ra tv\u00e5 m\u00e5l mot Alanyaspor den 16 maj.<\/p>\n<p class=\"_textTheme_16ipd_1 _paragraph_16k26_4 _paragraph_3ue4t_27 layout-component layout-normal layout-padded body-medium\">Sedan Larsson l\u00e4mnade IFK G\u00f6teborg 2014 har han spelat f\u00f6r Heerenveen och Feyenoord i Nederl\u00e4nderna, Dalian Pro i Kina, Antalyaspor och Karag\u00fcmr\u00fck i Turkiet.<\/p>\n<p class=\"_textTheme_16ipd_1 _paragraph_16k26_4 _paragraph_3ue4t_27 layout-component layout-normal layout-padded body-medium\"><a href=\"https:\/\/www.aftonbladet.se\/sportbladet\/fotboll\/a\/2pj6xx\/hansens-hjarnslapp-mot-ifk-goteborg-fick-rott-kort\" class=\"_link_16k26_32\" rel=\"nofollow noopener\" target=\"_blank\">IFK G\u00f6teborg vann \u00f6ver Brommapojkarna med 2\u20131<\/a>.<\/p>\n","protected":false},"excerpt":{"rendered":"Publicerad 20:34Uppdaterad 20:53 Sam Larsson, 33, m\u00f6ttes av ett vilt jubel p\u00e5 Gamla Ullevi. Han \u00e4r tillbaka i&hellip;\n","protected":false},"author":2,"featured_media":308408,"comment_status":"","ping_status":"","sticky":false,"template":"","format":"standard","meta":{"footnotes":"","_share_on_mastodon":"0"},"categories":[68],"tags":[458,1102,29712,34,111,110,31,33,32,30],"class_list":["post-308407","post","type-post","status-publish","format-standard","has-post-thumbnail","category-sport","tag-allsvenskan-i-fotboll","tag-ifk-goteborg","tag-sam-larsson","tag-se","tag-sport","tag-sports","tag-svenska","tag-sverige","tag-sweden","tag-swedish"],"share_on_mastodon":{"url":"https:\/\/pubeurope.com\/@se\/116936839896544716","error":""},"_links":{"self":[{"href":"https:\/\/www.europesays.com\/se\/wp-json\/wp\/v2\/posts\/308407","targetHints":{"allow":["GET"]}}],"collection":[{"href":"https:\/\/www.europesays.com\/se\/wp-json\/wp\/v2\/posts"}],"about":[{"href":"https:\/\/www.europesays.com\/se\/wp-json\/wp\/v2\/types\/post"}],"author":[{"embeddable":true,"href":"https:\/\/www.europesays.com\/se\/wp-json\/wp\/v2\/users\/2"}],"replies":[{"embeddable":true,"href":"https:\/\/www.europesays.com\/se\/wp-json\/wp\/v2\/comments?post=308407"}],"version-history":[{"count":0,"href":"https:\/\/www.europesays.com\/se\/wp-json\/wp\/v2\/posts\/308407\/revisions"}],"wp:featuredmedia":[{"embeddable":true,"href":"https:\/\/www.europesays.com\/se\/wp-json\/wp\/v2\/media\/308408"}],"wp:attachment":[{"href":"https:\/\/www.europesays.com\/se\/wp-json\/wp\/v2\/media?parent=308407"}],"wp:term":[{"taxonomy":"category","embeddable":true,"href":"https:\/\/www.europesays.com\/se\/wp-json\/wp\/v2\/categories?post=308407"},{"taxonomy":"post_tag","embeddable":true,"href":"https:\/\/www.europesays.com\/se\/wp-json\/wp\/v2\/tags?post=308407"}],"curies":[{"name":"wp","href":"https:\/\/api.w.org\/{rel}","templated":true}]}}