{"id":30880,"date":"2025-09-15T15:02:19","date_gmt":"2025-09-15T15:02:19","guid":{"rendered":"https:\/\/www.europesays.com\/se\/30880\/"},"modified":"2025-09-15T15:02:19","modified_gmt":"2025-09-15T15:02:19","slug":"flickan-hoggs-i-magen-och-ryggen-kniven-har-hittats","status":"publish","type":"post","link":"https:\/\/www.europesays.com\/se\/30880\/","title":{"rendered":"Flickan h\u00f6ggs i magen och ryggen \u2013 kniven har hittats"},"content":{"rendered":"<p>Den 17-\u00e5riga flicka som knivh\u00f6ggs i Bor\u00e5s under natten \u00e4r allvarligt skadad. Hon h\u00f6ggs med flera knivhugg i magen och ryggen, uppger polisen f\u00f6r Bor\u00e5s Tidning.<\/p>\n<p>\u2013 Hon blev illa knivskuren, s\u00e4ger polisens presstalesperson Johan H\u00e5kansson.<\/p>\n<p>En talesperson f\u00f6r S\u00f6dra \u00c4lvsborgs Sjukhus beskriver \u00e4nd\u00e5 tillst\u00e5ndet som stabilt.<\/p>\n<p>Kniven som tros ha anv\u00e4nts i attacken hittades i n\u00e4romr\u00e5det under morgonen. En annan 17-\u00e5rig flicka \u00e4r gripen och anh\u00e5llen. Exakt hur flickorna k\u00e4nner varandra \u00e4r oklart, men enligt polisen ska de ha haft n\u00e5gon form av relation.<\/p>\n<p>Omni \u00e4r politiskt obundna och oberoende. Vi str\u00e4var efter att ge fler perspektiv p\u00e5 nyheterna. Har du fr\u00e5gor eller synpunkter kring v\u00e5r rapportering? <a href=\"https:\/\/omni.se\/flickan-hoggs-i-magen-och-ryggen-kniven-har-hittats\/a\/mailto:redaktion@omni.se\" class=\"ArticleActions_contactLink__W2F1M\" rel=\"nofollow noopener\" target=\"_blank\">Kontakta redaktionen<\/a><\/p>\n","protected":false},"excerpt":{"rendered":"Den 17-\u00e5riga flicka som knivh\u00f6ggs i Bor\u00e5s under natten \u00e4r allvarligt skadad. Hon h\u00f6ggs med flera knivhugg i&hellip;\n","protected":false},"author":2,"featured_media":30881,"comment_status":"","ping_status":"","sticky":false,"template":"","format":"standard","meta":{"footnotes":"","_share_on_mastodon":"0"},"categories":[5],"tags":[3002,22,23,128,26,27,17,21,24,25,28,29,15,16,18,34,31,33,32,30,19,20,1084],"class_list":["post-30880","post","type-post","status-publish","format-standard","has-post-thumbnail","category-rubriker","tag-boras","tag-breaking-news","tag-breakingnews","tag-brott","tag-featured-news","tag-featurednews","tag-headlines","tag-huvudnyheter","tag-latest-news","tag-latestnews","tag-main-news","tag-mainnews","tag-news","tag-nyheter","tag-rubriker","tag-se","tag-svenska","tag-sverige","tag-sweden","tag-swedish","tag-top-stories","tag-topstories","tag-vastra-gotalands-lan"],"share_on_mastodon":{"url":"","error":""},"_links":{"self":[{"href":"https:\/\/www.europesays.com\/se\/wp-json\/wp\/v2\/posts\/30880","targetHints":{"allow":["GET"]}}],"collection":[{"href":"https:\/\/www.europesays.com\/se\/wp-json\/wp\/v2\/posts"}],"about":[{"href":"https:\/\/www.europesays.com\/se\/wp-json\/wp\/v2\/types\/post"}],"author":[{"embeddable":true,"href":"https:\/\/www.europesays.com\/se\/wp-json\/wp\/v2\/users\/2"}],"replies":[{"embeddable":true,"href":"https:\/\/www.europesays.com\/se\/wp-json\/wp\/v2\/comments?post=30880"}],"version-history":[{"count":0,"href":"https:\/\/www.europesays.com\/se\/wp-json\/wp\/v2\/posts\/30880\/revisions"}],"wp:featuredmedia":[{"embeddable":true,"href":"https:\/\/www.europesays.com\/se\/wp-json\/wp\/v2\/media\/30881"}],"wp:attachment":[{"href":"https:\/\/www.europesays.com\/se\/wp-json\/wp\/v2\/media?parent=30880"}],"wp:term":[{"taxonomy":"category","embeddable":true,"href":"https:\/\/www.europesays.com\/se\/wp-json\/wp\/v2\/categories?post=30880"},{"taxonomy":"post_tag","embeddable":true,"href":"https:\/\/www.europesays.com\/se\/wp-json\/wp\/v2\/tags?post=30880"}],"curies":[{"name":"wp","href":"https:\/\/api.w.org\/{rel}","templated":true}]}}