{"id":30884,"date":"2025-09-15T15:05:15","date_gmt":"2025-09-15T15:05:15","guid":{"rendered":"https:\/\/www.europesays.com\/se\/30884\/"},"modified":"2025-09-15T15:05:15","modified_gmt":"2025-09-15T15:05:15","slug":"kicken-och-kollegan-arett-par-framtidsplanen","status":"publish","type":"post","link":"https:\/\/www.europesays.com\/se\/30884\/","title":{"rendered":"Kicken och kollegan \u00e4r\nett par \u2013\u00a0framtidsplanen"},"content":{"rendered":"<p>Publicerad 15 sep 2025 kl 15.02Uppdaterad kl 15.30<\/p>\n<p>Christian \u201dKicken\u201d Lundqvist och kollegan Elin Wahlsten \u00e4r ett par \u2013 och det har de varit \u201den bra stund\u201d.<\/p>\n<p>F\u00f6r Expressen ber\u00e4ttar trummisen att det inte blev som planerat.\u00a0<\/p>\n<p>\u2013 Vi har varit sambor sedan ny\u00e5r, s\u00e4ger Kicken.\u00a0<\/p>\n<p><img   alt=\"\"\/><\/p>\n<p>Christian &#8221;Kicken&#8221; Lundqvist.<\/p>\n<p>Foto: JEPPE GUSTAFSSON \/ SHUTTERSTOCK EDITORIAL\/IBL<\/p>\n<p>\u00d6ppna bild i helsk\u00e4rm<\/p>\n<p>Vid premi\u00e4ren av f\u00f6rest\u00e4llningen \u201dTrassel\u201d p\u00e5 Oscarsteatern d\u00f6k Christian \u201dKicken\u201d Lundqvist, 54, upp i s\u00e4llskap med ett bekant ansikte: \u201dPostkodlotteriet\u201d-kollegan Elin Wahlsten, 35. Den tidigare Poodles-trummisen bekr\u00e4ftade d\u00e5 f\u00f6r <a href=\"https:\/\/www.aftonbladet.se\/nojesbladet\/a\/LM2gBR\/kicken-lundqvists-nya-karlek-19-ar-yngre-elin?utm_medium=rss\" rel=\"nofollow noopener\" target=\"_blank\">Aftonbladet<\/a> att de \u00e4r ett par.\u00a0<\/p>\n<p>N\u00e4r Expressen n\u00e5r tv-profilen ber\u00e4ttar han att de tr\u00e4ffades p\u00e5 jobbet f\u00f6r \u201den bra stund\u201d sen. Wahlsten arbetar som content manager p\u00e5 \u201dPostkodlotteriet\u201d sedan slutet av 2022, enligt LinkedIn.<\/p>\n<p>\u2013 Vi har varit sambo sedan ny\u00e5r. Och varit ihop ett bra tag innan det.\u00a0<\/p>\n<p><strong>Vem tog f\u00f6rsta steget?<\/strong><\/p>\n<p>\u2013 Oj, det \u00e4r ju en bra fr\u00e5ga n\u00e4r man \u00e4r p\u00e5 ett jobb. Det vet jag faktiskt inte. Saker och ting v\u00e4xer ju fram ibland. Det \u00e4r inte alltid att det blir som planerat. Vilket i och f\u00f6r sig \u00e4r r\u00e4tt nice, konstaterar Kicken.<\/p>\n<p><img loading=\"lazy\"   alt=\"\"\/><\/p>\n<p>Christian \u201dKicken\u201d Lundqvist och kollegan Elin Wahlsten.<\/p>\n<p>Foto: Karin T\u00f6rnblom\/TT \/ TT NYHETSBYR\u00c5N<\/p>\n<p>\u00d6ppna bild i helsk\u00e4rm\u201dH\u00e4nger ju inte p\u00e5 kontoret\u201d<\/p>\n<p>Att inleda en relation med en kollega kan vara klurigt, men f\u00f6r Kicken och Elin Wahlsten var det inte s\u00e5 komplicerat som det l\u00e5ter, enligt trummisen.\u00a0<\/p>\n<p>\u2013 Nej, allts\u00e5 jag h\u00e4nger ju inte p\u00e5 kontoret, s\u00e5 att s\u00e4ga. Jag \u00e4r ju mer ute p\u00e5 f\u00e4ltet. Men man ses ju p\u00e5 inspelningar, nej, det \u00e4r absolut inget problem. Det \u00e4r bara att h\u00e5lla is\u00e4r, s\u00e4ger han.<\/p>\n<p>\u00c4ven sambolivet fungerar bra och Kicken menar att det \u00e4r tack vare deras gemensamma intressen.<\/p>\n<p>\u2013 Den prim\u00e4ra prim\u00f6ren \u00e4r ju att man ska gilla samma saker. \u00c4ven om inte jag tycker om att g\u00e5 i kl\u00e4nning, men du f\u00f6rst\u00e5r vad jag menar. Man har samma typ av humor, man gillar samma typer av filmer och tycker om att hitta det stora i det lilla.<\/p>\n<p>Framtida frieriet: \u201dJa f\u00f6r fan\u201d<\/p>\n<p>Det har l\u00e4nge ryktats om en romans mellan Kicken och Elin Wahlsten men det har inte varit n\u00e5got de aktivt f\u00f6rs\u00f6kt h\u00e5lla hemligt, ber\u00e4ttar han.\u00a0<\/p>\n<p>\u2013 Det k\u00e4nns som att folk viker ut sig till h\u00f6ger och v\u00e4nster. Jag tycker det k\u00e4nns coolare att snacka om det n\u00e4r man har rullat p\u00e5 ett tag. Plus att det \u00e4r sk\u00f6nt att vara lite privat ocks\u00e5, s\u00e4ger han och forts\u00e4tter:<\/p>\n<p>\u2013 Allts\u00e5 vi har inte sprungit och g\u00f6mt oss p\u00e5 n\u00e5got s\u00e4tt, absolut inte. Vi har liksom umg\u00e5tts helt \u00f6ppet, man har \u00e4nd\u00e5 lagt ut bilder p\u00e5 stories. Det \u00e4r bara att man inte vill sitta i pressen och babbla om det. Men nu blev det s\u00e5, nu gick vi ut p\u00e5 en grej, d\u00e5 drar man i g\u00e5ng karusellen, s\u00e4ger han och skrattar.<\/p>\n<p><strong>Vad har ni f\u00f6r framtidsplaner d\u00e5? Finns det tankar p\u00e5 frieri?<\/strong><\/p>\n<p>\u2013 Ja, f\u00f6r fan! Det g\u00f6r det. Och det t\u00e4nkte jag att du skulle f\u00e5 veta f\u00f6rst, sk\u00e4mtar Kicken.\u00a0<\/p>\n<p>Vidare konstaterar han att de tar en dag i taget, mest p\u00e5 grund av att tv-profilen har en hektisk h\u00f6st framf\u00f6r sig. Vad han jobbar p\u00e5 kan han \u00e4nnu inte avsl\u00f6ja.\u00a0<\/p>\n<p>\u2013 Nu st\u00e5r vi d\u00e4r vi st\u00e5r och det k\u00e4nns bra. Sen f\u00e5r vi se vad framtiden utvisar, s\u00e4ger Kicken.\u00a0<\/p>\n","protected":false},"excerpt":{"rendered":"Publicerad 15 sep 2025 kl 15.02Uppdaterad kl 15.30 Christian \u201dKicken\u201d Lundqvist och kollegan Elin Wahlsten \u00e4r ett par&hellip;\n","protected":false},"author":2,"featured_media":30885,"comment_status":"","ping_status":"","sticky":false,"template":"","format":"standard","meta":{"footnotes":""},"categories":[67],"tags":[104,3439,34,31,33,32,30,310,547,105],"class_list":{"0":"post-30884","1":"post","2":"type-post","3":"status-publish","4":"format-standard","5":"has-post-thumbnail","7":"category-underhallning","8":"tag-entertainment","9":"tag-person-christian-lundqvist","10":"tag-se","11":"tag-svenska","12":"tag-sverige","13":"tag-sweden","14":"tag-swedish","15":"tag-topic-kandisar","16":"tag-topic-karlek-relationer","17":"tag-underhallning"},"share_on_mastodon":{"url":"","error":""},"_links":{"self":[{"href":"https:\/\/www.europesays.com\/se\/wp-json\/wp\/v2\/posts\/30884","targetHints":{"allow":["GET"]}}],"collection":[{"href":"https:\/\/www.europesays.com\/se\/wp-json\/wp\/v2\/posts"}],"about":[{"href":"https:\/\/www.europesays.com\/se\/wp-json\/wp\/v2\/types\/post"}],"author":[{"embeddable":true,"href":"https:\/\/www.europesays.com\/se\/wp-json\/wp\/v2\/users\/2"}],"replies":[{"embeddable":true,"href":"https:\/\/www.europesays.com\/se\/wp-json\/wp\/v2\/comments?post=30884"}],"version-history":[{"count":0,"href":"https:\/\/www.europesays.com\/se\/wp-json\/wp\/v2\/posts\/30884\/revisions"}],"wp:featuredmedia":[{"embeddable":true,"href":"https:\/\/www.europesays.com\/se\/wp-json\/wp\/v2\/media\/30885"}],"wp:attachment":[{"href":"https:\/\/www.europesays.com\/se\/wp-json\/wp\/v2\/media?parent=30884"}],"wp:term":[{"taxonomy":"category","embeddable":true,"href":"https:\/\/www.europesays.com\/se\/wp-json\/wp\/v2\/categories?post=30884"},{"taxonomy":"post_tag","embeddable":true,"href":"https:\/\/www.europesays.com\/se\/wp-json\/wp\/v2\/tags?post=30884"}],"curies":[{"name":"wp","href":"https:\/\/api.w.org\/{rel}","templated":true}]}}