{"id":30913,"date":"2025-09-15T15:38:11","date_gmt":"2025-09-15T15:38:11","guid":{"rendered":"https:\/\/www.europesays.com\/se\/30913\/"},"modified":"2025-09-15T15:38:11","modified_gmt":"2025-09-15T15:38:11","slug":"per-kenttas-svar-om-hugo-alnefelt-efter-mystiska-bilden-hockeyallsvenskan","status":"publish","type":"post","link":"https:\/\/www.europesays.com\/se\/30913\/","title":{"rendered":"Per Kentt\u00e4s svar om Hugo Alnefelt \u2013 efter mystiska bilden | Hockeyallsvenskan"},"content":{"rendered":"<p>Publicerad 15 sep 2025 kl 12.22Uppdaterad kl 13.53<\/p>\n<p>Hugo Alnefelt, som inte \u00e4r \u00f6nskv\u00e4rd av HV71 l\u00e4ngre, tr\u00e4nar just nu med Bj\u00f6rkl\u00f6ven.<\/p>\n<p>Men att det ska vara en aff\u00e4r p\u00e5 g\u00e5ng dementeras kraftigt av sportchefen Per Kentt\u00e4.<\/p>\n<p>\u2013 Det \u00e4r inte aktuellt, s\u00e4ger han.<\/p>\n<p><img   alt=\"\"\/> <\/p>\n<p>Foto: JOHAN L\u00d6F \/ BILDBYR\u00c5N<\/p>\n<p>\u00d6ppna bild i helsk\u00e4rm<\/p>\n<p>Under m\u00e5ndagsf\u00f6rmiddagen uppm\u00e4rksammades det p\u00e5 sociala medier att ett nytt ansikte syntes till ute p\u00e5 isen n\u00e4r <a href=\"https:\/\/www.expressen.se\/tagg\/organization\/bjorkloven\/\" class=\"\" rel=\"nofollow noopener\" target=\"_blank\">Bj\u00f6rkl\u00f6ven<\/a> tr\u00e4nade i Visionite Arena.<\/p>\n<p>Det r\u00f6rde sig om Hugo Alnefelt, som i somras fick beskedet av HV71 att han inte ing\u00e5r i klubbens planer l\u00e4ngre.<\/p>\n<p>Sedan dess har Alnefelt tr\u00e4nat p\u00e5 f\u00f6r egen hand, ibland med agenturen Playmaker Agency som samlar NHL- och SHL-spelare i Stockholm under sommarm\u00e5naderna.<\/p>\n<p>\u00c4n s\u00e5 l\u00e4nge har han inte hittat en ny klubb och det verkar inte vara p\u00e5 tal om att Bj\u00f6rkl\u00f6ven ska kontraktera honom.<\/p>\n<p>\u2013 Nej, ingen av v\u00e5ra m\u00e5lvakter \u00e4r skadade och det \u00e4r inte aktuellt mer \u00e4n att han tr\u00e4nar med oss. Inte just nu i alla fall, s\u00e4ger Per Kentt\u00e4 n\u00e4r Expressen f\u00e5r tag p\u00e5 honom under hockeyallsvenskans upptaktstr\u00e4ff.<\/p>\n<p><strong>Just nu&#8230;?<\/strong><\/p>\n<p>\u2013 Det vet man ju aldrig vad som h\u00e4nder. Men nej, det \u00e4r inte aktuellt.\u00a0<\/p>\n<p><a href=\"https:\/\/x.com\/poddplatsh\/status\/1967506003060289901?s=46&amp;t=vCarVq-BB5y20yzNsToHiA\" data-provider=\"twitter\" class=\"js-social-embed\" rel=\"nofollow\">https:\/\/x.com\/poddplatsh\/status\/1967506003060289901?s=46&amp;t=vCarVq-BB5y20yzNsToHiA<\/a><\/p>\n<p>Alnefelt ska ist\u00e4llet vara p\u00e5 plats i Ume\u00e5 f\u00f6r att n\u00f6ta p\u00e5 egen hand tillsammans med Bj\u00f6rkl\u00f6vens m\u00e5lvaktstr\u00e4nare Bj\u00f6rn Bjurling.<\/p>\n<p>\u2013 Det \u00e4r en frivillig tr\u00e4ning, och ingenting mer. Vi har v\u00e5ra tv\u00e5 m\u00e5lvakter och han tr\u00e4nar som sagt bara med Bj\u00f6rn, avslutar Per Kentt\u00e4.<\/p>\n<p>Bj\u00f6rkl\u00f6ven har till denna s\u00e4song bytt m\u00e5lvaktssida. Numera \u00e4r det Frans Tuohimaa och Olle Eriksson Ek som st\u00e5r i Ume\u00e5lagets kasse.\u00a0<\/p>\n<p>24-\u00e5rige Hugo Alnefelt v\u00e4nde hem till HV71 f\u00f6rra s\u00e4songen. Han sitter f\u00f6r tillf\u00e4llet p\u00e5 ett kontrakt med J\u00f6nk\u00f6pingslaget till 2027.\u00a0<\/p>\n","protected":false},"excerpt":{"rendered":"Publicerad 15 sep 2025 kl 12.22Uppdaterad kl 13.53 Hugo Alnefelt, som inte \u00e4r \u00f6nskv\u00e4rd av HV71 l\u00e4ngre, tr\u00e4nar&hellip;\n","protected":false},"author":2,"featured_media":30914,"comment_status":"","ping_status":"","sticky":false,"template":"","format":"standard","meta":{"footnotes":""},"categories":[68],"tags":[640,641,34,130,255,111,110,31,33,32,30],"class_list":{"0":"post-30913","1":"post","2":"type-post","3":"status-publish","4":"format-standard","5":"has-post-thumbnail","7":"category-sport","8":"tag-organization-bjorkloven","9":"tag-organization-hockeyallsvenskan","10":"tag-se","11":"tag-sections-allsvenskan","12":"tag-sections-ishockey","13":"tag-sport","14":"tag-sports","15":"tag-svenska","16":"tag-sverige","17":"tag-sweden","18":"tag-swedish"},"share_on_mastodon":{"url":"","error":""},"_links":{"self":[{"href":"https:\/\/www.europesays.com\/se\/wp-json\/wp\/v2\/posts\/30913","targetHints":{"allow":["GET"]}}],"collection":[{"href":"https:\/\/www.europesays.com\/se\/wp-json\/wp\/v2\/posts"}],"about":[{"href":"https:\/\/www.europesays.com\/se\/wp-json\/wp\/v2\/types\/post"}],"author":[{"embeddable":true,"href":"https:\/\/www.europesays.com\/se\/wp-json\/wp\/v2\/users\/2"}],"replies":[{"embeddable":true,"href":"https:\/\/www.europesays.com\/se\/wp-json\/wp\/v2\/comments?post=30913"}],"version-history":[{"count":0,"href":"https:\/\/www.europesays.com\/se\/wp-json\/wp\/v2\/posts\/30913\/revisions"}],"wp:featuredmedia":[{"embeddable":true,"href":"https:\/\/www.europesays.com\/se\/wp-json\/wp\/v2\/media\/30914"}],"wp:attachment":[{"href":"https:\/\/www.europesays.com\/se\/wp-json\/wp\/v2\/media?parent=30913"}],"wp:term":[{"taxonomy":"category","embeddable":true,"href":"https:\/\/www.europesays.com\/se\/wp-json\/wp\/v2\/categories?post=30913"},{"taxonomy":"post_tag","embeddable":true,"href":"https:\/\/www.europesays.com\/se\/wp-json\/wp\/v2\/tags?post=30913"}],"curies":[{"name":"wp","href":"https:\/\/api.w.org\/{rel}","templated":true}]}}