{"id":309243,"date":"2026-07-18T22:38:17","date_gmt":"2026-07-18T22:38:17","guid":{"rendered":"https:\/\/www.europesays.com\/se\/309243\/"},"modified":"2026-07-18T22:38:17","modified_gmt":"2026-07-18T22:38:17","slug":"nordamerikansk-ringnabbad-mas-och-fiskmas-hackade-tillsammans-i-stockholm","status":"publish","type":"post","link":"https:\/\/www.europesays.com\/se\/309243\/","title":{"rendered":"Nordamerikansk ringn\u00e4bbad m\u00e5s och fiskm\u00e5s h\u00e4ckade tillsammans i Stockholm"},"content":{"rendered":"<p>  <img alt=\"\" class=\"_image_1jxax_84 layout-component layout-wide\" data-fullscreen- data-track-element-type=\"Article image fullscreen\" data-track-name=\"ImageFullscreen\" fetchpriority=\"high\" decoding=\"sync\" loading=\"eager\" height=\"4608\" itemprop=\"image\"  src=\"https:\/\/www.europesays.com\/se\/wp-content\/uploads\/2026\/07\/907c7df1-4d5e-3ad7-ad1c-6e542e99f80f.jpeg\"  style=\"object-position:0% 0%\" width=\"8192\"\/><\/p>\n<p class=\"_textTheme_zldsx_1 _lead_16k26_2 _lead_3ue4t_18 layout-component layout-normal layout-padded _lead_o6m9k_5 _leadTheme_1q6sv_1 body-large bold\">N\u00e5got mycket ovanligt p\u00e5g\u00e5r i f\u00e5glarnas v\u00e4rld: En ringn\u00e4bbad amerikansk m\u00e5s har h\u00e4ckat med en svensk fiskm\u00e5s \u2013 mitt i centrala Stockholm. Men g\u00e5tan \u00e4r fortfarande inte helt l\u00f6st. \u201cDet \u00e4r helt sensationellt\u201d, s\u00e4ger ornitologen Andr\u00e9as Forsman.<\/p>\n<p><a class=\"_link_1wc6r_108\" href=\"https:\/\/svd.se\/av\/hanna-lindstrom\" title=\"Hanna Lindstr\u00f6m\" rel=\"nofollow noopener\" target=\"_blank\"><img alt=\"Bild av Hanna Lindstr\u00f6m\" class=\"_image_1wc6r_85\" fetchpriority=\"low\" decoding=\"async\" itemprop=\"image\" loading=\"lazy\"  src=\"https:\/\/www.europesays.com\/se\/wp-content\/uploads\/2026\/07\/1784414297_987_43b5e2fe-b4c8-3c28-a944-29a61d5f00cd.jpeg\"  width=\"480\"\/><\/a>           <\/p>\n<p class=\"_textTheme_zldsx_1 _paragraph_16k26_4 _paragraph_3ue4t_27 layout-component layout-normal layout-padded body-medium\">Turisterna fl\u00f6dar kring Kungstr\u00e4dg\u00e5rden i Stockholm. Men det m\u00e5nga inte vet \u00e4r att en mycket ovanlig m\u00e5s befinner sig i n\u00e4rheten \u2013 och att den i sin tur har gjort n\u00e5got extremt ovanligt.<\/p>\n<p class=\"_textTheme_zldsx_1 _paragraph_16k26_4 _paragraph_3ue4t_27 layout-component layout-normal layout-padded body-medium\">I flera veckor har F\u00e5gelskyddsgruppen, ett f\u00f6retag som hanterar situationer d\u00e4r f\u00e5glar  hamnat i konflikt med m\u00e4nniskor, varit p\u00e5 plats f\u00f6r att skydda en h\u00e4ckningsplats, efter ett larm om ett f\u00e5gelbo.<\/p>\n","protected":false},"excerpt":{"rendered":"N\u00e5got mycket ovanligt p\u00e5g\u00e5r i f\u00e5glarnas v\u00e4rld: En ringn\u00e4bbad amerikansk m\u00e5s har h\u00e4ckat med en svensk fiskm\u00e5s \u2013&hellip;\n","protected":false},"author":2,"featured_media":309244,"comment_status":"","ping_status":"","sticky":false,"template":"","format":"standard","meta":{"footnotes":"","_share_on_mastodon":"0"},"categories":[12],"tags":[22,23,12180,26,27,17,21,24,25,28,29,29540,15,16,18,34,258,31,33,32,30,19,20],"class_list":["post-309243","post","type-post","status-publish","format-standard","has-post-thumbnail","category-sverige","tag-breaking-news","tag-breakingnews","tag-faglar","tag-featured-news","tag-featurednews","tag-headlines","tag-huvudnyheter","tag-latest-news","tag-latestnews","tag-main-news","tag-mainnews","tag-masar","tag-news","tag-nyheter","tag-rubriker","tag-se","tag-stockholm","tag-svenska","tag-sverige","tag-sweden","tag-swedish","tag-top-stories","tag-topstories"],"share_on_mastodon":{"url":"https:\/\/pubeurope.com\/@se\/116943383003831681","error":""},"_links":{"self":[{"href":"https:\/\/www.europesays.com\/se\/wp-json\/wp\/v2\/posts\/309243","targetHints":{"allow":["GET"]}}],"collection":[{"href":"https:\/\/www.europesays.com\/se\/wp-json\/wp\/v2\/posts"}],"about":[{"href":"https:\/\/www.europesays.com\/se\/wp-json\/wp\/v2\/types\/post"}],"author":[{"embeddable":true,"href":"https:\/\/www.europesays.com\/se\/wp-json\/wp\/v2\/users\/2"}],"replies":[{"embeddable":true,"href":"https:\/\/www.europesays.com\/se\/wp-json\/wp\/v2\/comments?post=309243"}],"version-history":[{"count":0,"href":"https:\/\/www.europesays.com\/se\/wp-json\/wp\/v2\/posts\/309243\/revisions"}],"wp:featuredmedia":[{"embeddable":true,"href":"https:\/\/www.europesays.com\/se\/wp-json\/wp\/v2\/media\/309244"}],"wp:attachment":[{"href":"https:\/\/www.europesays.com\/se\/wp-json\/wp\/v2\/media?parent=309243"}],"wp:term":[{"taxonomy":"category","embeddable":true,"href":"https:\/\/www.europesays.com\/se\/wp-json\/wp\/v2\/categories?post=309243"},{"taxonomy":"post_tag","embeddable":true,"href":"https:\/\/www.europesays.com\/se\/wp-json\/wp\/v2\/tags?post=309243"}],"curies":[{"name":"wp","href":"https:\/\/api.w.org\/{rel}","templated":true}]}}