{"id":309339,"date":"2026-07-19T03:16:08","date_gmt":"2026-07-19T03:16:08","guid":{"rendered":"https:\/\/www.europesays.com\/se\/309339\/"},"modified":"2026-07-19T03:16:08","modified_gmt":"2026-07-19T03:16:08","slug":"andra-varldskriget-ar-den-ultimata-sagan-for-var-tid","status":"publish","type":"post","link":"https:\/\/www.europesays.com\/se\/309339\/","title":{"rendered":"Andra v\u00e4rldskriget \u00e4r den ultimata sagan f\u00f6r v\u00e5r tid"},"content":{"rendered":"\n<p class=\"_textTheme_16ipd_1 _paragraph_16k26_4 _paragraph_3ue4t_27 layout-component layout-normal layout-padded body-medium\"><strong class=\"_strong_16k26_20\">De sm\u00e5, sj\u00e4lvlysande<\/strong> och gr\u00f6na tomtarna satt och spejade uppe i tr\u00e4den. <\/p>\n<p class=\"_textTheme_16ipd_1 _paragraph_16k26_4 _paragraph_3ue4t_27 layout-component layout-normal layout-padded body-medium\">N\u00e4r vi passerade under dem hoppade de ner p\u00e5 mina skidor och exploderade. Klockan var mitt i natten. Jag var s\u00e5 tr\u00f6tt att jag hallucinerade. Jag ville d\u00f6 men fortsatte att dra den f\u00f6rbannade pulkan genom den f\u00f6rbannade sn\u00f6n med en f\u00f6rbannad packning p\u00e5 40 kg p\u00e5 ryggen. \u00d6vningen i vinter\u00f6verlevnad, som gick ut p\u00e5 att f\u00f6rst sv\u00e4lta i en vecka och sedan marschera fem mil p\u00e5 ett dygn genom berg och skog, var inget spa. <\/p>\n<p class=\"_textTheme_16ipd_1 _paragraph_16k26_4 _paragraph_3ue4t_27 layout-component layout-normal layout-padded body-medium\">Livet som j\u00e4garsoldat i Kiruna p\u00e5 90-talet var en mix av utmattning och fars. Vi hade en \u00f6verstel\u00f6jtnant som i brist p\u00e5 annat brukade g\u00e5 runt med en bibel under armen. Han stannade vid j\u00e4mna mellanrum vid en olycklig rekryt och sa: <\/p>\n<p class=\"_textTheme_16ipd_1 _paragraph_16k26_4 _paragraph_3ue4t_27 layout-component layout-normal layout-padded body-medium\">\u201dMursu? K\u00e4nner du till den heliga skrift?\u201d<\/p>\n<p class=\"_textTheme_16ipd_1 _paragraph_16k26_4 _paragraph_3ue4t_27 layout-component layout-normal layout-padded body-medium\">Sedan sk\u00e4llde \u00f6verstel\u00f6jtnanten ut honom utifr\u00e5n ett bibelord som han kanske hittade i Psaltaren i fem minuter utan anledning. <\/p>\n<p class=\"_textTheme_16ipd_1 _paragraph_16k26_4 _paragraph_3ue4t_27 layout-component layout-normal layout-padded body-medium\">Muren hade fallit. Sovjetunionen hade kollapsat. Min pluton tog ryssen med ro. Att exempelvis vakta ing\u00e5ende sp\u00e5r p\u00e5 natten ute i f\u00e4lt var mest en ofantlig tristess. N\u00e4r jag skrev ett k\u00e5seri om \u00f6vningen i en interntidning blev jag censurerad. Sanningen om hur vissa v\u00e4rmde sig under de d\u00e4r passen fungerade inte i det milit\u00e4ra. Sj\u00e4lvbefl\u00e4ckelse i minusgrader ute vid kallh\u00e5llet Kalixfors? I tj\u00e4nsten? \u00c4r du inte klok, Larsson?<\/p>\n<p class=\"_textTheme_16ipd_1 _paragraph_16k26_4 _paragraph_3ue4t_27 layout-component layout-normal layout-padded body-medium\">Men en dag tog komedin slut och ersattes av ljudet fr\u00e5n en gammal diaprojektor. Som en del av v\u00e5r utbildning till sjukv\u00e5rdare i krig fick vi titta p\u00e5 milit\u00e4rens egna bilder fr\u00e5n riktiga konflikter. Bef\u00e4len ville visa vad vi utbildade oss f\u00f6r. Fotografierna hade aldrig visats f\u00f6r civila. <\/p>\n<p class=\"_textTheme_16ipd_1 _paragraph_16k26_4 _paragraph_3ue4t_27 layout-component layout-normal layout-padded body-medium\">Ka-klick. Vietnam. Ka-klick. Koreakriget. Ka-klick. Andra v\u00e4rldskriget. Ka-klick. Kuwait. Ka-klick. <\/p>\n<p class=\"_textTheme_16ipd_1 _paragraph_16k26_4 _paragraph_3ue4t_27 layout-component layout-normal layout-padded body-medium\">Ett g\u00e4ng renrakade 19-\u00e5ringar fr\u00e5n Norrbotten, Bor\u00e5s och G\u00f6teborg satt tysta. N\u00e5gon tittade bort, n\u00e5gon harklade sig, n\u00e5gon kippade efter andan, n\u00e5gon lyckades n\u00e4stan kv\u00e4va en svordom. Efter\u00e5t var officerarna ovanligt sn\u00e4lla. De l\u00e4mnade av med lugna r\u00f6ster. Ingen exercis p\u00e5 kv\u00e4llen. Alla fick egentid att bearbeta vad de just sett. <\/p>\n<p class=\"_textTheme_16ipd_1 _paragraph_16k26_4 _paragraph_3ue4t_27 layout-component layout-normal layout-padded body-medium\"><strong class=\"_strong_16k26_20\">P\u00e5verkade lumpen min<\/strong> syn p\u00e5 krigsdokument\u00e4rer eller filmer? I s\u00e5 fall p\u00e5 detaljniv\u00e5. Av allt jag har sett \u00e4r det bara tv-serien \u201dPacific\u201d p\u00e5 HBO Max som tar upp en f\u00f6r m\u00e5nga oviktig sak som maldes in i v\u00e5ra skallar dygnet runt \u2013 ta hand om era j\u00e4vla f\u00f6tter. Fila dem, pudra dem, torka dem, st\u00e4ll fr\u00e5gor, lyssna och behandla dem som den sista droppen vatten. En soldat med bl\u00f6dande skavs\u00e5r och nageltr\u00e5ng \u00e4r oduglig under marscher och i strid. Annars \u00e4r fascinationen f\u00f6r v\u00e4lgjorda krigsdokument\u00e4rer, nu som d\u00e5, djup och reservationsl\u00f6s. <\/p>\n<p class=\"_textTheme_16ipd_1 _paragraph_16k26_4 _paragraph_3ue4t_27 layout-component layout-normal layout-padded body-medium\">Traditionellt sett \u00e4r genren den mest manligt kodade som finns. F\u00f6renklingen att m\u00e4n f\u00f6redrar en offensiv genom Ardennerna medan kvinnor hellre v\u00e4ljer true crime och relationss\u00e5por \u00e4r rolig f\u00f6r att den \u00e4r ganska sann. Efter nyheten att dokument\u00e4ren \u201dWorld war II with Tom Hanks\u201d skulle b\u00f6rja visas p\u00e5 History Channel i maj sl\u00e4pptes fick flera manliga kollegor damm i \u00f6gonen. Sommaren var r\u00e4ddad. <\/p>\n<p class=\"_textTheme_16ipd_1 _paragraph_16k26_4 _paragraph_3ue4t_27 layout-component layout-normal layout-padded body-medium\"><strong class=\"_strong_16k26_20\">\u201dWorld war II<\/strong> with Tom Hanks\u201d beskrivs som den mest ambiti\u00f6sa och helt\u00e4ckande serien om andra v\u00e4rldskriget sedan det brittiska referensverket \u201dThe world at war\u201d fr\u00e5n 1973. I tjugo delar guidar <strong class=\"_strong_16k26_20\">Tom Hanks<\/strong> tittaren genom krigets triumfer och folkmord. Andra v\u00e4rldskriget, som Hanks kallar f\u00f6r \u201dthe war\u201d, har spelat en stor roll f\u00f6r hans karri\u00e4r. Han spelade bland annat huvudrollen i filmen \u201dSaving private Ryan\u201d, som b\u00f6rjar med de allierades landstigning under dagen D, och producerade \u00e4ven tv-serierna \u201dBand of brothers\u201d och \u201dPacific\u201d med <strong class=\"_strong_16k26_20\">Steven Spielberg<\/strong>. <\/p>\n<p class=\"_textTheme_16ipd_1 _paragraph_16k26_4 _paragraph_3ue4t_27 layout-component layout-normal layout-padded body-medium\">Det finns brister. Eftersom de flesta som upplevde andra v\u00e4rldskriget mellan 1939 och 1945 \u00e4r d\u00f6da ers\u00e4tts vittnesm\u00e5len av \u201dpratande huvuden\u201d, det vill s\u00e4ga akademiska historiker och experter som g\u00e4rna upprepar det som tittaren redan har sett. Det \u00e4r bombastisk musik och dundrande cliffhangers, klippta med h\u00e4nsyn till reklamavbrott. <\/p>\n<p class=\"_textTheme_16ipd_1 _paragraph_16k26_4 _paragraph_3ue4t_27 layout-component layout-normal layout-padded body-medium\">P\u00e5 ett s\u00e4tt \u00e4r andra v\u00e4rldskriget den ultimata sagan. De goda segrar \u00f6ver Axelmakterna. Kriget hade ett tydligt syfte fr\u00e5n de allierades sida \u2013 att stoppa fascismens herrav\u00e4lde. Ur en annan synvinkel beh\u00f6ver ber\u00e4ttelsen inga p\u00e5l\u00e4gg. Den kan gott skildras med ett l\u00e4gre tonl\u00e4ge och utan dramatiska effekter. <\/p>\n<p class=\"_textTheme_16ipd_1 _paragraph_16k26_4 _paragraph_3ue4t_27 layout-component layout-normal layout-padded body-medium\">Vad \u201dWorld war II with Tom Hanks\u201d d\u00e4remot lyckas med \u00e4r att visa skalan av kriget, mycket tack vare ett rikt och restaurerat bildmaterial. Ingen som tittar beh\u00f6ver fundera p\u00e5 hur en eventuell apokalyps ser ut. Andra v\u00e4rldskriget var en underg\u00e5ng som m\u00e4nniskan \u00f6verlevde. Ett krig som kulminerar med f\u00f6rintelsen av sex miljoner judar och tv\u00e5 atombomber som f\u00f6r\u00e5ngar Hiroshima och Nagasaki kan inte beskrivas som n\u00e5got annat. <\/p>\n<p class=\"_textTheme_16ipd_1 _paragraph_16k26_4 _paragraph_3ue4t_27 layout-component layout-normal layout-padded body-medium\">Skadorna efter det sansl\u00f6sa m\u00f6rdandet l\u00e4ker inte. Det bestialiska barbariet har f\u00f6r alltid f\u00f6r\u00e4ndrat synen p\u00e5 vad m\u00e4nniskor \u00e4r kapabla till att g\u00f6ra. Om serien vore l\u00e4ngre, 20 avsnitt p\u00e5 drygt 40 minuter r\u00e4cker inte riktigt till, hade man ocks\u00e5 haft tid att borra djupare i vilka mekanismer som gjorde att olika folk och nationer ville utrota varandra. <\/p>\n<blockquote class=\"_blockquote_u35ak_5 layout-component layout-normal layout-padded\">\n<p class=\"_quote_u35ak_21 title-medium\">Ingen som tittar beh\u00f6ver fundera p\u00e5 hur en eventuell apokalyps ser ut. Andra v\u00e4rldskriget var en underg\u00e5ng som m\u00e4nniskan \u00f6verlevde.<\/p>\n<\/blockquote>\n<p class=\"_textTheme_16ipd_1 _paragraph_16k26_4 _paragraph_3ue4t_27 layout-component layout-normal layout-padded body-medium\"><strong class=\"_strong_16k26_20\">Vissa ser kanske<\/strong> krigsdokument\u00e4rer f\u00f6r att de f\u00e5r disco i kalsongen av vapen och ammunition. Jag misst\u00e4nker dock att de flesta tittar f\u00f6r att bearbeta en m\u00e4rklig posttraumatisk stress av n\u00e5got som man inte har upplevt och som helst inte ska h\u00e4nda igen. Ett behov att f\u00f6rs\u00f6ka kontrollera sin r\u00e4dsla och skr\u00e4ck. Under seriens g\u00e5ng p\u00e5minner k\u00e4nslan om n\u00e4r vi satt och tittade p\u00e5 krigsskador p\u00e5 J\u00e4garskolan i Kiruna. <\/p>\n<p class=\"_textTheme_16ipd_1 _paragraph_16k26_4 _paragraph_3ue4t_27 layout-component layout-normal layout-padded body-medium\">Ka-klick. <\/p>\n<p class=\"_textTheme_16ipd_1 _paragraph_16k26_4 _paragraph_3ue4t_27 layout-component layout-normal layout-padded body-medium\">Tajmingen bakom \u201dWorld war II with Tom Hanks\u201d g\u00e5r inte att blunda f\u00f6r. Fascism, nationalism, rasism, militarism och en avskyv\u00e4rd avhumanisering av m\u00e4nniskor och kulturer har blivit politiska segervapen igen. Serien visar vad det leder till. Skuggorna fr\u00e5n Andra v\u00e4rldskriget har aldrig f\u00f6rsvunnit utan kryper n\u00e4rmare igen. Det finns ett facit. Det finns alltid ett f\u00f6rbannat facit. <\/p>\n<p class=\"_textTheme_16ipd_1 _paragraph_16k26_4 _paragraph_3ue4t_27 layout-component layout-normal layout-padded body-medium\">Fr\u00e5gan \u00e4r om n\u00e5gon lyssnar l\u00e4ngre. <\/p>\n<p class=\"_textTheme_16ipd_1 _paragraph_16k26_4 _paragraph_3ue4t_27 layout-component layout-normal layout-padded body-medium\">Markus Larsson \u00e4r musikjournalist p\u00e5 Aftonbladet.<\/p>\n","protected":false},"excerpt":{"rendered":"De sm\u00e5, sj\u00e4lvlysande och gr\u00f6na tomtarna satt och spejade uppe i tr\u00e4den. N\u00e4r vi passerade under dem hoppade&hellip;\n","protected":false},"author":2,"featured_media":309340,"comment_status":"","ping_status":"","sticky":false,"template":"","format":"standard","meta":{"footnotes":"","_share_on_mastodon":"0"},"categories":[67],"tags":[2201,3002,104,3001,34,31,33,32,30,13811,105],"class_list":["post-309339","post","type-post","status-publish","format-standard","has-post-thumbnail","category-underhallning","tag-andra-varldskriget","tag-boras","tag-entertainment","tag-hbo-max","tag-se","tag-svenska","tag-sverige","tag-sweden","tag-swedish","tag-tom-hanks","tag-underhallning"],"share_on_mastodon":{"url":"https:\/\/pubeurope.com\/@se\/116944475338452678","error":""},"_links":{"self":[{"href":"https:\/\/www.europesays.com\/se\/wp-json\/wp\/v2\/posts\/309339","targetHints":{"allow":["GET"]}}],"collection":[{"href":"https:\/\/www.europesays.com\/se\/wp-json\/wp\/v2\/posts"}],"about":[{"href":"https:\/\/www.europesays.com\/se\/wp-json\/wp\/v2\/types\/post"}],"author":[{"embeddable":true,"href":"https:\/\/www.europesays.com\/se\/wp-json\/wp\/v2\/users\/2"}],"replies":[{"embeddable":true,"href":"https:\/\/www.europesays.com\/se\/wp-json\/wp\/v2\/comments?post=309339"}],"version-history":[{"count":0,"href":"https:\/\/www.europesays.com\/se\/wp-json\/wp\/v2\/posts\/309339\/revisions"}],"wp:featuredmedia":[{"embeddable":true,"href":"https:\/\/www.europesays.com\/se\/wp-json\/wp\/v2\/media\/309340"}],"wp:attachment":[{"href":"https:\/\/www.europesays.com\/se\/wp-json\/wp\/v2\/media?parent=309339"}],"wp:term":[{"taxonomy":"category","embeddable":true,"href":"https:\/\/www.europesays.com\/se\/wp-json\/wp\/v2\/categories?post=309339"},{"taxonomy":"post_tag","embeddable":true,"href":"https:\/\/www.europesays.com\/se\/wp-json\/wp\/v2\/tags?post=309339"}],"curies":[{"name":"wp","href":"https:\/\/api.w.org\/{rel}","templated":true}]}}