{"id":309388,"date":"2026-07-19T05:01:39","date_gmt":"2026-07-19T05:01:39","guid":{"rendered":"https:\/\/www.europesays.com\/se\/309388\/"},"modified":"2026-07-19T05:01:39","modified_gmt":"2026-07-19T05:01:39","slug":"klagerup-jonkoping-familjerna-fast-pa-giftiga-tomterna","status":"publish","type":"post","link":"https:\/\/www.europesays.com\/se\/309388\/","title":{"rendered":"KL\u00c5GERUP-J\u00d6NK\u00d6PING: Familjerna fast p\u00e5 giftiga tomterna"},"content":{"rendered":"\n<p class=\"_textTheme_16ipd_1 _paragraph_16k26_4 _paragraph_3ue4t_27 layout-component layout-normal layout-padded body-medium\">Han serverar vatten p\u00e5 den inglasade verandan. Det \u00e4r f\u00f6r varmt f\u00f6r att sitta p\u00e5 altanen.<\/p>\n<p class=\"_textTheme_16ipd_1 _paragraph_16k26_4 _paragraph_3ue4t_27 layout-component layout-normal layout-padded body-medium\">F\u00f6r den oinvigde ser vattnet i glaset ut som vanligt: f\u00e4rgl\u00f6st. Det luktar inget speciellt \u2013 men smakar metallaktigt. <\/p>\n<p class=\"_textTheme_16ipd_1 _paragraph_16k26_4 _paragraph_3ue4t_27 layout-component layout-normal layout-padded body-medium\">En liten klunk r\u00e4cker. <\/p>\n<p class=\"_textTheme_16ipd_1 _paragraph_16k26_4 _paragraph_3ue4t_27 layout-component layout-normal layout-padded body-medium\">\u2013 Nu \u00e4r det ju f\u00f6rorenat vatten, s\u00e5 att ni vet. <\/p>\n<p class=\"_textTheme_16ipd_1 _paragraph_16k26_4 _paragraph_3ue4t_27 layout-component layout-normal layout-padded body-medium\">En konstpaus.<\/p>\n<p class=\"_textTheme_16ipd_1 _paragraph_16k26_4 _paragraph_3ue4t_27 layout-component layout-normal layout-padded body-medium\">\u2013\u00a0Men vi dricker av det\u2026 Jag brukar skoja med folk, det hj\u00e4lper mig lite, s\u00e4ger Oscar och ler snett.<\/p>\n<p class=\"_textTheme_16ipd_1 _paragraph_16k26_4 _paragraph_3ue4t_27 layout-component layout-normal layout-padded body-medium\">En som d\u00e4remot har v\u00e4grat att dricka av vattnet \u00e4r Mona Forsberg (S), i dag kommunstyrelsens ordf\u00f6rande. Hon erbj\u00f6ds ett glas fr\u00e5n Mariebo via P4 J\u00f6nk\u00f6ping, men nobbade. <\/p>\n<p class=\"_textTheme_16ipd_1 _paragraph_16k26_4 _paragraph_3ue4t_27 layout-component layout-normal layout-padded body-medium\">\u2013 Om det \u00e4r s\u00e5 att inte ens de boende dricker det s\u00e5 skulle inte jag heller dricka det, utan d\u00e5 skulle man se till att det renas, sa hon i direkts\u00e4ndningen 2020.<\/p>\n<ul class=\"_gallery_1f6gv_33\" tabindex=\"0\">\n<li class=\"_item_1f6gv_64\" data-index=\"0\"><img decoding=\"async\" alt=\"\" class=\"_image_1rh6a_27 _articleGallery_1rh6a_43\" data-fullscreen- width=\"5715\" height=\"3810\" itemprop=\"image\" loading=\"lazy\"  src=\"https:\/\/www.europesays.com\/se\/wp-content\/uploads\/2026\/07\/ba97133b-5d91-3f48-889e-46c6dd105a0b.jpeg\"  style=\"object-position:50% 50%;aspect-ratio:var(--gallery-aspect-ratio, 16 \/ 9)\"\/>J\u00f6nk\u00f6pings kommun flyttade \u00f6ver huvudansvaret f\u00f6r saneringen till SGU, men kommunen \u00e4r sj\u00e4lv tillsynsmyndighet. \u201dVi har ju i praktiken skickat ett skadest\u00e5ndskrav till milj\u00f6kontorets chef. Chefens anst\u00e4llda \u00e4r tillsynsmyndighet i samma fall. Det \u00e4r en solklar j\u00e4vssituation. Kommunen kan ju inte vara tillsynsmyndighet\u201d, s\u00e4ger Oscar Swahn. Foto: Krister Hansson<\/li>\n<li class=\"_item_1f6gv_64\" data-index=\"1\"><img decoding=\"async\" alt=\"\" class=\"_image_1rh6a_27 _articleGallery_1rh6a_43\" data-fullscreen- width=\"6000\" height=\"4000\" itemprop=\"image\" loading=\"lazy\"  src=\"https:\/\/www.europesays.com\/se\/wp-content\/uploads\/2026\/07\/f5616672-5f6b-3f89-853d-eaa08267a086.jpeg\"  style=\"object-position:50% 50%;aspect-ratio:var(--gallery-aspect-ratio, 16 \/ 9)\"\/>Foto: Krister Hansson<\/li>\n<\/ul>\n<p>J\u00f6nk\u00f6pings kommun flyttade \u00f6ver huvudansvaret f\u00f6r saneringen till SGU, men kommunen \u00e4r sj\u00e4lv tillsynsmyndighet. \u201dVi har ju i praktiken skickat ett skadest\u00e5ndskrav till milj\u00f6kontorets chef. Chefens anst\u00e4llda \u00e4r tillsynsmyndighet i samma fall. Det \u00e4r en solklar j\u00e4vssituation. Kommunen kan ju inte vara tillsynsmyndighet\u201d, s\u00e4ger Oscar Swahn. Foto: Krister Hansson<\/p>\n<p class=\"_textTheme_16ipd_1 _paragraph_16k26_4 _paragraph_3ue4t_27 layout-component layout-normal layout-padded body-medium\">Oscar och hans familj flyttade in i villaomr\u00e5det Mariebo i J\u00f6nk\u00f6ping i november 2013.<\/p>\n<p class=\"_textTheme_16ipd_1 _paragraph_16k26_4 _paragraph_3ue4t_27 layout-component layout-normal layout-padded body-medium\">Tv\u00e5 m\u00e5nader tidigare hade tre av deras grannar f\u00e5tt reda p\u00e5 att marken var sv\u00e5rt kontaminerad av l\u00e4ckande kemikalier fr\u00e5n den nedlagda kemtv\u00e4tten F\u00e4rgaren.<\/p>\n<p class=\"_textTheme_16ipd_1 _paragraph_16k26_4 _paragraph_3ue4t_27 layout-component layout-normal layout-padded body-medium\">En av dem ifr\u00e5gasatte att inte fler grannar fick veta, men fick till svar att det inte beh\u00f6vdes.<\/p>\n<p class=\"_textTheme_16ipd_1 _paragraph_16k26_4 _paragraph_3ue4t_27 layout-component layout-normal layout-padded body-medium\">F\u00f6rst i maj tv\u00e5 \u00e5r senare, 2015, fick Oscars familj beskedet \u2013 av sin n\u00e4rmaste granne.<\/p>\n<p class=\"_textTheme_16ipd_1 _paragraph_16k26_4 _paragraph_3ue4t_27 layout-component layout-normal layout-padded body-medium\">\u2013 Och sen n\u00e4r de v\u00e4l provtar i v\u00e5ra brunnar 2021 \u2013 d\u00e5 hittar de en f\u00f6rorening. Och det \u00e4r s\u00e5 pass mycket att det blir inskrivet i EBH-registret.L\u00e4nsstyrelsens register f\u00f6r efterbehandlingsomr\u00e5den i Sveriges kommuner. <\/p>\n<p class=\"_textTheme_16ipd_1 _paragraph_16k26_4 _paragraph_3ue4t_27 layout-component layout-normal layout-padded body-medium\">\u2013\u00a0Man har inte provtagit supermycket dricksvatten h\u00e4r. Bara fem\u2013sex g\u00e5nger p\u00e5 tolv \u00e5r. Kanske sju. Det kan g\u00e5 m\u00e5nga \u00e5r emellan.<\/p>\n<p class=\"_textTheme_16ipd_1 _paragraph_16k26_4 _paragraph_3ue4t_27 layout-component layout-normal layout-padded body-medium\">Han s\u00e4ger att han l\u00e4st sig till och f\u00f6rst\u00e5tt att v\u00e4rdena p\u00e5 f\u00f6roreningarna kan skilja sig mycket \u00e5t fr\u00e5n dag till dag. Han v\u00e4nde sig till SGU f\u00f6r att f\u00e5 ett tillf\u00f6rlitligt resultat.<\/p>\n<p class=\"_textTheme_16ipd_1 _paragraph_16k26_4 _paragraph_3ue4t_27 layout-component layout-normal layout-padded body-medium\">\u2013\u00a0Jag sa: \u201dBorde vi inte prova varje dag eller en g\u00e5ng i veckan i ett helt \u00e5r?\u201d. SGU svarade att det vore det b\u00e4sta, men att det inte finns pengar till det.<\/p>\n<p> <img alt=\"Skiss \u00f6ver det f\u00f6rorenade omr\u00e5det p\u00e5 Mariebo i J\u00f6nk\u00f6ping. Familjen Swahns fastighet \u00e4r Obygden 9, familjen Ohlins \u00e4r Obygden 12. Den gamla kemtv\u00e4tten finns kvar p\u00e5 detaljplanen.\" class=\"_image_1jxax_84 layout-component layout-normal\" data-fullscreen- data-track-element-type=\"Article image fullscreen\" data-track-name=\"ImageFullscreen\" decoding=\"async\" loading=\"lazy\" height=\"471\" itemprop=\"image\"  src=\"https:\/\/www.europesays.com\/se\/wp-content\/uploads\/2026\/07\/638e4a7d-d77a-34fa-8cfc-ee780b1aaae1.png\"  style=\"object-position:0% 0%\" width=\"557\"\/>Skiss \u00f6ver det f\u00f6rorenade omr\u00e5det p\u00e5 Mariebo i J\u00f6nk\u00f6ping. Familjen Swahns fastighet \u00e4r Obygden 9, familjen Ohlins \u00e4r Obygden 12. Den gamla kemtv\u00e4tten finns kvar p\u00e5 detaljplanen. Foto: SGU\/Lantm\u00e4terietVisa mer  <\/p>\n<p class=\"_textTheme_16ipd_1 _paragraph_16k26_4 _paragraph_3ue4t_27 layout-component layout-normal layout-padded body-medium\">Jonathan Ohlin, 37, k\u00f6pte sitt hus 2012 och b\u00f6rjade renovera inomhus. V\u00e5ren 2015 var det dags f\u00f6r familjen att ta tag i tr\u00e4dg\u00e5rden. De hyrde in arbetskraft f\u00f6r att dr\u00e4nera runt huset. <\/p>\n<p class=\"_textTheme_16ipd_1 _paragraph_16k26_4 _paragraph_3ue4t_27 layout-component layout-normal layout-padded body-medium\">\u2013\u00a0\u00a0En l\u00f6rdag i maj b\u00f6rjade vi jobba och jag k\u00f6rde bort en massa ton jord. Vi skulle forts\u00e4tta p\u00e5 m\u00e5ndagskv\u00e4llen, men d\u00e5 kom de fr\u00e5n l\u00e4nsstyrelsen och viftade och sa \u201dstopp, stopp\u201d, s\u00e4ger han.<\/p>\n<p class=\"_textTheme_16ipd_1 _paragraph_16k26_4 _paragraph_3ue4t_27 layout-component layout-normal layout-padded body-medium\">I brevl\u00e5dan l\u00e5g ett brev fr\u00e5n l\u00e4nsstyrelsen som familjen \u00e4nnu inte uppt\u00e4ckt. I brevet stod att markf\u00f6rh\u00e5llandena skulle unders\u00f6kas f\u00f6r att se vilka f\u00f6roreningar som fanns p\u00e5 fastigheten.<\/p>\n<p class=\"_textTheme_16ipd_1 _paragraph_16k26_4 _paragraph_3ue4t_27 layout-component layout-normal layout-padded body-medium\">Den inhyrda gr\u00e4varen stod och tickade pengar. Till slut fick Jonathan gr\u00e4va vidare \u2013 med f\u00f6rsiktighet.<\/p>\n<p class=\"_textTheme_16ipd_1 _paragraph_16k26_4 _paragraph_3ue4t_27 layout-component layout-normal layout-padded body-medium\">\u2013\u00a0Vi fick inte f\u00f6ra bort mer massor och vi fick bekosta sj\u00e4lva med provtagning. Jag tror det kostade 10\u00a0000 kronor, s\u00e4ger han.<\/p>\n<p> <img alt=\"\u201dBarnen har inte n\u00e5gon aning, de springer runt h\u00e4r barfota \u2013 men vet inte att de springer fem meter fr\u00e5n cancerframkallande \u00e4mnen\u201d, s\u00e4ger Jonathan Ohlin.\" class=\"_image_1jxax_84 layout-component layout-normal\" data-fullscreen- data-track-element-type=\"Article image fullscreen\" data-track-name=\"ImageFullscreen\" decoding=\"async\" loading=\"lazy\" height=\"4000\" itemprop=\"image\"  src=\"https:\/\/www.europesays.com\/se\/wp-content\/uploads\/2026\/07\/b188bb59-8c24-3727-b2e0-3d37d72a4b08.jpeg\"  style=\"object-position:0% 0%\" width=\"6000\"\/>\u201dBarnen har inte n\u00e5gon aning, de springer runt h\u00e4r barfota \u2013 men vet inte att de springer fem meter fr\u00e5n cancerframkallande \u00e4mnen\u201d, s\u00e4ger Jonathan Ohlin. Foto: Krister HanssonVisa mer  <\/p>\n<p class=\"_textTheme_16ipd_1 _paragraph_16k26_4 _paragraph_3ue4t_27 layout-component layout-normal layout-padded body-medium\">De f\u00f6rsta \u00e5ren var v\u00e4rdena inte anm\u00e4rkningsv\u00e4rda, enligt Oscar Swahn.<\/p>\n<p class=\"_textTheme_16ipd_1 _paragraph_16k26_4 _paragraph_3ue4t_27 layout-component layout-normal layout-padded body-medium\">Men i oktober f\u00f6r fem \u00e5r sedan drabbades familjen av en vattenl\u00e4cka. Ledningar och r\u00f6r beh\u00f6vde bytas ut.<\/p>\n<p class=\"_textTheme_16ipd_1 _paragraph_16k26_4 _paragraph_3ue4t_27 layout-component layout-normal layout-padded body-medium\">\u2013\u00a0D\u00e5 visade sig v\u00e4rdena vara v\u00e4ldigt mycket h\u00f6gre \u00e4n vad det hade varit innan, s\u00e4ger Oscar.<\/p>\n<ul class=\"_gallery_1f6gv_33\" tabindex=\"0\">\n<li class=\"_item_1f6gv_64\" data-index=\"0\"><img decoding=\"async\" alt=\"\" class=\"_image_1rh6a_27 _articleGallery_1rh6a_43\" data-fullscreen- width=\"605\" height=\"316\" itemprop=\"image\" loading=\"lazy\"  src=\"https:\/\/www.europesays.com\/se\/wp-content\/uploads\/2026\/07\/db89d3c5-e7f2-3fd8-ac9e-175bca00f15b.png\"  style=\"object-position:50% 50%;aspect-ratio:var(--gallery-aspect-ratio, 16 \/ 9)\"\/>Uppm\u00e4tta v\u00e4rden p\u00e5 Oscar Swahns fastighet vid flera m\u00e4tningar.<\/li>\n<li class=\"_item_1f6gv_64\" data-index=\"1\"><img decoding=\"async\" alt=\"\" class=\"_image_1rh6a_27 _articleGallery_1rh6a_43\" data-fullscreen- width=\"544\" height=\"331\" itemprop=\"image\" loading=\"lazy\"  src=\"https:\/\/www.europesays.com\/se\/wp-content\/uploads\/2026\/07\/343e4ba5-5acf-312b-b06c-8e600b26b248.png\"  style=\"object-position:50% 50%;aspect-ratio:var(--gallery-aspect-ratio, 16 \/ 9)\"\/><\/li>\n<li class=\"_item_1f6gv_64\" data-index=\"2\"><img decoding=\"async\" alt=\"\" class=\"_image_1rh6a_27 _articleGallery_1rh6a_43\" data-fullscreen- width=\"912\" height=\"503\" itemprop=\"image\" loading=\"lazy\"  src=\"https:\/\/www.europesays.com\/se\/wp-content\/uploads\/2026\/07\/926ccd7f-ef78-3a91-94c5-1206080455de.png\"  style=\"object-position:50% 50%;aspect-ratio:var(--gallery-aspect-ratio, 16 \/ 9)\"\/>Grafiken visar f\u00f6rekomsten av PCE och hur f\u00f6roreningarna sprider sig. Foto: SGU<\/li>\n<li class=\"_item_1f6gv_64\" data-index=\"3\"><img decoding=\"async\" alt=\"\" class=\"_image_1rh6a_27 _articleGallery_1rh6a_43\" data-fullscreen- width=\"1052\" height=\"836\" itemprop=\"image\" loading=\"lazy\"  src=\"https:\/\/www.europesays.com\/se\/wp-content\/uploads\/2026\/07\/9634b101-6f02-3bce-8e32-e699e93d33eb.png\"  style=\"object-position:50% 50%;aspect-ratio:var(--gallery-aspect-ratio, 16 \/ 9)\"\/>Sammanst\u00e4llning \u00f6ver de h\u00f6gst uppm\u00e4tta v\u00e4rdena i kvarteret Obygden den 17 oktober 2023.<\/li>\n<\/ul>\n<p>Uppm\u00e4tta v\u00e4rden p\u00e5 Oscar Swahns fastighet vid flera m\u00e4tningar.<\/p>\n<p class=\"_textTheme_16ipd_1 _paragraph_16k26_4 _paragraph_3ue4t_27 layout-component layout-normal layout-padded body-medium\">Som mest uppm\u00e4ttes v\u00e4rdena i brunnen under Oscars hus till 460 mikrogram PCE per liter grundvatten. Tv\u00e5 av m\u00e4tpunkterna med h\u00f6gst v\u00e4rden ligger ett f\u00e5tal meter fr\u00e5n familjens inkommande dricksvattenledning.<\/p>\n<p class=\"_textTheme_16ipd_1 _paragraph_16k26_4 _paragraph_3ue4t_27 layout-component layout-normal layout-padded body-medium\">De nationella gr\u00e4nsv\u00e4rdet \u00e4r 450 mikrogram\/liter. <\/p>\n<p class=\"_textTheme_16ipd_1 _paragraph_16k26_4 _paragraph_3ue4t_27 layout-component layout-normal layout-padded body-medium\">\u00c4ven v\u00e4rdet f\u00f6r klorerat l\u00f6sningsmedel, CAH, var h\u00f6gt: 807. <\/p>\n<p class=\"_textTheme_16ipd_1 _paragraph_16k26_4 _paragraph_3ue4t_27 layout-component layout-normal layout-padded body-medium\">\u2013\u00a0En konsult sa tidigare: \u201dB\u00f6rjar v\u00e4rdena trilla upp till 1000, d\u00e5 f\u00e5r vi omv\u00e4rdera\u201d, s\u00e4ger Oscar.<\/p>\n<p class=\"_textTheme_16ipd_1 _paragraph_16k26_4 _paragraph_3ue4t_27 layout-component layout-normal layout-padded body-medium\">Men vid varje m\u00e4tning blev siffrorna allt mer orov\u00e4ckande. Som mest l\u00e5g CAH p\u00e5 1\u00a0353 vid den andra m\u00e4tpunkten.<\/p>\n<p> <img alt=\"Omr\u00e5det p\u00e5 Mariebo som ska saneras ligger mitt i bilden. Tiotals nya r\u00f6r ska borras ner i marken inf\u00f6r den termiska behandlingen. Direkt till h\u00f6ger ligger familjerna Ohlins och Swahns fastigheter.\" class=\"_image_1jxax_84 layout-component layout-normal\" data-fullscreen- data-track-element-type=\"Article image fullscreen\" data-track-name=\"ImageFullscreen\" decoding=\"async\" loading=\"lazy\" height=\"2221\" itemprop=\"image\"  src=\"https:\/\/www.europesays.com\/se\/wp-content\/uploads\/2026\/07\/48412ee8-d02e-3501-9ef3-f576d2a9a943.jpeg\"  style=\"object-position:0% 0%\" width=\"3948\"\/>Omr\u00e5det p\u00e5 Mariebo som ska saneras ligger mitt i bilden. Tiotals nya r\u00f6r ska borras ner i marken inf\u00f6r den termiska behandlingen. Direkt till h\u00f6ger ligger familjerna Ohlins och Swahns fastigheter. Foto: Krister HanssonVisa mer  <\/p>\n<p class=\"_textTheme_16ipd_1 _paragraph_16k26_4 _paragraph_3ue4t_27 layout-component layout-normal layout-padded body-medium\">De sex husen som stod p\u00e5 de sju fastigheterna intill familjerna Ohlins och Swahns \u00e4r rivna sedan ett par \u00e5r. Hus\u00e4garna blev utk\u00f6pta av kommunen. <\/p>\n<p class=\"_textTheme_16ipd_1 _paragraph_16k26_4 _paragraph_3ue4t_27 layout-component layout-normal layout-padded body-medium\">Jonathans och Oscars familjer blev inte utk\u00f6pta. D\u00e4remot flyttades \u00e4ven de.<\/p>\n<p class=\"_textTheme_16ipd_1 _paragraph_16k26_4 _paragraph_3ue4t_27 layout-component layout-normal layout-padded body-medium\">F\u00f6r drygt tre \u00e5r fick de b\u00e5da barnfamiljerna ers\u00e4ttningsbost\u00e4der av kommunen. D\u00e4r skulle de bo medan omr\u00e5det sanerades. <\/p>\n<p class=\"_textTheme_16ipd_1 _paragraph_16k26_4 _paragraph_3ue4t_27 layout-component layout-normal layout-padded body-medium\">\u2013\u00a0Politikernas v\u00e4ldigt tydliga budskap var: \u201dNi kan inte bo h\u00e4r. Ni har sm\u00e5 barn och allt som ska h\u00e4nda h\u00e4r\u2026 det \u00e4r helt rimligt att vi flyttar er. Vi har ocks\u00e5 flyttat en annan barnfamilj\u201d. De var v\u00e4ldigt p\u00e5 det, s\u00e4ger Oscar.<\/p>\n<p class=\"_textTheme_16ipd_1 _paragraph_16k26_4 _paragraph_3ue4t_27 layout-component layout-normal layout-padded body-medium\">Men i h\u00f6stas kom pl\u00f6tsligt beskedet: <\/p>\n<p class=\"_textTheme_16ipd_1 _paragraph_16k26_4 _paragraph_3ue4t_27 layout-component layout-normal layout-padded body-medium\">De tv\u00e5 barnfamiljerna skulle flytta tillbaka i \u2013 utan att varken sanering eller vattenledningsbyte hade kommit ig\u00e5ng.<\/p>\n<p> <img alt=\"Jonathan Ohlin tittar in \u00f6ver saneringsomr\u00e5det. Hans hus ligger utanf\u00f6r, till v\u00e4nster i bakgrunden. \u201dVi var \u00e5tta fastigheter som skulle l\u00f6sas in. Sedan s\u00e4ger de: \u2019Nej, vi beh\u00f6ver inte l\u00f6sa in era\u2019. Det k\u00e4ndes som ett stort slag i magen\u201d, s\u00e4ger han.\" class=\"_image_1jxax_84 layout-component layout-normal\" data-fullscreen- data-track-element-type=\"Article image fullscreen\" data-track-name=\"ImageFullscreen\" decoding=\"async\" loading=\"lazy\" height=\"4000\" itemprop=\"image\"  src=\"https:\/\/www.europesays.com\/se\/wp-content\/uploads\/2026\/07\/07b23bbe-36f8-3be7-a568-ce26195248f2.jpeg\"  style=\"object-position:0% 0%\" width=\"6000\"\/>Jonathan Ohlin tittar in \u00f6ver saneringsomr\u00e5det. Hans hus ligger utanf\u00f6r, till v\u00e4nster i bakgrunden. \u201dVi var \u00e5tta fastigheter som skulle l\u00f6sas in. Sedan s\u00e4ger de: \u2019Nej, vi beh\u00f6ver inte l\u00f6sa in era\u2019. Det k\u00e4ndes som ett stort slag i magen\u201d, s\u00e4ger han. Foto: Krister HanssonVisa mer  <\/p>\n<p class=\"_textTheme_16ipd_1 _paragraph_16k26_4 _paragraph_3ue4t_27 layout-component layout-normal layout-padded body-medium\">Nu ska de bo mitt i saneringsarbetet. Tv\u00e4rtemot den tidigare \u00f6verenskommelsen med myndigheterna. <\/p>\n<p class=\"_textTheme_16ipd_1 _paragraph_16k26_4 _paragraph_3ue4t_27 layout-component layout-normal layout-padded body-medium\">Tanken \u00e4r att marken ska saneras genom \u201d<a href=\"https:\/\/atgardsportalen.se\/termisk-desorption\/\" class=\"_link_16k26_32\" rel=\"nofollow noopener\" target=\"_blank\">termisk behandling in situ<\/a>\u201d \u2013 marken v\u00e4rms d\u00e5 upp till etthundra grader f\u00f6r att f\u00f6r\u00e5nga f\u00f6roreningarna.<\/p>\n<p class=\"_textTheme_16ipd_1 _paragraph_16k26_4 _paragraph_3ue4t_27 layout-component layout-normal layout-padded body-medium\">Men familjerna \u00e4r r\u00e4dda att behandlingen ska g\u00f6ra att f\u00f6roreningarna ska sprida sig till deras fastigheter via sprickberget som finns under jorden.<\/p>\n<p class=\"_textTheme_16ipd_1 _paragraph_16k26_4 _paragraph_3ue4t_27 layout-component layout-normal layout-padded body-medium\">\u2013\u00a0Det har de varit \u00f6ppna med: s\u00e5 fort man v\u00e4rmer upp berget h\u00e4r kommer f\u00f6roreningarna att tryckas \u00e5t v\u00e5rt h\u00e5ll. De s\u00e4ger att f\u00f6roreningarna ska f\u00f6rsvinna \u2013 men de l\u00e4mnar inga garantier, s\u00e4ger Oscar. <\/p>\n<p class=\"_textTheme_16ipd_1 _paragraph_16k26_4 _paragraph_3ue4t_27 layout-component layout-normal layout-padded body-medium\">\u2013\u00a0Det \u00e4r ju m\u00e4rkligt. I grannens borrh\u00e5l h\u00e4r borta har man ju hittat kemikalier precis p\u00e5 h\u00f6rnet av huset, vid stupr\u00f6ret, och s\u00e5 lite h\u00e4r\u00e5t. Det har ju inte hoppat \u00f6ver v\u00e5rt hus dit, s\u00e4ger Jonathan.<\/p>\n<p class=\"_textTheme_16ipd_1 _paragraph_16k26_4 _paragraph_3ue4t_27 layout-component layout-normal layout-padded body-medium\">Naturv\u00e5rdsverket har hittills beviljat cirka 80,8 miljoner kronor f\u00f6r saneringen.<\/p>\n<ul class=\"_gallery_1f6gv_33\" tabindex=\"0\">\n<li class=\"_item_1f6gv_64\" data-index=\"0\"><img decoding=\"async\" alt=\"\" class=\"_image_1rh6a_27 _articleGallery_1rh6a_43\" data-fullscreen- width=\"6000\" height=\"4000\" itemprop=\"image\" loading=\"lazy\"  src=\"https:\/\/www.europesays.com\/se\/wp-content\/uploads\/2026\/07\/e477dce8-1d04-3009-b0e1-fbdb4c91caa9.jpeg\"  style=\"object-position:50% 50%;aspect-ratio:var(--gallery-aspect-ratio, 16 \/ 9)\"\/>\u201dVi har ju ett enda dr\u00f6mscenario. Det \u00e4r att fastigheten l\u00f6ses in. \u00c4ven om vi trivs j\u00e4ttebra. Ja, ja, hundra procent\u201d, s\u00e4ger Jonathan Ohlin. Foto: Krister Hansson<\/li>\n<li class=\"_item_1f6gv_64\" data-index=\"1\"><img decoding=\"async\" alt=\"\" class=\"_image_1rh6a_27 _articleGallery_1rh6a_43\" data-fullscreen- width=\"6000\" height=\"4000\" itemprop=\"image\" loading=\"lazy\"  src=\"https:\/\/www.europesays.com\/se\/wp-content\/uploads\/2026\/07\/6a90fc1a-2c85-385d-bb01-7acd3d70981d.jpeg\"  style=\"object-position:50% 50%;aspect-ratio:var(--gallery-aspect-ratio, 16 \/ 9)\"\/>Jonathan och hustrun Hanna har barnen Vera, 8, Axel, 6, och Olle, 2, tillsammans. \u201dVar \u00e4r barnkonventionen i processen? D\u00e4r st\u00e5r det klart och tydligt att finns det risk f\u00f6r att om barn kan drabbas ska man se till barnets b\u00e4sta. Det g\u00f6r man ju inte h\u00e4r\u201d, s\u00e4ger Jonathan. Foto: Krister Hansson<\/li>\n<\/ul>\n<p>\u201dVi har ju ett enda dr\u00f6mscenario. Det \u00e4r att fastigheten l\u00f6ses in. \u00c4ven om vi trivs j\u00e4ttebra. Ja, ja, hundra procent\u201d, s\u00e4ger Jonathan Ohlin. Foto: Krister Hansson<\/p>\n<p class=\"_textTheme_16ipd_1 _paragraph_16k26_4 _paragraph_3ue4t_27 layout-component layout-normal layout-padded body-medium\">\u2013\u00a0Myndigheterna har v\u00e4l egentligen aldrig h\u00e4vdat att det \u00e4r oh\u00e4lsosamt att bo h\u00e4r. Men vi har en rinnande kran i tv\u00e4ttstugan konstant, f\u00f6r blir vattnet stillast\u00e5ende f\u00f6r l\u00e4nge blir det kontaminerat. Det har man m\u00e4tt upp, s\u00e4ger Jonathan.<\/p>\n<p class=\"_textTheme_16ipd_1 _paragraph_16k26_4 _paragraph_3ue4t_27 layout-component layout-normal layout-padded body-medium\">\u00c4ven i Oscars hus st\u00e5r en kran och rinner, dygnet runt, \u00e5ret runt.<\/p>\n<p class=\"_textTheme_16ipd_1 _paragraph_16k26_4 _paragraph_3ue4t_27 layout-component layout-normal layout-padded body-medium\">\u2013\u00a0Innan jag h\u00e4ller upp vatten till kaffe p\u00e5 morgonen s\u00e5 spolar jag vattnet i tv\u00e5\u2013tre minuter, s\u00e4ger han.<\/p>\n<p class=\"_textTheme_16ipd_1 _paragraph_16k26_4 _paragraph_3ue4t_27 layout-component layout-normal layout-padded body-medium\">\u2013\u00a0Jag undrar vad det h\u00e4r har kostat kommunen. Med all administration, med ers\u00e4ttningsbost\u00e4der, r\u00e4tteg\u00e5ngsprocessen och det rinnande vattnet.<\/p>\n<p> <img alt=\"I Oscars k\u00e4llare rinner vattnet fr\u00e5n en kran dygnet runt, \u00e5ret runt. Det \u00e4r n\u00f6dv\u00e4ndigt, annars stiger halterna av f\u00f6roreningar i vattenledningarna.\" class=\"_image_1jxax_84 layout-component layout-normal\" data-fullscreen- data-track-element-type=\"Article image fullscreen\" data-track-name=\"ImageFullscreen\" decoding=\"async\" loading=\"lazy\" height=\"4000\" itemprop=\"image\"  src=\"https:\/\/www.europesays.com\/se\/wp-content\/uploads\/2026\/07\/21b8c242-5d47-3561-ac8d-fa3a9b38f9f6.jpeg\"  style=\"object-position:0% 0%\" width=\"6000\"\/>I Oscars k\u00e4llare rinner vattnet fr\u00e5n en kran dygnet runt, \u00e5ret runt. Det \u00e4r n\u00f6dv\u00e4ndigt, annars stiger halterna av f\u00f6roreningar i vattenledningarna. Foto: Krister HanssonVisa mer  <\/p>\n<p class=\"_textTheme_16ipd_1 _paragraph_16k26_4 _paragraph_3ue4t_27 layout-component layout-normal layout-padded body-medium\">Men det handlar inte enbart om r\u00e4dslan f\u00f6r cancersjukdomar. Oscar anser att myndigheterna inte tagit h\u00e4nsyn till barnkonventionen.<\/p>\n<p class=\"_textTheme_16ipd_1 _paragraph_16k26_4 _paragraph_3ue4t_27 layout-component layout-normal layout-padded body-medium\">\u2013 V\u00e5ra fem barn som bor i de h\u00e4r tv\u00e5 fastigheterna \u00e4r 100 procent oskyldiga. Och man tar inte h\u00e4nsyn till det. Det k\u00e4nns v\u00e4ldigt jobbigt att statliga myndigheter och en kommun totalt skiter i FN:s barnkonvention som g\u00e4ller som svensk lag. <\/p>\n<p class=\"_textTheme_16ipd_1 _paragraph_16k26_4 _paragraph_3ue4t_27 layout-component layout-normal layout-padded body-medium\">\u2013\u00a0Jag har f\u00f6rs\u00f6kt lyfta det. Vad i det h\u00e4r utg\u00e5r fr\u00e5n barnens b\u00e4sta? Aldrig har n\u00e5gon fr\u00e5gat om hur v\u00e5ra barn m\u00e5r. H\u00e4r handlar det ju om m\u00e4nniskor som hamnar i kl\u00e4m. <\/p>\n<p class=\"_textTheme_16ipd_1 _paragraph_16k26_4 _paragraph_3ue4t_27 layout-component layout-normal layout-padded body-medium\">Inte heller har man tagit h\u00e4nsyn till familjernas psykiska h\u00e4lsa. Milj\u00f6balken \u00e4r tydlig med att m\u00e4nniskors milj\u00f6 och h\u00e4lsa \u00e4r \u00e4ven psykisk, betonar Oscar.<\/p>\n<p> <img alt=\"Oscars och Linas barn Stella, 12, och Harry, 11, har bott i hela sitt liv p\u00e5 Mariebo. \u201dJag t\u00e4nkte varje dag n\u00e4r jag gav barnen vatten att nu ger jag dem f\u00f6roreningar, men jag vet inte hur mycket. Det var v\u00e4ldigt jobbigt\u201d, s\u00e4ger Oscar.\" class=\"_image_1jxax_84 layout-component layout-normal\" data-fullscreen- data-track-element-type=\"Article image fullscreen\" data-track-name=\"ImageFullscreen\" decoding=\"async\" loading=\"lazy\" height=\"4000\" itemprop=\"image\"  src=\"https:\/\/www.europesays.com\/se\/wp-content\/uploads\/2026\/07\/065da2c8-747c-3d50-9fc5-4e017d7225e3.jpeg\"  style=\"object-position:0% 0%\" width=\"6000\"\/>Oscars och Linas barn Stella, 12, och Harry, 11, har bott i hela sitt liv p\u00e5 Mariebo. \u201dJag t\u00e4nkte varje dag n\u00e4r jag gav barnen vatten att nu ger jag dem f\u00f6roreningar, men jag vet inte hur mycket. Det var v\u00e4ldigt jobbigt\u201d, s\u00e4ger Oscar. Foto: Krister HanssonVisa mer <\/p>\n<p class=\"_textTheme_16ipd_1 _paragraph_16k26_4 _paragraph_3ue4t_27 layout-component layout-normal layout-padded body-medium\">\u2013\u00a0Klart man inte m\u00e5r bra i det h\u00e4r. Och hur l\u00e4nge ska man orka? Det \u00e4r ju en himla tur att vi har barnen, de \u00e4r gl\u00e4djen. <\/p>\n<p class=\"_textTheme_16ipd_1 _paragraph_16k26_4 _paragraph_3ue4t_27 layout-component layout-normal layout-padded body-medium\">Oscar \u00e4r besviken, framf\u00f6r allt p\u00e5 kommunen, som han s\u00e4ger g\u00f6r skillnad p\u00e5 stadens inv\u00e5nare.<\/p>\n<p class=\"_textTheme_16ipd_1 _paragraph_16k26_4 _paragraph_3ue4t_27 layout-component layout-normal layout-padded body-medium\">\u2013\u00a0Man s\u00e4rskiljer oss p\u00e5 ett s\u00e4tt som k\u00e4nns orimligt. Jag f\u00f6rst\u00e5r att det \u00e4r en komplicerad fr\u00e5ga, men att man behandlar barnfamiljer s\u00e5 olika som har v\u00e4ldigt lika situationer blir b\u00e5de en juridisk och en k\u00e4nslom\u00e4ssig krock. Jag och min familj tycks inte vara v\u00e4rd samma behandling som mina grannar fick.<\/p>\n<p> <img alt=\"Advokat Madeleine Lillieh\u00f6\u00f6k f\u00f6retr\u00e4der de tv\u00e5 barnfamiljerna i J\u00f6nk\u00f6ping sedan 2021.\" class=\"_image_1jxax_84 layout-component layout-normal\" data-fullscreen- data-track-element-type=\"Article image fullscreen\" data-track-name=\"ImageFullscreen\" decoding=\"async\" loading=\"lazy\" height=\"4000\" itemprop=\"image\"  src=\"https:\/\/www.europesays.com\/se\/wp-content\/uploads\/2026\/07\/228bdd2c-44d7-328f-9735-8b11b8c3fd6e.jpeg\"  style=\"object-position:0% 0%\" width=\"6000\"\/>Advokat Madeleine Lillieh\u00f6\u00f6k f\u00f6retr\u00e4der de tv\u00e5 barnfamiljerna i J\u00f6nk\u00f6ping sedan 2021. Foto: Krister HanssonVisa mer  <\/p>\n<p class=\"_textTheme_16ipd_1 _paragraph_16k26_4 _paragraph_3ue4t_27 layout-component layout-normal layout-padded body-medium\">Advokat Madeleine Lillieh\u00f6\u00f6k har f\u00f6retr\u00e4tt de b\u00e5da barnfamiljerna sedan 2021. <\/p>\n<p class=\"_textTheme_16ipd_1 _paragraph_16k26_4 _paragraph_3ue4t_27 layout-component layout-normal layout-padded body-medium\">\u2013\u00a0Kommunen och L\u00e4nsstyrelsen har k\u00e4nt till f\u00f6reningarna sedan 2004. I samma stund som familjerna flyttade in f\u00f6rlorade deras hus i v\u00e4rde. Det g\u00e5r inte att s\u00e4lja f\u00f6rorenade fastigheter, s\u00e4ger hon.<\/p>\n<p class=\"_textTheme_16ipd_1 _paragraph_16k26_4 _paragraph_3ue4t_27 layout-component layout-normal layout-padded body-medium\">En eventuell k\u00f6pare blir skyldig att sanera hela fastigheten. Och det handlar om flera tiotals miljoner kronor.<\/p>\n<p class=\"_textTheme_16ipd_1 _paragraph_16k26_4 _paragraph_3ue4t_27 layout-component layout-normal layout-padded body-medium\">\u2013\u00a0Det h\u00e4r \u00e4r lite Davids kamp mot Goliat.<\/p>\n<p class=\"_textTheme_16ipd_1 _paragraph_16k26_4 _paragraph_3ue4t_27 layout-component layout-normal layout-padded body-medium\">Madeleine Lillieh\u00f6\u00f6k s\u00e4ger att \u00e4ven SGU har medgett att det kommer att bli en spridning av f\u00f6roreningarna n\u00e4r man v\u00e4rmer upp berget.<\/p>\n<p class=\"_textTheme_16ipd_1 _paragraph_16k26_4 _paragraph_3ue4t_27 layout-component layout-normal layout-padded body-medium\">\u2013\u00a0Att de inte sprider sig till de h\u00e4r fastigheterna nedstr\u00f6ms kan SGU inte garantera. Det h\u00e4r \u00e4r s\u00e5 uppr\u00f6rande. Jag kan inte f\u00f6rst\u00e5 hur man kan hantera barnfamiljer p\u00e5 det h\u00e4r viset. \u00c5ren g\u00e5r och de bara sitter fast i detta.<\/p>\n<p class=\"_textTheme_16ipd_1 _paragraph_16k26_4 _paragraph_3ue4t_27 layout-component layout-normal layout-padded body-medium\">\u2013\u00a0Det enda de vill \u00e4r att kommunen och l\u00e4nsstyrelsen g\u00f6r en ans\u00f6kan till Naturv\u00e5rdsverket f\u00f6r att f\u00e5 ta i anspr\u00e5k medel i en fond som finns d\u00e4r. F\u00f6r kommunen kommer det inneb\u00e4ra kostnad p\u00e5 kanske 3,8 miljoner att l\u00f6sa in b\u00e5da husen. Det \u00e4r det enda humana och rimliga i den h\u00e4r situationen.<\/p>\n<ul class=\"_gallery_1f6gv_33\" tabindex=\"0\">\n<li class=\"_item_1f6gv_64\" data-index=\"0\"><img decoding=\"async\" alt=\"\" class=\"_image_1rh6a_27 _articleGallery_1rh6a_43\" data-fullscreen- width=\"763\" height=\"643\" itemprop=\"image\" loading=\"lazy\"  src=\"https:\/\/www.europesays.com\/se\/wp-content\/uploads\/2026\/07\/4c3fb899-8c89-3748-bbee-74c3a5865f46.png\"  style=\"object-position:50% 50%;aspect-ratio:var(--gallery-aspect-ratio, 16 \/ 9)\"\/>Mejlet till Oscar Swahn fr\u00e5n kommunstyrelsens ordf\u00f6rande Mona Forsberg och tf stadsdirekt\u00f6r Thomas Bergholm.<\/li>\n<li class=\"_item_1f6gv_64\" data-index=\"1\"><img decoding=\"async\" alt=\"\" class=\"_image_1rh6a_27 _articleGallery_1rh6a_43\" data-fullscreen- width=\"681\" height=\"960\" itemprop=\"image\" loading=\"lazy\"  src=\"https:\/\/www.europesays.com\/se\/wp-content\/uploads\/2026\/07\/ab5a0325-7fb6-3df7-aeff-a120b7f4ff00.png\"  style=\"object-position:50% 50%;aspect-ratio:var(--gallery-aspect-ratio, 16 \/ 9)\"\/>Mona Forsberg (S), \u00e4r kommunstyrelsens ordf\u00f6rande i J\u00f6nk\u00f6ping sedan den 1 juni 2025. Hon eftertr\u00e4dde centerpartisten Anne-Marie Nilsson som var ordf\u00f6rande i elva \u00e5r. Foto: J\u00f6nk\u00f6pings kommun<\/li>\n<\/ul>\n<p>Mejlet till Oscar Swahn fr\u00e5n kommunstyrelsens ordf\u00f6rande Mona Forsberg och tf stadsdirekt\u00f6r Thomas Bergholm.<\/p>\n<p class=\"_textTheme_16ipd_1 _paragraph_16k26_4 _paragraph_3ue4t_27 layout-component layout-normal layout-padded body-medium\">Oscar Swahn har f\u00f6rs\u00f6kt f\u00e5 till ett nytt m\u00f6te med kommunen, men f\u00e5tt nej i ett mejl. <\/p>\n<p class=\"_textTheme_16ipd_1 _paragraph_16k26_4 _paragraph_3ue4t_27 layout-component layout-normal layout-padded body-medium\">Kommunstyrelsens ordf\u00f6rande Mona Forsberg (S) skriver d\u00e4r att anledningen till att saneringsarbetet blivit uppskjutet \u00e4r f\u00f6r att barnfamiljerna lagenligt \u00f6verklagat fattade beslut.<\/p>\n<p class=\"_textTheme_16ipd_1 _paragraph_16k26_4 _paragraph_3ue4t_27 layout-component layout-normal layout-padded body-medium\">Men enligt ett besked fr\u00e5n kommunen skulle allt saneringsarbete vara klart 2021. <\/p>\n<p class=\"_textTheme_16ipd_1 _paragraph_16k26_4 _paragraph_3ue4t_27 layout-component layout-normal layout-padded body-medium\">Under de tre \u00e5r som barnfamiljerna bodde i ers\u00e4ttningsbost\u00e4der f\u00f6r att ledningar och r\u00f6r skulle bytas och marken saneras gjordes varken det ena eller det andra.<\/p>\n<p class=\"_textTheme_16ipd_1 _paragraph_16k26_4 _paragraph_3ue4t_27 layout-component layout-normal layout-padded body-medium\">Aftonbladet f\u00e5r kontakt med Mona Forsberg som f\u00f6rst vill svara skriftligt p\u00e5 fr\u00e5gorna, men sedan ringer upp efter l\u00f6fte om en snabb intervju.<\/p>\n<p class=\"_textTheme_16ipd_1 _paragraph_16k26_4 _paragraph_3ue4t_27 layout-component layout-normal layout-padded body-medium\"><strong class=\"_strong_16k26_20\">Familjerna Ohlin och Swahn flyttade ut fr\u00e5n sina hus under tre \u00e5r, under tiden skulle omr\u00e5det saneras. Sen skulle de pl\u00f6tsligt flytta tillbaka utan att omr\u00e5det sanerats. Hur kommer det sig?<\/strong><\/p>\n<p class=\"_textTheme_16ipd_1 _paragraph_16k26_4 _paragraph_3ue4t_27 layout-component layout-normal layout-padded body-medium\">\u2013\u00a0Allts\u00e5 de fr\u00e5gorna f\u00e5r du ta vidare med SGU, f\u00f6r det \u00e4r de som nu \u00e4r huvudman i det. Vi f\u00f6ljer projektet, men det \u00e4r SGU som \u00e4ger sj\u00e4lva processg\u00e5ngen och fr\u00e5gan.<\/p>\n<p class=\"_textTheme_16ipd_1 _paragraph_16k26_4 _paragraph_3ue4t_27 layout-component layout-normal layout-padded body-medium\"><strong class=\"_strong_16k26_20\">Men det \u00e4r J\u00f6nk\u00f6pings kommun som \u00e4r uppdragsgivare, ni m\u00e5ste vara insatta i problematiken?<\/strong><\/p>\n<p class=\"_textTheme_16ipd_1 _paragraph_16k26_4 _paragraph_3ue4t_27 layout-component layout-normal layout-padded body-medium\">\u2013\u00a0Ja, men jag \u00e4r inte insatt i detaljerna i de h\u00e4r \u00e4rendena. Det ligger p\u00e5 tj\u00e4nstemannaniv\u00e5, men det \u00e4r SGU som \u00e4ger sj\u00e4lva projektet.<\/p>\n<p class=\"_textTheme_16ipd_1 _paragraph_16k26_4 _paragraph_3ue4t_27 layout-component layout-normal layout-padded body-medium\"><strong class=\"_strong_16k26_20\">De utf\u00f6r saneringen, men ni \u00e4r ansvariga f\u00f6r inv\u00e5narna i J\u00f6nk\u00f6pings kommun, eller hur? Nu tycks det vara s\u00e5 att de h\u00e4r familjerna tvingas bo kvar under saneringen, som verkar vara planerad till 2027.<\/strong><\/p>\n<p class=\"_textTheme_16ipd_1 _paragraph_16k26_4 _paragraph_3ue4t_27 layout-component layout-normal layout-padded body-medium\">\u2013\u00a0Jag \u00e4r inte i nul\u00e4get insatt i vilka tider de har f\u00e5tt. Det som \u00e4r angel\u00e4get f\u00f6r oss \u00e4r att det ska komma ig\u00e5ng s\u00e5 snart som m\u00f6jligt. Men \u00e5terigen, det \u00e4r SGU som \u00e4r huvudmannen f\u00f6r det. \u00c4ven om vi \u00e4r uppdragsgivare s\u00e5 \u00e4r de huvudmannen. Och d\u00e5 \u00e4r det ocks\u00e5 de som \u00e4ger sj\u00e4lva processen.<\/p>\n<p class=\"_textTheme_16ipd_1 _paragraph_16k26_4 _paragraph_3ue4t_27 layout-component layout-normal layout-padded body-medium\"><strong class=\"_strong_16k26_20\">Men ska familjerna bo kvar under saneringen \u00e4r min fr\u00e5ga. Det \u00e4r v\u00e4l inte SGU:s fr\u00e5ga?<\/strong><\/p>\n<p class=\"_textTheme_16ipd_1 _paragraph_16k26_4 _paragraph_3ue4t_27 layout-component layout-normal layout-padded body-medium\">\u2013\u00a0Nej, men deras bed\u00f6mning, det vi har f\u00e5tt fr\u00e5n b\u00e5de SGU och L\u00e4nsstyrelsen tidigare \u00e4r att familjerna kan bo d\u00e4r.<\/p>\n<p class=\"_textTheme_16ipd_1 _paragraph_16k26_4 _paragraph_3ue4t_27 layout-component layout-normal layout-padded body-medium\"><strong class=\"_strong_16k26_20\">Men varf\u00f6r flyttades de bort i tre \u00e5r? D\u00e5 ans\u00e5gs det inte vara h\u00e4lsosamt att bo kvar \u2013 pl\u00f6tsligt \u00e4r det det?<\/strong><\/p>\n<p class=\"_textTheme_16ipd_1 _paragraph_16k26_4 _paragraph_3ue4t_27 layout-component layout-normal layout-padded body-medium\"><strong class=\"_strong_16k26_20\">\u2013<\/strong>\u00a0Ja, men de g\u00f6r ju m\u00e4tningar. Jag kan inte g\u00e5 in p\u00e5 de fr\u00e5gorna nu.<\/p>\n<p class=\"_textTheme_16ipd_1 _paragraph_16k26_4 _paragraph_3ue4t_27 layout-component layout-normal layout-padded body-medium\"><strong class=\"_strong_16k26_20\">Du blev erbjuden att dricka vatten\u2026<\/strong><\/p>\n<p class=\"_textTheme_16ipd_1 _paragraph_16k26_4 _paragraph_3ue4t_27 layout-component layout-normal layout-padded body-medium\">\u2013 Nej, men nu tackar jag nej f\u00f6r den h\u00e4r intervjun, s\u00e5 nu f\u00e5r det faktiskt r\u00e4cka, s\u00e4ger Mona Forsberg och l\u00e4gger p\u00e5 luren.<\/p>\n<p> Fr\u00e5gorna som inte fick svar fr\u00e5n Mona Forsberg<\/p>\n<p class=\"_textTheme_16ipd_1 _paragraph_16k26_4 _paragraph_3ue4t_27 _paragraph_1si9r_57 layout-component layout-normal layout-padded body-small\">\u2022 Varf\u00f6r gjordes ingen sanering under tiden barnfamiljerna var evakuerade? Varf\u00f6r f\u00f6rv\u00e4ntas de nu bo kvar under en kommande sanering?<\/p>\n<p class=\"_textTheme_16ipd_1 _paragraph_16k26_4 _paragraph_3ue4t_27 _paragraph_1si9r_57 layout-component layout-normal layout-padded body-small\">\u2022 Du blev erbjuden att dricka vatten fr\u00e5n Mariebo 2020, men nekade. Trots det tycker du att det \u00e4r riskfritt f\u00f6r tv\u00e5 barnfamiljer att dricka det?<\/p>\n<p class=\"_textTheme_16ipd_1 _paragraph_16k26_4 _paragraph_3ue4t_27 _paragraph_1si9r_57 layout-component layout-normal layout-padded body-small\">\u2022 Hur kommer det sig att kommunen \u00e4r b\u00e5de uppdragsgivare och tillsynsman f\u00f6r saneringen? <\/p>\n<p class=\"_textTheme_16ipd_1 _paragraph_16k26_4 _paragraph_3ue4t_27 _paragraph_1si9r_57 layout-component layout-normal layout-padded body-small\">\u2022 Gifthalterna \u00f6verstiger tidvis de nationella gr\u00e4nsv\u00e4rdena, varf\u00f6r l\u00f6ser inte kommunen in Ohlins och Swahns fastigheter?<\/p>\n<p class=\"_textTheme_16ipd_1 _paragraph_16k26_4 _paragraph_3ue4t_27 _paragraph_1si9r_57 layout-component layout-normal layout-padded body-small\">\u2022 Har mark- och vattenprover tagits p\u00e5 alla fastigheter runt kvarteret p\u00e5 Mariebo? <\/p>\n<p>L\u00e4s mer <img alt=\"\" class=\"_image_1jxax_84 layout-component layout-normal\" data-fullscreen- data-track-element-type=\"Article image fullscreen\" data-track-name=\"ImageFullscreen\" decoding=\"async\" loading=\"lazy\" height=\"4000\" itemprop=\"image\"  src=\"https:\/\/www.europesays.com\/se\/wp-content\/uploads\/2026\/07\/b0ae2e9c-8c48-3051-9d23-8c6344ea4a28.jpeg\"  style=\"object-position:0% 0%\" width=\"6000\"\/> Foto: Krister HanssonVisa mer  <\/p>\n<p class=\"_textTheme_16ipd_1 _paragraph_16k26_4 _paragraph_3ue4t_27 layout-component layout-normal layout-padded body-medium\">Jonathan plockar upp en trampbil och ett fotbollsm\u00e5l fr\u00e5n altanen och st\u00e4dar undan.<\/p>\n<p class=\"_textTheme_16ipd_1 _paragraph_16k26_4 _paragraph_3ue4t_27 layout-component layout-normal layout-padded body-medium\">\u2013\u00a0Vi gillar omr\u00e5det, men d\u00e5 ska det vara sanerat och f\u00e4rdigt. D\u00e5 ska vi kunna f\u00e5 ett papper p\u00e5 att det \u00e4r giftfritt. Vi ska inte k\u00e4nna n\u00e5gon os\u00e4kerhet. Barnen har inte n\u00e5gon aning, de springer runt h\u00e4r barfota \u2013 men vet inte att de springer fem meter fr\u00e5n cancerframkallande \u00e4mnen, s\u00e4ger han.<\/p>\n<p class=\"_textTheme_16ipd_1 _paragraph_16k26_4 _paragraph_3ue4t_27 layout-component layout-normal layout-padded body-medium\">Oscar s\u00e4ger uppgivet:<\/p>\n<p class=\"_textTheme_16ipd_1 _paragraph_16k26_4 _paragraph_3ue4t_27 layout-component layout-normal layout-padded body-medium\">\u2013 Just vetskapen att vi inte vet n\u00e5gonting, om det h\u00e4r tar tio \u00e5r, fem eller 20 \u00e5r till. Just nu \u00e4r det ju vad vi har att g\u00e5 p\u00e5. Vi vet ingenting. Vi \u00e4r fast h\u00e4r.<\/p>\n<ul class=\"_gallery_1f6gv_33\" tabindex=\"0\">\n<li class=\"_item_1f6gv_64\" data-index=\"0\"><img decoding=\"async\" alt=\"\" class=\"_image_1rh6a_27 _articleGallery_1rh6a_43\" data-fullscreen- width=\"3759\" height=\"2819\" itemprop=\"image\" loading=\"lazy\"  src=\"https:\/\/www.europesays.com\/se\/wp-content\/uploads\/2026\/07\/4fc4ccfd-aacb-3cb3-b58b-86744c77d585.jpeg\"  style=\"object-position:50% 50%;aspect-ratio:var(--gallery-aspect-ratio, 16 \/ 9)\"\/>Aftonbladets uts\u00e4nda, Christina Nordh och Krister Hansson. Foto: Christina Nordh<\/li>\n<li class=\"_item_1f6gv_64\" data-index=\"1\"><img decoding=\"async\" alt=\"\" class=\"_image_1rh6a_27 _articleGallery_1rh6a_43\" data-fullscreen- width=\"1436\" height=\"172\" itemprop=\"image\" loading=\"lazy\"  src=\"https:\/\/www.europesays.com\/se\/wp-content\/uploads\/2026\/07\/71c4985b-ce5f-307e-aa50-10ec06cd2de5.jpeg\"  style=\"object-position:50% 50%;aspect-ratio:var(--gallery-aspect-ratio, 16 \/ 9)\"\/><\/li>\n<\/ul>\n<p>Aftonbladets uts\u00e4nda, Christina Nordh och Krister Hansson. Foto: Christina Nordh<\/p>\n<p> Marieboskandalen \u2013 detta har h\u00e4nt<\/p>\n<ul class=\"_list_16k26_3 _list_3ue4t_26 _list_1si9r_56 _unordered_16k26_103 _textTheme_16ipd_1 layout-component layout-normal layout-padded body-small\">\n<li class=\"_item_16k26_63\">Aftonbladet har i <a href=\"https:\/\/www.aftonbladet.se\/story\/forgiftade-tomerna-i-jonkoping\" class=\"_link_16k26_32\" rel=\"nofollow noopener\" target=\"_blank\">en rad artiklar<\/a> ber\u00e4ttat om omr\u00e5det Mariebo i J\u00f6nk\u00f6ping.<\/li>\n<li class=\"_item_16k26_63\">Tidigare l\u00e5g h\u00e4r en kemtv\u00e4tt, under \u00e5ren 1952\u20131975.<\/li>\n<li class=\"_item_16k26_63\">Marken har aldrig varit i kommunens \u00e4go, men kommunen har godk\u00e4nt detaljplan, rivningsplan och bygglov. Det gjordes redan 1982. Utan att man unders\u00f6kte om marken var l\u00e4mplig f\u00f6r bost\u00e4der.<\/li>\n<li class=\"_item_16k26_63\">Kommunen h\u00e4vdar att man inte hade anledning att veta om eller k\u00e4nna till att marken var f\u00f6rorenad. Men redan i b\u00f6rjan av 1980-talet var det allm\u00e4nt k\u00e4nd att fastigheter d\u00e4r det hade bedrivits kemtv\u00e4tt var sv\u00e5rt f\u00f6rorenade.<\/li>\n<li class=\"_item_16k26_63\">Barnfamiljerna Ohlin och Swahn, som tillsammans har fem barn, har i runt elva \u00e5r f\u00f6rs\u00f6kt f\u00e5 kommunen att l\u00f6sa in deras fastigheter. Precis som de sju fastigheterna intill som alla l\u00f6stes in och d\u00e4r sex hus revs.<\/li>\n<li class=\"_item_16k26_63\"><strong class=\"_strong_16k26_20\">1928<\/strong> kom den f\u00f6rsta motionen om trikloreten i riksdagen.<\/li>\n<li class=\"_item_16k26_63\">Advokat Madeleine Lillieh\u00f6\u00f6k h\u00e4vdar att kommunen var v\u00e4l medveten om f\u00f6roreningarna fr\u00e5n kemtv\u00e4tten redan 1982, om inte tidigare \u00e4nd\u00e5.<\/li>\n<li class=\"_item_16k26_63\"><strong class=\"_strong_16k26_20\">1999<\/strong> p\u00e5b\u00f6rjade l\u00e4nsstyrelsen en storskallig inventering av misst\u00e4nkt f\u00f6rorenade omr\u00e5den i landets kommuner.<\/li>\n<li class=\"_item_16k26_63\"><strong class=\"_strong_16k26_20\">2013<\/strong> identifierade l\u00e4nsstyrelsen Mariebo som ett omr\u00e5de med riskklass 1, ett omr\u00e5de med mycket stor risk f\u00f6r m\u00e4nniskors h\u00e4lsa.<\/li>\n<li class=\"_item_16k26_63\">N\u00e4r fastighets\u00e4garna ville bli utl\u00f6sta h\u00e4vdade kommunen att det inte gick f\u00f6r att det g\u00e5tt mer \u00e4n tio \u00e5r sedan husen byggdes.<\/li>\n<li class=\"_item_16k26_63\"><strong class=\"_strong_16k26_20\">2015<\/strong> bekr\u00e4ftades omfattande f\u00f6roreningar i omr\u00e5det, som beh\u00f6ll riskklass 1.<\/li>\n<li class=\"_item_16k26_63\"><strong class=\"_strong_16k26_20\">2018<\/strong> tog Statens geologiska unders\u00f6kningar, SGU, \u00f6ver huvudmannaskapet fr\u00e5n J\u00f6nk\u00f6pings kommun. <\/li>\n<li class=\"_item_16k26_63\"><strong class=\"_strong_16k26_20\">2023\u20132024 <\/strong>revs sju fastigheter med sex hus inf\u00f6r en sanering som \u00e4nnu inte har p\u00e5b\u00f6rjats.<\/li>\n<li class=\"_item_16k26_63\"><strong class=\"_strong_16k26_20\">V\u00e5ren 2025<\/strong> Familjerna Swahn och Ohlin \u00f6verklagade n\u00e4r SGU s\u00f6kte tillst\u00e5nd f\u00f6r sanering i Mark- och milj\u00f6domstolen. \u201dMan hade inte gjort n\u00e5got f\u00f6r att skydda oss, f\u00f6r det \u00e4r ett sprickberg\u201d, s\u00e4ger Oscar Swahn.<\/li>\n<li class=\"_item_16k26_63\"><strong class=\"_strong_16k26_20\">November 2025. <\/strong>SGU beviljades tillst\u00e5nd f\u00f6r sanering p\u00e5 Mariebo.<\/li>\n<li class=\"_item_16k26_63\">N\u00e5gra veckor senare avslogs barnfamiljernas \u00f6verklagan i Mark- och milj\u00f6\u00f6verdomstolen. De har inte \u00f6verklagat avslaget till H\u00f6gsta domstolen.<\/li>\n<\/ul>\n<p>L\u00e4s mer <\/p>\n<ul class=\"_gallery_1f6gv_33\" tabindex=\"0\">\n<li class=\"_item_1f6gv_64\" data-index=\"0\"><img decoding=\"async\" alt=\"\" class=\"_image_1rh6a_27 _articleGallery_1rh6a_43\" data-fullscreen- width=\"598\" height=\"896\" itemprop=\"image\" loading=\"lazy\"  src=\"https:\/\/www.europesays.com\/se\/wp-content\/uploads\/2026\/07\/80f070d8-910d-32b9-ac29-53f2e2715cda.png\"  style=\"object-position:50% 50%;aspect-ratio:var(--gallery-aspect-ratio, 16 \/ 9)\"\/>Redan 1936 lades en motion fram i riksdagen om ett f\u00f6rbud f\u00f6r farliga kemiska \u00e4mnen, d\u00e4ribland trikloretylen.<\/li>\n<li class=\"_item_1f6gv_64\" data-index=\"1\"><img decoding=\"async\" alt=\"\" class=\"_image_1rh6a_27 _articleGallery_1rh6a_43\" data-fullscreen- width=\"600\" height=\"895\" itemprop=\"image\" loading=\"lazy\"  src=\"https:\/\/www.europesays.com\/se\/wp-content\/uploads\/2026\/07\/db18d517-b62b-3b2b-a45a-4475407369c2.png\"  style=\"object-position:50% 50%;aspect-ratio:var(--gallery-aspect-ratio, 16 \/ 9)\"\/>Motionen beskriver bland annat trikloretylen som skadligt f\u00f6r m\u00e4nniskors h\u00e4lsa.<\/li>\n<\/ul>\n<p>Redan 1936 lades en motion fram i riksdagen om ett f\u00f6rbud f\u00f6r farliga kemiska \u00e4mnen, d\u00e4ribland trikloretylen.<\/p>\n<p> F\u00f6roreningarna i Mariebo<\/p>\n<ul class=\"_list_16k26_3 _list_3ue4t_26 _list_1si9r_56 _unordered_16k26_103 _textTheme_16ipd_1 layout-component layout-normal layout-padded body-small\">\n<li class=\"_item_16k26_63\">Efter utredningarna av den gamla kemtv\u00e4tten F\u00e4rgaren i Mariebo konstaterades att marken och grundvattnet fr\u00e4mst hade f\u00f6rorenats av <strong class=\"_strong_16k26_20\">klorerade l\u00f6sningsmedel<\/strong> som anv\u00e4ndes i kemtv\u00e4ttsverksamheten 1952\u20131975.<\/li>\n<li class=\"_item_16k26_63\">De \u00e4mnen som identifierades var:<br \/><strong class=\"_strong_16k26_20\">Tetrakloreten (perkloretylen, PCE) <\/strong>Det huvudsakliga kemtv\u00e4ttsmedlet.<br \/><strong class=\"_strong_16k26_20\">Trikloreten (TCE<\/strong>) Nedbrytningsprodukt fr\u00e5n PCE.<br \/><strong class=\"_strong_16k26_20\">Dikloreten<\/strong> (<strong class=\"_strong_16k26_20\">DCE) <\/strong>Ytterligare nedbrytningsprodukt.<br \/><strong class=\"_strong_16k26_20\">Vinylklorid (VC) <\/strong>Nedbrytningsprodukt som \u00e4r mycket problematisk fr\u00e5n h\u00e4lsosynpunkt.<\/li>\n<li class=\"_item_16k26_63\">Spill fr\u00e5n verksamheten ledde till att b\u00e5de jord och grundvatten f\u00f6rorenades av PCE. Med tiden har PCE brutits ned till bland annat TCE, DCE och VC. De har alla hittats i omr\u00e5det.<\/li>\n<li class=\"_item_16k26_63\">L\u00e4nsstyrelsen klassar omr\u00e5det i riskklass 1, den h\u00f6gsta riskklassen f\u00f6r f\u00f6rorenade omr\u00e5det. Det inneb\u00e4r mycket stor risk f\u00f6r m\u00e4nniskors h\u00e4lsa och\/eller milj\u00f6.<\/li>\n<\/ul>\n<p>S\u00e5 p\u00e5verkar \u00e4mnena m\u00e4nniskanTetrakloreten (PCE, perkloretylen) <\/p>\n<p class=\"_textTheme_16ipd_1 _paragraph_16k26_4 _paragraph_3ue4t_27 _paragraph_1si9r_57 layout-component layout-normal layout-padded title-small\"><strong class=\"_strong_16k26_20\">Kortvarig exponering (h\u00f6ga halter) av tetrakloreten (PCE, perkloretylen)<\/strong><br \/>huvudv\u00e4rk, yrsel, tr\u00f6tthet, illam\u00e5ende, koncentrationssv\u00e5righeter, irritation i \u00f6gon och luftv\u00e4gar.<\/p>\n<p class=\"_textTheme_16ipd_1 _paragraph_16k26_4 _paragraph_3ue4t_27 _paragraph_1si9r_57 layout-component layout-normal layout-padded title-small\"><strong class=\"_strong_16k26_20\">L\u00e5ngvarig exponering av tetrakloreten (PCE, perkloretylen)<\/strong><br \/>Nervsystemet p\u00e5verkas, minnes- och koncentrationsproblem, lever- och njurp\u00e5verkan och \u00f6kad risk f\u00f6r flera olika cancerformer. PCE klassas som cancerframkallande f\u00f6r m\u00e4nniskor av internationella cancerforskningsinstitutet (IARC).<\/p>\n<p>Trikloreten (TCE)<\/p>\n<p class=\"_textTheme_16ipd_1 _paragraph_16k26_4 _paragraph_3ue4t_27 _paragraph_1si9r_57 layout-component layout-normal layout-padded title-small\">Anv\u00e4ndes bland annat som avfettningsmedel och bildas ocks\u00e5 n\u00e4r PCE bryts ned.<\/p>\n<p class=\"_textTheme_16ipd_1 _paragraph_16k26_4 _paragraph_3ue4t_27 _paragraph_1si9r_57 layout-component layout-normal layout-padded title-small\"><strong class=\"_strong_16k26_20\">Kortvarig exponering av TCE<\/strong><\/p>\n<p class=\"_textTheme_16ipd_1 _paragraph_16k26_4 _paragraph_3ue4t_27 _paragraph_1si9r_57 layout-component layout-normal layout-padded title-small\">yrsel, huvudv\u00e4rk, d\u00e5sighet och illam\u00e5ende.<\/p>\n<p class=\"_textTheme_16ipd_1 _paragraph_16k26_4 _paragraph_3ue4t_27 _paragraph_1si9r_57 layout-component layout-normal layout-padded title-small\"><strong class=\"_strong_16k26_20\">L\u00e5ngvarig exponering av TCE<\/strong><br \/>nervskador, lever- och njurskador, immunf\u00f6rsvaret p\u00e5verkas och risken f\u00f6r njurcancer \u00f6kar. TCE klassas som cancerframkallande f\u00f6r m\u00e4nniskor.<\/p>\n<p>Dikloreten (DCE)<\/p>\n<p class=\"_textTheme_16ipd_1 _paragraph_16k26_4 _paragraph_3ue4t_27 _paragraph_1si9r_57 layout-component layout-normal layout-padded title-small\">DCE \u00e4r en nedbrytningsprodukt fr\u00e5n PCE och TCE.<\/p>\n<p class=\"_textTheme_16ipd_1 _paragraph_16k26_4 _paragraph_3ue4t_27 _paragraph_1si9r_57 layout-component layout-normal layout-padded title-small\"><strong class=\"_strong_16k26_20\">Vid h\u00f6gre exponering av DCE<\/strong><br \/>Huvudv\u00e4rk, yrsel och tr\u00f6tthet.<\/p>\n<p class=\"_textTheme_16ipd_1 _paragraph_16k26_4 _paragraph_3ue4t_27 _paragraph_1si9r_57 layout-component layout-normal layout-padded title-small\"><strong class=\"_strong_16k26_20\">L\u00e5ngvarig exponering av DCE<\/strong><br \/>Levern och nervsystemet kan p\u00e5verkas.<\/p>\n<p>Vinylklorid (VC)<\/p>\n<p class=\"_textTheme_16ipd_1 _paragraph_16k26_4 _paragraph_3ue4t_27 _paragraph_1si9r_57 layout-component layout-normal layout-padded title-small\">Vinylklorid \u00e4r den mest problematiska nedbrytningsprodukten ur h\u00e4lsosynpunkt. F\u00f6r stora f\u00f6rorenade omr\u00e5den kan det ta \u00f6ver hundra \u00e5r att brytas ner naturligt.<\/p>\n<p class=\"_textTheme_16ipd_1 _paragraph_16k26_4 _paragraph_3ue4t_27 _paragraph_1si9r_57 layout-component layout-normal layout-padded title-small\"><strong class=\"_strong_16k26_20\">Kortvarig exponering vid h\u00f6ga halter av VC<\/strong><br \/>Yrsel, d\u00e5sighet och huvudv\u00e4rk.<\/p>\n<p class=\"_textTheme_16ipd_1 _paragraph_16k26_4 _paragraph_3ue4t_27 _paragraph_1si9r_57 layout-component layout-normal layout-padded title-small\"><strong class=\"_strong_16k26_20\">L\u00e5ngvarig exponering av VC<\/strong><br \/>Leverskador, skador p\u00e5 blodk\u00e4rl, p\u00e5verkan p\u00e5 nervsystemet och kraftigt \u00f6kad risk f\u00f6r levercancer. VC klassas som cancerframkallande f\u00f6r m\u00e4nniskor.<\/p>\n<p class=\"_textTheme_16ipd_1 _paragraph_16k26_4 _paragraph_3ue4t_27 _paragraph_1si9r_57 layout-component layout-normal layout-padded title-small\">K\u00e4llor: <a href=\"https:\/\/www.lansstyrelsen.se\/jonkoping\/miljo-och-vatten\/fororenade-omraden\/kemtvatt-fargaren.html\" class=\"_link_16k26_32\" rel=\"nofollow noopener\" target=\"_blank\">L\u00e4nsstyrelsen J\u00f6nk\u00f6pings l\u00e4n<\/a>, <a href=\"https:\/\/www.sgu.se\/samhallsplanering\/fororenade-omraden\/kemtvattar\/fd-fargaren-jonkoping\/\" class=\"_link_16k26_32\" rel=\"nofollow noopener\" target=\"_blank\">SGU:s projektsida<\/a>, <a href=\"https:\/\/inchem.org\/documents\/ehc\/ehc\/ehc31.htm\" class=\"_link_16k26_32\" rel=\"nofollow noopener\" target=\"_blank\">WHO\/IPCS om tetrakloreten<\/a>, <a href=\"https:\/\/monographs.iarc.who.int\" class=\"_link_16k26_32\" rel=\"nofollow noopener\" target=\"_blank\">IARC Monographs om PCE och TCE<\/a> och <a href=\"https:\/\/www.jonkoping.se\/bygga-bo--miljo\/miljo-och-halsa\/fororenade-omraden-saneringsarbeten\/fororenad-mark-fargaren-mariebo\" class=\"_link_16k26_32\" rel=\"nofollow noopener\" target=\"_blank\">J\u00f6nk\u00f6pings kommun.<\/a><\/p>\n<p>L\u00e4s mer          <\/p>\n","protected":false},"excerpt":{"rendered":"Han serverar vatten p\u00e5 den inglasade verandan. Det \u00e4r f\u00f6r varmt f\u00f6r att sitta p\u00e5 altanen. F\u00f6r den&hellip;\n","protected":false},"author":2,"featured_media":309389,"comment_status":"","ping_status":"","sticky":false,"template":"","format":"standard","meta":{"footnotes":"","_share_on_mastodon":"0"},"categories":[5],"tags":[23641,22,23,26,27,17,21,559,30832,528,6032,24,25,28,29,30833,30834,11031,15,16,3744,18,34,31,33,32,30,19,20],"class_list":["post-309388","post","type-post","status-publish","format-standard","has-post-thumbnail","category-rubriker","tag-barnkonventionen","tag-breaking-news","tag-breakingnews","tag-featured-news","tag-featurednews","tag-headlines","tag-huvudnyheter","tag-jonkoping","tag-kemisk-industri","tag-klimat-miljo","tag-klimatforandringar","tag-latest-news","tag-latestnews","tag-main-news","tag-mainnews","tag-mark-och-miljodomstolen","tag-miljoforstoring","tag-naturvardsverket","tag-news","tag-nyheter","tag-psykisk-halsa","tag-rubriker","tag-se","tag-svenska","tag-sverige","tag-sweden","tag-swedish","tag-top-stories","tag-topstories"],"share_on_mastodon":{"url":"https:\/\/pubeurope.com\/@se\/116944889431068518","error":""},"_links":{"self":[{"href":"https:\/\/www.europesays.com\/se\/wp-json\/wp\/v2\/posts\/309388","targetHints":{"allow":["GET"]}}],"collection":[{"href":"https:\/\/www.europesays.com\/se\/wp-json\/wp\/v2\/posts"}],"about":[{"href":"https:\/\/www.europesays.com\/se\/wp-json\/wp\/v2\/types\/post"}],"author":[{"embeddable":true,"href":"https:\/\/www.europesays.com\/se\/wp-json\/wp\/v2\/users\/2"}],"replies":[{"embeddable":true,"href":"https:\/\/www.europesays.com\/se\/wp-json\/wp\/v2\/comments?post=309388"}],"version-history":[{"count":0,"href":"https:\/\/www.europesays.com\/se\/wp-json\/wp\/v2\/posts\/309388\/revisions"}],"wp:featuredmedia":[{"embeddable":true,"href":"https:\/\/www.europesays.com\/se\/wp-json\/wp\/v2\/media\/309389"}],"wp:attachment":[{"href":"https:\/\/www.europesays.com\/se\/wp-json\/wp\/v2\/media?parent=309388"}],"wp:term":[{"taxonomy":"category","embeddable":true,"href":"https:\/\/www.europesays.com\/se\/wp-json\/wp\/v2\/categories?post=309388"},{"taxonomy":"post_tag","embeddable":true,"href":"https:\/\/www.europesays.com\/se\/wp-json\/wp\/v2\/tags?post=309388"}],"curies":[{"name":"wp","href":"https:\/\/api.w.org\/{rel}","templated":true}]}}