{"id":309531,"date":"2026-07-19T08:12:19","date_gmt":"2026-07-19T08:12:19","guid":{"rendered":"https:\/\/www.europesays.com\/se\/309531\/"},"modified":"2026-07-19T08:12:19","modified_gmt":"2026-07-19T08:12:19","slug":"gator-med-nazistnamn-dops-om-efter-kvinnor-i-salzburg-varlden","status":"publish","type":"post","link":"https:\/\/www.europesays.com\/se\/309531\/","title":{"rendered":"Gator med nazistnamn d\u00f6ps om efter kvinnor i Salzburg | V\u00e4rlden"},"content":{"rendered":"<p>Publicerad 19 jul 2026 kl 08.27<\/p>\n<p>\u00d6sterrikiska Salzburg planerar att d\u00f6pa om gator som fortfarande har namn efter nazister eller personer som gynnades av Hitlerregimen.<\/p>\n<p>Kvinnor prioriteras n\u00e4r nya namn v\u00e4ljs.<\/p>\n<p><img   alt=\"\"\/> <\/p>\n<p>Foto: CHRISTIAN BRUNA \/ EPA \/ TT \/ TT NYHETSBYR\u00c5N<\/p>\n<p>\u00d6ppna bild i helsk\u00e4rm<\/p>\n<p>Att byta ut gatunamn med nazikoppling har dragit ut p\u00e5 tiden i \u00d6sterrike. I <a href=\"https:\/\/www.expressen.se\/tagg\/location\/salzburg\/\" class=\"\" rel=\"nofollow noopener\" target=\"_blank\">Salzburg<\/a> beskrevs ett namnbyte i april f\u00f6rra \u00e5ret som ett av de f\u00f6rsta i sitt slag.<\/p>\n<p>I \u00e5r kommer \u00e4ven Josef Thoraks gata att d\u00f6pas om till Helene von Taussigs gata, enligt en rapport fr\u00e5n kommunen som v\u00e4ntas r\u00f6stas igenom i stadsfullm\u00e4ktige.<\/p>\n<p>N\u00e4sta \u00e5r ska gatunamnen Hans Pfitzner och Erich Schenk bytas till Anna Reindl och Elsa Bienenfeld. \u00c4ven gatorna Gustav Resatz och Erich Landgrebe kommer att d\u00f6pas om.<\/p>\n<p>Mer ber\u00f6mda namn f\u00e5r v\u00e4nta. Herbert von Karajan och Ferdinand Porsche, v\u00e4rldsk\u00e4nda \u00f6sterrikare som var med i nazistpartiet, n\u00e4mns i kommunens rapport. Men att stryka deras namn v\u00e4ntas m\u00f6ta mer motst\u00e5nd.<\/p>\n","protected":false},"excerpt":{"rendered":"Publicerad 19 jul 2026 kl 08.27 \u00d6sterrikiska Salzburg planerar att d\u00f6pa om gator som fortfarande har namn efter&hellip;\n","protected":false},"author":2,"featured_media":309532,"comment_status":"","ping_status":"","sticky":false,"template":"","format":"standard","meta":{"footnotes":"","_share_on_mastodon":"0"},"categories":[14],"tags":[22,23,26,27,17,21,24,25,28,29,15,16,5178,18,30844,34,31,33,32,30,19,20,51,52,53,54],"class_list":["post-309531","post","type-post","status-publish","format-standard","has-post-thumbnail","category-varlden","tag-breaking-news","tag-breakingnews","tag-featured-news","tag-featurednews","tag-headlines","tag-huvudnyheter","tag-latest-news","tag-latestnews","tag-main-news","tag-mainnews","tag-news","tag-nyheter","tag-osterrike","tag-rubriker","tag-salzburg","tag-se","tag-svenska","tag-sverige","tag-sweden","tag-swedish","tag-top-stories","tag-topstories","tag-varlden","tag-world","tag-world-news","tag-worldnews"],"share_on_mastodon":{"url":"https:\/\/pubeurope.com\/@se\/116945639508007209","error":""},"_links":{"self":[{"href":"https:\/\/www.europesays.com\/se\/wp-json\/wp\/v2\/posts\/309531","targetHints":{"allow":["GET"]}}],"collection":[{"href":"https:\/\/www.europesays.com\/se\/wp-json\/wp\/v2\/posts"}],"about":[{"href":"https:\/\/www.europesays.com\/se\/wp-json\/wp\/v2\/types\/post"}],"author":[{"embeddable":true,"href":"https:\/\/www.europesays.com\/se\/wp-json\/wp\/v2\/users\/2"}],"replies":[{"embeddable":true,"href":"https:\/\/www.europesays.com\/se\/wp-json\/wp\/v2\/comments?post=309531"}],"version-history":[{"count":0,"href":"https:\/\/www.europesays.com\/se\/wp-json\/wp\/v2\/posts\/309531\/revisions"}],"wp:featuredmedia":[{"embeddable":true,"href":"https:\/\/www.europesays.com\/se\/wp-json\/wp\/v2\/media\/309532"}],"wp:attachment":[{"href":"https:\/\/www.europesays.com\/se\/wp-json\/wp\/v2\/media?parent=309531"}],"wp:term":[{"taxonomy":"category","embeddable":true,"href":"https:\/\/www.europesays.com\/se\/wp-json\/wp\/v2\/categories?post=309531"},{"taxonomy":"post_tag","embeddable":true,"href":"https:\/\/www.europesays.com\/se\/wp-json\/wp\/v2\/tags?post=309531"}],"curies":[{"name":"wp","href":"https:\/\/api.w.org\/{rel}","templated":true}]}}