{"id":30978,"date":"2025-09-15T17:17:07","date_gmt":"2025-09-15T17:17:07","guid":{"rendered":"https:\/\/www.europesays.com\/se\/30978\/"},"modified":"2025-09-15T17:17:07","modified_gmt":"2025-09-15T17:17:07","slug":"vind-och-stormbyar-pa-ingang","status":"publish","type":"post","link":"https:\/\/www.europesays.com\/se\/30978\/","title":{"rendered":"Vind och stormbyar p\u00e5 ing\u00e5ng"},"content":{"rendered":"<p>Gula varningar f\u00f6r vind \u00e4r utf\u00e4rdade i Halland och Sk\u00e5ne under tisdagen. <\/p>\n<p>Det handlar om ett omfattande djupt l\u00e5gtryck som f\u00f6r med sig mycket h\u00e5rda vindbyar p\u00e5 upp mot 23 meter per sekund. Det kan bli 25 meter per sekund i vindbyarna vilket inneb\u00e4r stormbyar lokalt.<\/p>\n<p>\u201dF\u00f6rankra och s\u00e4kra l\u00f6sa f\u00f6rem\u00e5l, till exempel din studsmatta och dina tr\u00e4dg\u00e5rdsm\u00f6bler\u201d, skriver SMHI. <\/p>\n<p>Varningen g\u00e4ller fr\u00e5n klockan 12.00 till 18.00 p\u00e5 tisdag. I de v\u00e4stra och s\u00f6dra delarna av Sk\u00e5ne g\u00e4ller varningen redan fr\u00e5n kockan 06.00 p\u00e5 tisdagsmorgonen. <\/p>\n<p>Omni \u00e4r politiskt obundna och oberoende. Vi str\u00e4var efter att ge fler perspektiv p\u00e5 nyheterna. Har du fr\u00e5gor eller synpunkter kring v\u00e5r rapportering? <a href=\"https:\/\/omni.se\/gula-varningar-vind-och-stormbyar-pa-ingang\/a\/mailto:redaktion@omni.se\" class=\"ArticleActions_contactLink__W2F1M\" rel=\"nofollow noopener\" target=\"_blank\">Kontakta redaktionen<\/a><\/p>\n","protected":false},"excerpt":{"rendered":"Gula varningar f\u00f6r vind \u00e4r utf\u00e4rdade i Halland och Sk\u00e5ne under tisdagen. Det handlar om ett omfattande djupt&hellip;\n","protected":false},"author":2,"featured_media":30979,"comment_status":"","ping_status":"","sticky":false,"template":"","format":"standard","meta":{"footnotes":""},"categories":[14],"tags":[22,23,26,27,2359,17,21,24,25,28,29,15,16,18,34,389,842,31,33,32,30,19,20,693,51,52,53,54],"class_list":{"0":"post-30978","1":"post","2":"type-post","3":"status-publish","4":"format-standard","5":"has-post-thumbnail","7":"category-varlden","8":"tag-breaking-news","9":"tag-breakingnews","10":"tag-featured-news","11":"tag-featurednews","12":"tag-hallands-lan","13":"tag-headlines","14":"tag-huvudnyheter","15":"tag-latest-news","16":"tag-latestnews","17":"tag-main-news","18":"tag-mainnews","19":"tag-news","20":"tag-nyheter","21":"tag-rubriker","22":"tag-se","23":"tag-skane-lan","24":"tag-smhi","25":"tag-svenska","26":"tag-sverige","27":"tag-sweden","28":"tag-swedish","29":"tag-top-stories","30":"tag-topstories","31":"tag-vader","32":"tag-varlden","33":"tag-world","34":"tag-world-news","35":"tag-worldnews"},"share_on_mastodon":{"url":"","error":""},"_links":{"self":[{"href":"https:\/\/www.europesays.com\/se\/wp-json\/wp\/v2\/posts\/30978","targetHints":{"allow":["GET"]}}],"collection":[{"href":"https:\/\/www.europesays.com\/se\/wp-json\/wp\/v2\/posts"}],"about":[{"href":"https:\/\/www.europesays.com\/se\/wp-json\/wp\/v2\/types\/post"}],"author":[{"embeddable":true,"href":"https:\/\/www.europesays.com\/se\/wp-json\/wp\/v2\/users\/2"}],"replies":[{"embeddable":true,"href":"https:\/\/www.europesays.com\/se\/wp-json\/wp\/v2\/comments?post=30978"}],"version-history":[{"count":0,"href":"https:\/\/www.europesays.com\/se\/wp-json\/wp\/v2\/posts\/30978\/revisions"}],"wp:featuredmedia":[{"embeddable":true,"href":"https:\/\/www.europesays.com\/se\/wp-json\/wp\/v2\/media\/30979"}],"wp:attachment":[{"href":"https:\/\/www.europesays.com\/se\/wp-json\/wp\/v2\/media?parent=30978"}],"wp:term":[{"taxonomy":"category","embeddable":true,"href":"https:\/\/www.europesays.com\/se\/wp-json\/wp\/v2\/categories?post=30978"},{"taxonomy":"post_tag","embeddable":true,"href":"https:\/\/www.europesays.com\/se\/wp-json\/wp\/v2\/tags?post=30978"}],"curies":[{"name":"wp","href":"https:\/\/api.w.org\/{rel}","templated":true}]}}