{"id":30986,"date":"2025-09-15T17:25:11","date_gmt":"2025-09-15T17:25:11","guid":{"rendered":"https:\/\/www.europesays.com\/se\/30986\/"},"modified":"2025-09-15T17:25:11","modified_gmt":"2025-09-15T17:25:11","slug":"oppet-samtal-pa-mittuniversitetet-om-eu-kommissionens-framtidsplaner","status":"publish","type":"post","link":"https:\/\/www.europesays.com\/se\/30986\/","title":{"rendered":"\u00d6ppet samtal p\u00e5 Mittuniversitetet om EU-kommissionens framtidsplaner"},"content":{"rendered":"<p class=\"normal\">N\u00e4r EU-kommissionens ordf\u00f6rande Urusla von der Leyen den 10 september h\u00f6ll sitt \u00e5rliga tal om tillst\u00e5ndet i unionen (SOTEU) sattes agendan f\u00f6r EU:s kommande \u00e5r. Talet summerade det g\u00e5ngna \u00e5rets resultat och pekade ut prioriteringar inf\u00f6r framtiden \u2013 fr\u00e5gor som p\u00e5verkar b\u00e5de Sverige och V\u00e4sternorrland.<\/p>\n<p class=\"normal\">F\u00f6r att ta diskussionen vidare bjuder Europa Direkt H\u00e4rn\u00f6sand in till ett eftersnack p\u00e5 Mittuniversitetet i Sundsvall fredag den 19 september. D\u00e4r m\u00f6ts forskare och politiker i ett samtal om inneh\u00e5llet i talet och vad det kan inneb\u00e4ra f\u00f6r v\u00e5r region.<\/p>\n<p class=\"normal\">Evenemanget \u00e4r kostnadsfritt och \u00f6ppet f\u00f6r alla som vill reflektera kring EU:s prioriteringar och diskutera vad de betyder f\u00f6r V\u00e4sternorrland. En bra m\u00f6jlighet f\u00f6r s\u00e5v\u00e4l studenter, l\u00e4rare och forskare som f\u00f6r allm\u00e4nheten. Ingen f\u00f6ranm\u00e4lan kr\u00e4vs.<\/p>\n<p class=\"normal\"><strong>I panelen deltar:<\/strong><\/p>\n<ul class=\" normal\">\n<li>Sofie Blomb\u00e4ck, universitetslektor i statsvetenskap<\/li>\n<li>H\u00e5kan Gunneriusson, docent i krigsvetenskap<\/li>\n<li>Jonny Lundin (C), regionr\u00e5d<\/li>\n<li>Evin Incir (S), ledamot i EU-parlamentet (deltar digitalt)<\/li>\n<\/ul>\n<p class=\"normal\"><strong>Tid och plats:<\/strong><\/p>\n<p class=\"normal\">Fredag 19 september 2025<\/p>\n<p class=\"normal\">Kl. 12.00 \u2013 13.00<\/p>\n<p class=\"normal\">F\u00e4lldinsalen, Mittuniversitetet, Sundsvall<\/p>\n<p class=\"normal\">\u00a0<\/p>\n<p class=\"normal\"><a href=\"https:\/\/harnosand.se\/kommun--styrning\/europa-direkt-harnosand.html\" rel=\"nofollow noopener\" target=\"_blank\">L\u00e4s mer om Europa Direkt H\u00e4rn\u00f6sand h\u00e4r.<\/a><\/p>\n<p class=\"normal\"><a href=\"https:\/\/audiovisual.ec.europa.eu\/en\/media\/video\/I-276481\" rel=\"nofollow noopener\" target=\"_blank\">Se Ursula von der Leyens tal h\u00e4r.<img decoding=\"async\" alt=\"\" src=\"https:\/\/www.europesays.com\/se\/wp-content\/uploads\/2025\/09\/externallink.png\" class=\"sv-linkicon c10907\"\/> L\u00e4nk till annan webbplats.<\/a><\/p>\n","protected":false},"excerpt":{"rendered":"N\u00e4r EU-kommissionens ordf\u00f6rande Urusla von der Leyen den 10 september h\u00f6ll sitt \u00e5rliga tal om tillst\u00e5ndet i unionen&hellip;\n","protected":false},"author":2,"featured_media":30987,"comment_status":"","ping_status":"","sticky":false,"template":"","format":"standard","meta":{"footnotes":""},"categories":[14],"tags":[22,23,3455,73,267,3454,26,27,17,21,24,25,3453,28,29,15,16,369,18,34,3449,3450,31,33,32,30,3451,19,20,51,3452,52,53,54],"class_list":{"0":"post-30986","1":"post","2":"type-post","3":"status-publish","4":"format-standard","5":"has-post-thumbnail","7":"category-varlden","8":"tag-breaking-news","9":"tag-breakingnews","10":"tag-eftersnack","11":"tag-eu","12":"tag-europa","13":"tag-europa-direkt","14":"tag-featured-news","15":"tag-featurednews","16":"tag-headlines","17":"tag-huvudnyheter","18":"tag-latest-news","19":"tag-latestnews","20":"tag-leyen","21":"tag-main-news","22":"tag-mainnews","23":"tag-news","24":"tag-nyheter","25":"tag-politik","26":"tag-rubriker","27":"tag-se","28":"tag-soteu","29":"tag-state-of-the-union","30":"tag-svenska","31":"tag-sverige","32":"tag-sweden","33":"tag-swedish","34":"tag-tal-och-tillstandet-i-unionen","35":"tag-top-stories","36":"tag-topstories","37":"tag-varlden","38":"tag-von-der-leyen","39":"tag-world","40":"tag-world-news","41":"tag-worldnews"},"share_on_mastodon":{"url":"","error":""},"_links":{"self":[{"href":"https:\/\/www.europesays.com\/se\/wp-json\/wp\/v2\/posts\/30986","targetHints":{"allow":["GET"]}}],"collection":[{"href":"https:\/\/www.europesays.com\/se\/wp-json\/wp\/v2\/posts"}],"about":[{"href":"https:\/\/www.europesays.com\/se\/wp-json\/wp\/v2\/types\/post"}],"author":[{"embeddable":true,"href":"https:\/\/www.europesays.com\/se\/wp-json\/wp\/v2\/users\/2"}],"replies":[{"embeddable":true,"href":"https:\/\/www.europesays.com\/se\/wp-json\/wp\/v2\/comments?post=30986"}],"version-history":[{"count":0,"href":"https:\/\/www.europesays.com\/se\/wp-json\/wp\/v2\/posts\/30986\/revisions"}],"wp:featuredmedia":[{"embeddable":true,"href":"https:\/\/www.europesays.com\/se\/wp-json\/wp\/v2\/media\/30987"}],"wp:attachment":[{"href":"https:\/\/www.europesays.com\/se\/wp-json\/wp\/v2\/media?parent=30986"}],"wp:term":[{"taxonomy":"category","embeddable":true,"href":"https:\/\/www.europesays.com\/se\/wp-json\/wp\/v2\/categories?post=30986"},{"taxonomy":"post_tag","embeddable":true,"href":"https:\/\/www.europesays.com\/se\/wp-json\/wp\/v2\/tags?post=30986"}],"curies":[{"name":"wp","href":"https:\/\/api.w.org\/{rel}","templated":true}]}}