{"id":309995,"date":"2026-07-19T20:30:10","date_gmt":"2026-07-19T20:30:10","guid":{"rendered":"https:\/\/www.europesays.com\/se\/309995\/"},"modified":"2026-07-19T20:30:10","modified_gmt":"2026-07-19T20:30:10","slug":"uppgifter-jd-vance-ska-flytta-till-middleburg","status":"publish","type":"post","link":"https:\/\/www.europesays.com\/se\/309995\/","title":{"rendered":"Uppgifter: JD Vance ska flytta till Middleburg"},"content":{"rendered":"<p>  <img alt=\"\" class=\"_image_1jxax_84 layout-component layout-wide\" data-fullscreen- data-track-element-type=\"Article image fullscreen\" data-track-name=\"ImageFullscreen\" fetchpriority=\"high\" decoding=\"sync\" loading=\"eager\" height=\"2961\" itemprop=\"image\"  src=\"https:\/\/www.europesays.com\/se\/wp-content\/uploads\/2026\/07\/a8330f58-72c5-36da-b71e-0fdd1e23c7e6.jpeg\"  style=\"object-position:38.20085566313893% 62.698412698412696%\" width=\"4441\"\/><\/p>\n<p class=\"_textTheme_zldsx_1 _lead_16k26_2 _lead_3ue4t_18 layout-component layout-normal layout-padded _lead_o6m9k_5 _leadTheme_1q6sv_1 body-large bold\">I en liten ort p\u00e5 den amerikanska landsbygden skvallras det om nya grannar. \u201dHar du h\u00f6rt att vicepresidenten ska flytta in?\u201d<\/p>\n<p><a class=\"_link_1wc6r_108\" href=\"https:\/\/svd.se\/av\/olivia-viklund\" title=\"Olivia Viklund\" rel=\"nofollow noopener\" target=\"_blank\"><img alt=\"Bild av Olivia Viklund\" class=\"_image_1wc6r_85\" fetchpriority=\"low\" decoding=\"async\" itemprop=\"image\" loading=\"lazy\"  src=\"https:\/\/www.europesays.com\/se\/wp-content\/uploads\/2026\/07\/1784493010_101_84787af7-ef52-4fe5-8863-5c25bd883e34.png\"  width=\"480\"\/><\/a>           <\/p>\n<p class=\"_textTheme_zldsx_1 _paragraph_16k26_4 _paragraph_3ue4t_27 layout-component layout-normal layout-padded body-medium\">Middleburg, Virginia. En timmes bilresa v\u00e4st om Washington finns denna lilla ort med endast ett trafikljus. H\u00e4r har flera h\u00f6gt uppsatta amerikanska politiker bott och varit p\u00e5 bes\u00f6k genom \u00e5ren. Snart v\u00e4ntas de n\u00e4rmare 750 inv\u00e5narna f\u00e5 ytterligare en politiker som granne. USA:s vicepresident JD Vance. <\/p>\n<p class=\"_textTheme_zldsx_1 _paragraph_16k26_4 _paragraph_3ue4t_27 layout-component layout-normal layout-padded body-medium\">Enligt uppgifter till <a href=\"https:\/\/www.washingtonpost.com\/dc-md-va\/2026\/07\/19\/jd-vance-is-moving-wealthy-enclave-outside-dc-cue-gossip-complaints\/\" class=\"_link_16k26_32\" rel=\"nofollow noopener\" target=\"_blank\">The Washington Post<\/a> ska JD Vance, hans fru Usha Vance och parets snart fyra barn, flytta in p\u00e5 \u201dWolver Hill\u201d-g\u00e5rden som ligger i Middleburg. Ett gods med n\u00e4rmare 500-hektar mark till f\u00f6rfogande. G\u00e5rden ska bli ett fritidshus f\u00f6r familjen, som vanligtvis bor i vicepresidentens officiella bostad vid United States Naval Observatory, i nordv\u00e4stra Washington. <\/p>\n","protected":false},"excerpt":{"rendered":"I en liten ort p\u00e5 den amerikanska landsbygden skvallras det om nya grannar. \u201dHar du h\u00f6rt att vicepresidenten&hellip;\n","protected":false},"author":2,"featured_media":309996,"comment_status":"","ping_status":"","sticky":false,"template":"","format":"standard","meta":{"footnotes":"","_share_on_mastodon":"0"},"categories":[5],"tags":[22,23,26,27,17,21,403,24,25,28,29,15,16,18,34,31,33,32,30,19,20,30920],"class_list":["post-309995","post","type-post","status-publish","format-standard","has-post-thumbnail","category-rubriker","tag-breaking-news","tag-breakingnews","tag-featured-news","tag-featurednews","tag-headlines","tag-huvudnyheter","tag-jd-vance","tag-latest-news","tag-latestnews","tag-main-news","tag-mainnews","tag-news","tag-nyheter","tag-rubriker","tag-se","tag-svenska","tag-sverige","tag-sweden","tag-swedish","tag-top-stories","tag-topstories","tag-virginia"],"share_on_mastodon":{"url":"https:\/\/pubeurope.com\/@se\/116948542048254724","error":""},"_links":{"self":[{"href":"https:\/\/www.europesays.com\/se\/wp-json\/wp\/v2\/posts\/309995","targetHints":{"allow":["GET"]}}],"collection":[{"href":"https:\/\/www.europesays.com\/se\/wp-json\/wp\/v2\/posts"}],"about":[{"href":"https:\/\/www.europesays.com\/se\/wp-json\/wp\/v2\/types\/post"}],"author":[{"embeddable":true,"href":"https:\/\/www.europesays.com\/se\/wp-json\/wp\/v2\/users\/2"}],"replies":[{"embeddable":true,"href":"https:\/\/www.europesays.com\/se\/wp-json\/wp\/v2\/comments?post=309995"}],"version-history":[{"count":0,"href":"https:\/\/www.europesays.com\/se\/wp-json\/wp\/v2\/posts\/309995\/revisions"}],"wp:featuredmedia":[{"embeddable":true,"href":"https:\/\/www.europesays.com\/se\/wp-json\/wp\/v2\/media\/309996"}],"wp:attachment":[{"href":"https:\/\/www.europesays.com\/se\/wp-json\/wp\/v2\/media?parent=309995"}],"wp:term":[{"taxonomy":"category","embeddable":true,"href":"https:\/\/www.europesays.com\/se\/wp-json\/wp\/v2\/categories?post=309995"},{"taxonomy":"post_tag","embeddable":true,"href":"https:\/\/www.europesays.com\/se\/wp-json\/wp\/v2\/tags?post=309995"}],"curies":[{"name":"wp","href":"https:\/\/api.w.org\/{rel}","templated":true}]}}