{"id":310110,"date":"2026-07-20T00:50:11","date_gmt":"2026-07-20T00:50:11","guid":{"rendered":"https:\/\/www.europesays.com\/se\/310110\/"},"modified":"2026-07-20T00:50:11","modified_gmt":"2026-07-20T00:50:11","slug":"kumo-urban-comfort-underhallsfri-elcykel-for-stadsbruk-med-700-w-motor-och-780-wh-batteri","status":"publish","type":"post","link":"https:\/\/www.europesays.com\/se\/310110\/","title":{"rendered":"Kumo Urban Comfort: Underh\u00e5llsfri elcykel f\u00f6r stadsbruk med 700 W-motor och 780 Wh-batteri"},"content":{"rendered":"<p class=\"bodytext\">Med <a href=\"https:\/\/kumo-bikes.com\/e-bikes\/urban-comfort\/\" class=\"external-link-new-window\" data-htmlarea-external=\"1\" rtekeep=\"1\" rel=\"nofollow noopener\" target=\"_blank\">Urban Comfort<\/a> erbjuder tillverkaren Kumo en elcykel som fr\u00e4mst \u00e4r avsedd f\u00f6r stadsbruk. F\u00f6r att minimera underh\u00e5llsbehovet kombinerar tillverkaren ett Gates-kolrem med ett Shimano Nexus 5-v\u00e4xlat v\u00e4xelsystem. Denna konfiguration skyddar drivlinan mot v\u00e4derp\u00e5verkan och rost. Ett remskydd, fram- och baksk\u00e4rmar, integrerad belysning, ett st\u00f6d och ett MIK HD-kompatibelt bakre paketh\u00e5llare ing\u00e5r som standardutrustning.&#13;<\/p>\n<p class=\"bodytext\"> Cykeln drivs av en Bafang M410-motor med mittmonterad drivning och en maximal effekt p\u00e5 700 watt, i kombination med ett 780 Wh-batteri avsett f\u00f6r l\u00e4ngre r\u00e4ckvidd. Trots att den \u00e4r optimerad f\u00f6r stadsmilj\u00f6er \u00e4r den 28-tums elcykeln utrustad med en SR Suntour NVX32-fj\u00e4dringsgaffel och Schwalbe Hurricane-d\u00e4ck, vilket g\u00f6r den l\u00e4mplig \u00e4ven f\u00f6r landsv\u00e4gar och skogsstigar.&#13;<\/p>\n<p class=\"bodytext\"> Hydrauliska Shimano MT200-skivbromsar s\u00e4kerst\u00e4ller bromsverkan och \u00e4r utformade f\u00f6r att garantera j\u00e4mn bromskraft vid full belastning och h\u00f6gre hastigheter. Instrumentpanelen har en f\u00e4rgsk\u00e4rm med Bluetooth-anslutning till smartphone, samt en USB Type-C-port f\u00f6r laddning av smartphones eller navigationssystem.&#13;<\/p>\n<p class=\"bodytext\">Kumo Urban Comfort finns i tre storlekar till ett rekommenderat pris p\u00e5 2 699 euro.<\/p>\n","protected":false},"excerpt":{"rendered":"Med Urban Comfort erbjuder tillverkaren Kumo en elcykel som fr\u00e4mst \u00e4r avsedd f\u00f6r stadsbruk. F\u00f6r att minimera underh\u00e5llsbehovet&hellip;\n","protected":false},"author":2,"featured_media":310111,"comment_status":"","ping_status":"","sticky":false,"template":"","format":"standard","meta":{"footnotes":"","_share_on_mastodon":"0"},"categories":[66],"tags":[7083,11231,30936,28005,30935,30934,7084,7085,80,78,79,34,31,33,32,30,81,84,83,82],"class_list":["post-310110","post","type-post","status-publish","format-standard","has-post-thumbnail","category-vetenskap-och-teknik","tag-barbar-dator","tag-cykel","tag-e-mobilitet","tag-elcykel","tag-kumo","tag-kumo-urban-comfort","tag-laptop","tag-notebook","tag-science","tag-science-and-technology","tag-scienceandtechnology","tag-se","tag-svenska","tag-sverige","tag-sweden","tag-swedish","tag-technology","tag-teknik","tag-vetenskap","tag-vetenskapteknik"],"share_on_mastodon":{"url":"https:\/\/pubeurope.com\/@se\/116949563790598244","error":""},"_links":{"self":[{"href":"https:\/\/www.europesays.com\/se\/wp-json\/wp\/v2\/posts\/310110","targetHints":{"allow":["GET"]}}],"collection":[{"href":"https:\/\/www.europesays.com\/se\/wp-json\/wp\/v2\/posts"}],"about":[{"href":"https:\/\/www.europesays.com\/se\/wp-json\/wp\/v2\/types\/post"}],"author":[{"embeddable":true,"href":"https:\/\/www.europesays.com\/se\/wp-json\/wp\/v2\/users\/2"}],"replies":[{"embeddable":true,"href":"https:\/\/www.europesays.com\/se\/wp-json\/wp\/v2\/comments?post=310110"}],"version-history":[{"count":0,"href":"https:\/\/www.europesays.com\/se\/wp-json\/wp\/v2\/posts\/310110\/revisions"}],"wp:featuredmedia":[{"embeddable":true,"href":"https:\/\/www.europesays.com\/se\/wp-json\/wp\/v2\/media\/310111"}],"wp:attachment":[{"href":"https:\/\/www.europesays.com\/se\/wp-json\/wp\/v2\/media?parent=310110"}],"wp:term":[{"taxonomy":"category","embeddable":true,"href":"https:\/\/www.europesays.com\/se\/wp-json\/wp\/v2\/categories?post=310110"},{"taxonomy":"post_tag","embeddable":true,"href":"https:\/\/www.europesays.com\/se\/wp-json\/wp\/v2\/tags?post=310110"}],"curies":[{"name":"wp","href":"https:\/\/api.w.org\/{rel}","templated":true}]}}