{"id":31080,"date":"2025-09-15T19:35:08","date_gmt":"2025-09-15T19:35:08","guid":{"rendered":"https:\/\/www.europesays.com\/se\/31080\/"},"modified":"2025-09-15T19:35:08","modified_gmt":"2025-09-15T19:35:08","slug":"ordforande-om-musks-miljardkop-vill-ha-storre-rostratt","status":"publish","type":"post","link":"https:\/\/www.europesays.com\/se\/31080\/","title":{"rendered":"Ordf\u00f6rande om Musks miljardk\u00f6p: Vill ha st\u00f6rre r\u00f6str\u00e4tt"},"content":{"rendered":"<p>Att Elon Musk k\u00f6pt aktier i Tesla f\u00f6r en miljard har m\u00e5nga bed\u00f6mare kopplat ihop med det rekordstora l\u00f6nepaketet till vd:n, som presenterades nyligen. Men Teslas styrelseordf\u00f6rande, Robyn Denholm, f\u00f6rsvarar b\u00e5de Musks k\u00f6p och l\u00f6nepaket. <\/p>\n<p>\u2013 Paketet handlar om f\u00f6retagets framtid och Elons roll i att leda bolaget till att producera fantastiska produkter och att leverera f\u00f6r sina aktie\u00e4gare, s\u00e4ger hon till New York Times. <\/p>\n<p>Vidare menar Robyn Denholm att Musks k\u00f6p snarare handlar om att han vill ha st\u00f6rre r\u00f6str\u00e4tt i Tesla, inte att han \u00e4r ute efter att \u00f6ka priset p\u00e5 aktien. <\/p>\n<p>Teslas aktie steg efter Musks k\u00f6p och \u00e4r upp n\u00e4stan 3 procent p\u00e5 m\u00e5ndagskv\u00e4llen svensk tid. <\/p>\n<p>Omni \u00e4r politiskt obundna och oberoende. Vi str\u00e4var efter att ge fler perspektiv p\u00e5 nyheterna. Har du fr\u00e5gor eller synpunkter kring v\u00e5r rapportering? <a href=\"https:\/\/omni.se\/ordforande-om-musks-miljardkop-vill-ha-storre-rostratt\/a\/mailto:redaktion@omni.se\" class=\"ArticleActions_contactLink__W2F1M\" rel=\"nofollow noopener\" target=\"_blank\">Kontakta redaktionen<\/a><\/p>\n","protected":false},"excerpt":{"rendered":"Att Elon Musk k\u00f6pt aktier i Tesla f\u00f6r en miljard har m\u00e5nga bed\u00f6mare kopplat ihop med det rekordstora&hellip;\n","protected":false},"author":2,"featured_media":31081,"comment_status":"","ping_status":"","sticky":false,"template":"","format":"standard","meta":{"footnotes":""},"categories":[5],"tags":[22,23,704,26,27,938,17,21,24,25,28,29,15,16,18,34,31,33,32,30,396,19,20],"class_list":{"0":"post-31080","1":"post","2":"type-post","3":"status-publish","4":"format-standard","5":"has-post-thumbnail","7":"category-rubriker","8":"tag-breaking-news","9":"tag-breakingnews","10":"tag-elon-musk","11":"tag-featured-news","12":"tag-featurednews","13":"tag-fordon-transport","14":"tag-headlines","15":"tag-huvudnyheter","16":"tag-latest-news","17":"tag-latestnews","18":"tag-main-news","19":"tag-mainnews","20":"tag-news","21":"tag-nyheter","22":"tag-rubriker","23":"tag-se","24":"tag-svenska","25":"tag-sverige","26":"tag-sweden","27":"tag-swedish","28":"tag-tesla","29":"tag-top-stories","30":"tag-topstories"},"share_on_mastodon":{"url":"","error":""},"_links":{"self":[{"href":"https:\/\/www.europesays.com\/se\/wp-json\/wp\/v2\/posts\/31080","targetHints":{"allow":["GET"]}}],"collection":[{"href":"https:\/\/www.europesays.com\/se\/wp-json\/wp\/v2\/posts"}],"about":[{"href":"https:\/\/www.europesays.com\/se\/wp-json\/wp\/v2\/types\/post"}],"author":[{"embeddable":true,"href":"https:\/\/www.europesays.com\/se\/wp-json\/wp\/v2\/users\/2"}],"replies":[{"embeddable":true,"href":"https:\/\/www.europesays.com\/se\/wp-json\/wp\/v2\/comments?post=31080"}],"version-history":[{"count":0,"href":"https:\/\/www.europesays.com\/se\/wp-json\/wp\/v2\/posts\/31080\/revisions"}],"wp:featuredmedia":[{"embeddable":true,"href":"https:\/\/www.europesays.com\/se\/wp-json\/wp\/v2\/media\/31081"}],"wp:attachment":[{"href":"https:\/\/www.europesays.com\/se\/wp-json\/wp\/v2\/media?parent=31080"}],"wp:term":[{"taxonomy":"category","embeddable":true,"href":"https:\/\/www.europesays.com\/se\/wp-json\/wp\/v2\/categories?post=31080"},{"taxonomy":"post_tag","embeddable":true,"href":"https:\/\/www.europesays.com\/se\/wp-json\/wp\/v2\/tags?post=31080"}],"curies":[{"name":"wp","href":"https:\/\/api.w.org\/{rel}","templated":true}]}}