{"id":31106,"date":"2025-09-15T20:34:07","date_gmt":"2025-09-15T20:34:07","guid":{"rendered":"https:\/\/www.europesays.com\/se\/31106\/"},"modified":"2025-09-15T20:34:07","modified_gmt":"2025-09-15T20:34:07","slug":"seger-for-ifk-men-matchen-sagas-av-spelarna","status":"publish","type":"post","link":"https:\/\/www.europesays.com\/se\/31106\/","title":{"rendered":"Seger f\u00f6r IFK \u2013 men matchen s\u00e5gas av spelarna"},"content":{"rendered":"<p>IFK G\u00f6teborg vann visserligen med 2\u20131 mot H\u00e4cken i kv\u00e4llens G\u00f6teborgsderby, men IFK-spelarna var \u00e4nd\u00e5 inte s\u00e4rskilt n\u00f6jda.<\/p>\n<p>\u2013 D\u00e5ligt. Vi kan inte vara r\u00e4dda f\u00f6r att ha bollen vid f\u00f6tterna, sa norrmannen Tobias Heintz redan vid halvtid.<\/p>\n<p>D\u00e5 hade Heintz \u00e4nd\u00e5 just gjort matchens f\u00f6rsta m\u00e5l, och skulle senare avg\u00f6ra med att skicka in 2\u20131 p\u00e5 assist av Max Fenger. <\/p>\n<p>Den uppvisningen verkar dock inte ha muntrat upp lagkamraten August Erlingmark n\u00e4mnv\u00e4rt. <\/p>\n<p> \u2013 Jag tycker vi \u00e4r r\u00e4tt bedr\u00f6vliga i den h\u00e4r matchen faktiskt. Vi \u00e4r bra i f\u00f6rsta kvarten typ, sen tar de \u00f6ver. Vi ska vara glada att vi vinner, s\u00e4ger August Erlingmark efter matchen till HBO Max.<\/p>\n<p>Omni \u00e4r politiskt obundna och oberoende. Vi str\u00e4var efter att ge fler perspektiv p\u00e5 nyheterna. Har du fr\u00e5gor eller synpunkter kring v\u00e5r rapportering? <a href=\"https:\/\/omni.se\/seger-for-ifk-men-matchen-sagas-av-spelarna\/a\/mailto:redaktion@omni.se\" class=\"ArticleActions_contactLink__W2F1M\" rel=\"nofollow noopener\" target=\"_blank\">Kontakta redaktionen<\/a><\/p>\n","protected":false},"excerpt":{"rendered":"IFK G\u00f6teborg vann visserligen med 2\u20131 mot H\u00e4cken i kv\u00e4llens G\u00f6teborgsderby, men IFK-spelarna var \u00e4nd\u00e5 inte s\u00e4rskilt n\u00f6jda.&hellip;\n","protected":false},"author":2,"featured_media":31107,"comment_status":"","ping_status":"","sticky":false,"template":"","format":"standard","meta":{"footnotes":""},"categories":[5],"tags":[3469,1555,22,23,26,27,138,17,21,1102,24,25,28,29,15,16,18,34,31,33,32,30,19,20],"class_list":{"0":"post-31106","1":"post","2":"type-post","3":"status-publish","4":"format-standard","5":"has-post-thumbnail","7":"category-rubriker","8":"tag-august-erlingmark","9":"tag-bk-hacken","10":"tag-breaking-news","11":"tag-breakingnews","12":"tag-featured-news","13":"tag-featurednews","14":"tag-fotboll","15":"tag-headlines","16":"tag-huvudnyheter","17":"tag-ifk-goteborg","18":"tag-latest-news","19":"tag-latestnews","20":"tag-main-news","21":"tag-mainnews","22":"tag-news","23":"tag-nyheter","24":"tag-rubriker","25":"tag-se","26":"tag-svenska","27":"tag-sverige","28":"tag-sweden","29":"tag-swedish","30":"tag-top-stories","31":"tag-topstories"},"share_on_mastodon":{"url":"","error":""},"_links":{"self":[{"href":"https:\/\/www.europesays.com\/se\/wp-json\/wp\/v2\/posts\/31106","targetHints":{"allow":["GET"]}}],"collection":[{"href":"https:\/\/www.europesays.com\/se\/wp-json\/wp\/v2\/posts"}],"about":[{"href":"https:\/\/www.europesays.com\/se\/wp-json\/wp\/v2\/types\/post"}],"author":[{"embeddable":true,"href":"https:\/\/www.europesays.com\/se\/wp-json\/wp\/v2\/users\/2"}],"replies":[{"embeddable":true,"href":"https:\/\/www.europesays.com\/se\/wp-json\/wp\/v2\/comments?post=31106"}],"version-history":[{"count":0,"href":"https:\/\/www.europesays.com\/se\/wp-json\/wp\/v2\/posts\/31106\/revisions"}],"wp:featuredmedia":[{"embeddable":true,"href":"https:\/\/www.europesays.com\/se\/wp-json\/wp\/v2\/media\/31107"}],"wp:attachment":[{"href":"https:\/\/www.europesays.com\/se\/wp-json\/wp\/v2\/media?parent=31106"}],"wp:term":[{"taxonomy":"category","embeddable":true,"href":"https:\/\/www.europesays.com\/se\/wp-json\/wp\/v2\/categories?post=31106"},{"taxonomy":"post_tag","embeddable":true,"href":"https:\/\/www.europesays.com\/se\/wp-json\/wp\/v2\/tags?post=31106"}],"curies":[{"name":"wp","href":"https:\/\/api.w.org\/{rel}","templated":true}]}}