{"id":31112,"date":"2025-09-15T20:41:08","date_gmt":"2025-09-15T20:41:08","guid":{"rendered":"https:\/\/www.europesays.com\/se\/31112\/"},"modified":"2025-09-15T20:41:08","modified_gmt":"2025-09-15T20:41:08","slug":"chang-frick-om-jessica-stegruds-relation-med-nick-alinia","status":"publish","type":"post","link":"https:\/\/www.europesays.com\/se\/31112\/","title":{"rendered":"Chang Frick om Jessica Stegruds relation med Nick Alinia"},"content":{"rendered":"<p>Publicerad 15 sep 2025 kl 20.00Uppdaterad kl 20.24<\/p>\n<p>Jessica Stegruds relation med Nick Alinia kan s\u00e4tta k\u00e4ppar i hjulet f\u00f6r hennes framtid i SD, menar h\u00f6gerdebatt\u00f6ren Chang Frick.<\/p>\n<p>Men han tror inte att det f\u00e5r s\u00e4rskilt stora konsekvenser f\u00f6r partiet i helhet.<\/p>\n<p>\u2013 M\u00e5nga v\u00e4ljare vill kanske se politiker som tar lite mindre skit, s\u00e4ger han.<\/p>\n<p>H\u00e4r hj\u00e4lper Stegrud till att filma \u2013 f\u00f6ljer efter.<img loading=\"lazy\"   alt=\"\"\/><\/p>\n<p>Nick Alinia och Jessica Stegrud.<\/p>\n<p>Foto: Johan Nilsson\/TT \/ TT NYHETSBYR\u00c5N<\/p>\n<p>\u00d6ppna bild i helsk\u00e4rm<img loading=\"lazy\"   alt=\"\"\/><\/p>\n<p>H\u00f6gerdebatt\u00f6ren Chang Frick.<\/p>\n<p>Foto: PELLE T NILSSON \/ SPA SPA | SWEDISH PRESS AGENCY<\/p>\n<p>\u00d6ppna bild i helsk\u00e4rm<img loading=\"lazy\"   alt=\"\"\/><\/p>\n<p>Jessica Stegrud (SD).<\/p>\n<p>Foto: PELLE T NILSSON \/ SPA SPA | SWEDISH PRESS AGENCY<\/p>\n<p>\u00d6ppna bild i helsk\u00e4rm<\/p>\n<p>De senaste veckorna har det stormat ordentligt kring Sverigedemokraternas riksdagsledamot Jessica Stegrud. I samband med en debatt om kulturkanon gjorde hon <a href=\"https:\/\/www.expressen.se\/nyheter\/politik\/sd-ilska-mot-stegrud-flyttar-fokus\/\" rel=\"nofollow noopener\" target=\"_blank\">ett kritiserat utspel<\/a> d\u00e4r hon skrev att det var \u201dtalande\u201d att tv\u00e5 politiker med icke-svenskt etniskt ursprung debatterade fr\u00e5gan.\u00a0<\/p>\n<p>Och f\u00f6rra veckan kom det fram att Stegrud <a href=\"https:\/\/www.expressen.se\/nyheter\/politik\/jessica-stegrud-sd-filmade-konfrontation-med-nick-alinia\/\" rel=\"nofollow noopener\" target=\"_blank\">varit med och filmat n\u00e4r den h\u00f6gerextrema aktivisten <\/a>Nick Alinia f\u00f6ljt efter och konfronterat tv\u00e5 unga m\u00e4n. Stegrud och Alinia \u00e4r ett par, vilket flera k\u00e4llor med insyn <a href=\"https:\/\/www.expressen.se\/nyheter\/politik\/kallor-jessica-stegrud-sd-och-aktivisten-nick-alinia-ar-ett-par\/\" rel=\"nofollow noopener\" target=\"_blank\">bekr\u00e4ftat f\u00f6r Expressen<\/a>.<\/p>\n<p>Stegruds agerande har v\u00e4ckt ilska hos m\u00e5nga andra politiker, inklusive <a href=\"https:\/\/www.expressen.se\/nyheter\/politik\/kristersson-om-stegrud-forfarligt\/\" rel=\"nofollow noopener\" target=\"_blank\">kolleger i Tid\u00f6partierna<\/a>. Statsminister Ulf Kristersson (M) kallar tonl\u00e4get i svensk politik \u201df\u00f6rskr\u00e4ckligt\u201d i samband med avsl\u00f6jandet om den filmade konfrontationen.<\/p>\n<p>\u2013 Det \u00e4r m\u00e5nga som borde sk\u00e4rpa sig. Det h\u00e4r \u00e4r ett exempel p\u00e5 det.<\/p>\n<p>Vice statsminister Ebba Busch (KD) <a href=\"https:\/\/www.expressen.se\/nyheter\/sverige\/ebba-busch-om-jessica-stegrud-uselt\/\" rel=\"nofollow noopener\" target=\"_blank\">gick \u00e4nnu h\u00e5rdare ut<\/a> och kallade agerandet f\u00f6r \u201duselt\u201d och \u201dof\u00f6renligt med svenska v\u00e4rderingar\u201d.<\/p>\n<p>\u201dKan l\u00f6na sig att vara aktivistisk\u201d<\/p>\n<p>SD har f\u00f6rt samtal med Stegrud \u00f6ver den filmade konfrontationen men kommit fram till att hon ska beh\u00e5lla sina uppdrag.\u00a0<\/p>\n<p>Enligt h\u00f6gerdebatt\u00f6ren Chang Frick, med bakgrund inom SD, uppskattar SD-v\u00e4ljare Stegruds stil.\u00a0<\/p>\n<p>\u2013 M\u00e5nga v\u00e4ljare vill kanske se politiker som tar lite mindre skit och s\u00e5d\u00e4r. Men det \u00e4r ju en balansg\u00e5ng och en fr\u00e5ga man kanske brottas med internt inom SD. Som politiker kan det l\u00f6na sig att vara aktivistisk, men blir du f\u00f6r aktivistisk s\u00e5 kommer det straffa sig, s\u00e4ger han.<\/p>\n<p>Han pekar p\u00e5 att det inom SD finns en annan typ av politisk kultur \u00e4n inom andra partier, d\u00e4r det \u00e4r positivt att \u201dbr\u00f6sta upp sig\u201d. Det kan g\u00f6ra att man ibland g\u00f6r andra tolkningar av situationer \u00e4n vad andra partier kanske hade gjort.\u00a0<\/p>\n<p>Men samtidigt kan Stegruds relation med Alinia spilla \u00f6ver p\u00e5 hennes anseende som politiker, tror Frick.<\/p>\n<p>\u2013 Bekymret blir att den h\u00e4r typen av beteende kan f\u00f6rknippas med Nick i vissa sammanhang. F\u00f6rr eller senare s\u00e5 kan det ju riskera att skv\u00e4tta p\u00e5 Jessica, och det \u00e4r j\u00e4vligt tr\u00e5kigt. Hon \u00e4r inte konfrontativ alls i normala fall.<\/p>\n","protected":false},"excerpt":{"rendered":"Publicerad 15 sep 2025 kl 20.00Uppdaterad kl 20.24 Jessica Stegruds relation med Nick Alinia kan s\u00e4tta k\u00e4ppar i&hellip;\n","protected":false},"author":2,"featured_media":31113,"comment_status":"","ping_status":"","sticky":false,"template":"","format":"standard","meta":{"footnotes":""},"categories":[12],"tags":[22,23,26,27,17,21,24,25,28,29,15,16,38,1271,18,34,154,31,33,32,30,19,20],"class_list":{"0":"post-31112","1":"post","2":"type-post","3":"status-publish","4":"format-standard","5":"has-post-thumbnail","7":"category-sverige","8":"tag-breaking-news","9":"tag-breakingnews","10":"tag-featured-news","11":"tag-featurednews","12":"tag-headlines","13":"tag-huvudnyheter","14":"tag-latest-news","15":"tag-latestnews","16":"tag-main-news","17":"tag-mainnews","18":"tag-news","19":"tag-nyheter","20":"tag-organization-sverigedemokraterna","21":"tag-person-jessica-stegrud","22":"tag-rubriker","23":"tag-se","24":"tag-sections-sverige","25":"tag-svenska","26":"tag-sverige","27":"tag-sweden","28":"tag-swedish","29":"tag-top-stories","30":"tag-topstories"},"share_on_mastodon":{"url":"","error":""},"_links":{"self":[{"href":"https:\/\/www.europesays.com\/se\/wp-json\/wp\/v2\/posts\/31112","targetHints":{"allow":["GET"]}}],"collection":[{"href":"https:\/\/www.europesays.com\/se\/wp-json\/wp\/v2\/posts"}],"about":[{"href":"https:\/\/www.europesays.com\/se\/wp-json\/wp\/v2\/types\/post"}],"author":[{"embeddable":true,"href":"https:\/\/www.europesays.com\/se\/wp-json\/wp\/v2\/users\/2"}],"replies":[{"embeddable":true,"href":"https:\/\/www.europesays.com\/se\/wp-json\/wp\/v2\/comments?post=31112"}],"version-history":[{"count":0,"href":"https:\/\/www.europesays.com\/se\/wp-json\/wp\/v2\/posts\/31112\/revisions"}],"wp:featuredmedia":[{"embeddable":true,"href":"https:\/\/www.europesays.com\/se\/wp-json\/wp\/v2\/media\/31113"}],"wp:attachment":[{"href":"https:\/\/www.europesays.com\/se\/wp-json\/wp\/v2\/media?parent=31112"}],"wp:term":[{"taxonomy":"category","embeddable":true,"href":"https:\/\/www.europesays.com\/se\/wp-json\/wp\/v2\/categories?post=31112"},{"taxonomy":"post_tag","embeddable":true,"href":"https:\/\/www.europesays.com\/se\/wp-json\/wp\/v2\/tags?post=31112"}],"curies":[{"name":"wp","href":"https:\/\/api.w.org\/{rel}","templated":true}]}}