{"id":31159,"date":"2025-09-15T22:26:16","date_gmt":"2025-09-15T22:26:16","guid":{"rendered":"https:\/\/www.europesays.com\/se\/31159\/"},"modified":"2025-09-15T22:26:16","modified_gmt":"2025-09-15T22:26:16","slug":"regeringen-kan-skarpa-lagen-for-de-som-ger-sig-pa-andra-vid-demonstrationer","status":"publish","type":"post","link":"https:\/\/www.europesays.com\/se\/31159\/","title":{"rendered":"Regeringen kan sk\u00e4rpa lagen f\u00f6r de som \u201dger sig p\u00e5 andra\u201d vid demonstrationer"},"content":{"rendered":"<p>Regeringen vill utreda sk\u00e4rpt lagstiftning f\u00f6r de som &#8221;ger sig p\u00e5 andra&#8221; i samband med demonstrationer, uppger Justitieminister Gunnar Str\u00f6mmer (M) under en presstr\u00e4ff om s\u00e4kerhet och trygghet vid riksdagen. <\/p>\n<p>\u2013 Polisen i Stockholm f\u00f6rst\u00e4rker polisens n\u00e4rvaro i Stockholm runt riksdagen dygnet runt, s\u00e4ger han.<\/p>\n<p>Regeringen vill \u00e4ven se \u00f6ver m\u00f6jligheten att ut\u00f6ka skyddsobjektomr\u00e5det runt riksdagen.<\/p>\n<p>Beskedet kommer efter att ministern Carl-Oskar Bohlin uppgett att han blivit f\u00f6rf\u00f6ljd av demonstranter.<\/p>\n<p>Justitieminister Gunnar Str\u00f6mmer har under m\u00e5ndagen h\u00e5llit i ett m\u00f6te med talman Andreas Norl\u00e9n, gruppledarna f\u00f6r riksdagens partier, Polismyndigheten, S\u00e4kerhetspolisen, Riksdagsf\u00f6rvaltningen och Regeringskansliets f\u00f6rvaltningsavdelning. <\/p>\n<p>Omni \u00e4r politiskt obundna och oberoende. Vi str\u00e4var efter att ge fler perspektiv p\u00e5 nyheterna. Har du fr\u00e5gor eller synpunkter kring v\u00e5r rapportering? <a href=\"https:\/\/omni.se\/regeringen-skarp-lagen-for-de-som-ger-sig-pa-andra-vid-demonstrationer\/a\/mailto:redaktion@omni.se\" class=\"ArticleActions_contactLink__W2F1M\" rel=\"nofollow noopener\" target=\"_blank\">Kontakta redaktionen<\/a><\/p>\n","protected":false},"excerpt":{"rendered":"Regeringen vill utreda sk\u00e4rpt lagstiftning f\u00f6r de som &#8221;ger sig p\u00e5 andra&#8221; i samband med demonstrationer, uppger Justitieminister&hellip;\n","protected":false},"author":2,"featured_media":31160,"comment_status":"","ping_status":"","sticky":false,"template":"","format":"standard","meta":{"footnotes":""},"categories":[5],"tags":[3470,22,23,2473,26,27,2613,17,21,120,24,25,28,29,15,16,3440,369,18,34,31,33,32,30,19,20],"class_list":{"0":"post-31159","1":"post","2":"type-post","3":"status-publish","4":"format-standard","5":"has-post-thumbnail","7":"category-rubriker","8":"tag-andreas-norlen","9":"tag-breaking-news","10":"tag-breakingnews","11":"tag-carl-oskar-bohlin","12":"tag-featured-news","13":"tag-featurednews","14":"tag-gunnar-strommer","15":"tag-headlines","16":"tag-huvudnyheter","17":"tag-lag-ratt","18":"tag-latest-news","19":"tag-latestnews","20":"tag-main-news","21":"tag-mainnews","22":"tag-news","23":"tag-nyheter","24":"tag-polismyndigheten","25":"tag-politik","26":"tag-rubriker","27":"tag-se","28":"tag-svenska","29":"tag-sverige","30":"tag-sweden","31":"tag-swedish","32":"tag-top-stories","33":"tag-topstories"},"share_on_mastodon":{"url":"","error":""},"_links":{"self":[{"href":"https:\/\/www.europesays.com\/se\/wp-json\/wp\/v2\/posts\/31159","targetHints":{"allow":["GET"]}}],"collection":[{"href":"https:\/\/www.europesays.com\/se\/wp-json\/wp\/v2\/posts"}],"about":[{"href":"https:\/\/www.europesays.com\/se\/wp-json\/wp\/v2\/types\/post"}],"author":[{"embeddable":true,"href":"https:\/\/www.europesays.com\/se\/wp-json\/wp\/v2\/users\/2"}],"replies":[{"embeddable":true,"href":"https:\/\/www.europesays.com\/se\/wp-json\/wp\/v2\/comments?post=31159"}],"version-history":[{"count":0,"href":"https:\/\/www.europesays.com\/se\/wp-json\/wp\/v2\/posts\/31159\/revisions"}],"wp:featuredmedia":[{"embeddable":true,"href":"https:\/\/www.europesays.com\/se\/wp-json\/wp\/v2\/media\/31160"}],"wp:attachment":[{"href":"https:\/\/www.europesays.com\/se\/wp-json\/wp\/v2\/media?parent=31159"}],"wp:term":[{"taxonomy":"category","embeddable":true,"href":"https:\/\/www.europesays.com\/se\/wp-json\/wp\/v2\/categories?post=31159"},{"taxonomy":"post_tag","embeddable":true,"href":"https:\/\/www.europesays.com\/se\/wp-json\/wp\/v2\/tags?post=31159"}],"curies":[{"name":"wp","href":"https:\/\/api.w.org\/{rel}","templated":true}]}}