{"id":31183,"date":"2025-09-15T23:30:24","date_gmt":"2025-09-15T23:30:24","guid":{"rendered":"https:\/\/www.europesays.com\/se\/31183\/"},"modified":"2025-09-15T23:30:24","modified_gmt":"2025-09-15T23:30:24","slug":"gangtoppen-rymde-far-inte-handa","status":"publish","type":"post","link":"https:\/\/www.europesays.com\/se\/31183\/","title":{"rendered":"G\u00e4ngtoppen rymde: \u201dF\u00e5r inte h\u00e4nda\u201d"},"content":{"rendered":"<p>Publicerad 15 sep 2025 kl 12.54Uppdaterad kl 18.32<\/p>\n<p>David Berntsen Lundin \u00e4r centralfigur i G\u00f6teborgs g\u00e4ngkrig, d\u00f6md f\u00f6r inblandning i mordf\u00f6rs\u00f6k.<\/p>\n<p>I v\u00e4ntan p\u00e5 hovr\u00e4ttens dom satt han bara en halvtimme fr\u00e5n sin hemstad n\u00e4r han och en medf\u00e5nge kl\u00e4ttrade \u00f6ver muren och rymde.<\/p>\n<p>\u00a0\u2013 Det h\u00e4r f\u00e5r bara inte h\u00e4nda, s\u00e4ger \u00e5klagare Mats Ihlbom som tillsammans med polisen och andra \u00e5klagare arbetat under l\u00e5ng tid f\u00f6r att f\u00e5 honom d\u00f6md.<\/p>\n<p>Senaste nyhetsklippen fr\u00e5n Expressen.<img   alt=\"\"\/><\/p>\n<p>David Berntsen Lundin har pekats ut som en central figur i T-falangen i G\u00f6teborg.<\/p>\n<p>Foto: Polisens f\u00f6runders\u00f6kning<\/p>\n<p>\u00d6ppna bild i helsk\u00e4rm<img loading=\"lazy\"   alt=\"\"\/><\/p>\n<p>David Berntsen Lundin.<\/p>\n<p>Foto: Polisens f\u00f6runders\u00f6kning<\/p>\n<p>\u00d6ppna bild i helsk\u00e4rm<img loading=\"lazy\"   alt=\"\"\/> <\/p>\n<p>Foto: HENRIK JANSSON<\/p>\n<p>\u00d6ppna bild i helsk\u00e4rm<\/p>\n<p>David Berntsen Lundin, 24, d\u00f6mdes till n\u00e4stan 18 \u00e5r f\u00e4ngelse. Han har haft en central roll som anstiftare av mordf\u00f6rs\u00f6k och <a href=\"https:\/\/www.expressen.se\/nyheter\/krim\/sa-foll-ryssens-gang-samman\/\" rel=\"nofollow noopener\" target=\"_blank\">andra grova brott i v\u00e5ldsv\u00e5gen.<\/a> \u00a0<\/p>\n<p>Han \u00e4r en ledarfigur i den s\u00e5 kallade T-falangen i G\u00f6teborg, kopplad til<a href=\"https:\/\/www.expressen.se\/nyheter\/krim\/misstanken-sa-styrde-roman-tryfonenko-valdsvag-i-goteborg-\/\" rel=\"nofollow noopener\" target=\"_blank\">l ledaren Roman <\/a>\u201d<a href=\"https:\/\/www.expressen.se\/nyheter\/krim\/misstanken-sa-styrde-roman-tryfonenko-valdsvag-i-goteborg-\/\" rel=\"nofollow noopener\" target=\"_blank\"> Ryssen<\/a>\u201d<a href=\"https:\/\/www.expressen.se\/nyheter\/krim\/misstanken-sa-styrde-roman-tryfonenko-valdsvag-i-goteborg-\/\" rel=\"nofollow noopener\" target=\"_blank\"> Tryfonenko<\/a>, och domen mot honom betraktades av polis och \u00e5klagare som en stor framg\u00e5ng i kampen mot den grova organiserade brottsligheten.\u00a0<\/p>\n<p><img loading=\"lazy\"   alt=\"\"\/><\/p>\n<p>En gammal bild p\u00e5 Roman \u201dRyssen\u201d Tryfonenko fr\u00e5n en tidigare f\u00f6runders\u00f6kning. Han sitter nu h\u00e4ktad efter att ha varit p\u00e5 flykt under flera \u00e5r.<\/p>\n<p>Foto: Polisen<\/p>\n<p>\u00d6ppna bild i helsk\u00e4rm<img loading=\"lazy\"   alt=\"\"\/><\/p>\n<p>H\u00e4r syns David Berntsen Lundin efter att ha avtj\u00e4nat sitt f\u00f6rra f\u00e4ngelsestraff p\u00e5 Hall.<\/p>\n<p>Foto: Polisen<\/p>\n<p>\u00d6ppna bild i helsk\u00e4rm<\/p>\n<p>Hovr\u00e4ttsf\u00f6rhandlingen i m\u00e5let har precis avslutats och dom meddelas den 24 september.<\/p>\n<p>Men i s\u00f6ndags morse rymde han och ytterligare en f\u00e5nge fr\u00e5n anstalten, som har s\u00e4kerhetsklass 2, i <a href=\"https:\/\/www.expressen.se\/tagg\/location\/boras\/\" class=\"\" rel=\"nofollow noopener\" target=\"_blank\">Bor\u00e5s<\/a>.<\/p>\n<p>\u00c5klagare Mats Ihlbom fr\u00e5n G\u00f6teborg var en av fyra \u00e5klagare som ledde utredningen. Han och hans kolleger \u00e4r \u201driktigt irriterade\u201d efter att ha f\u00e5tt beskedet om rymningen.<\/p>\n<p>\u2013 Det \u00e4r underm\u00e5ligt. Det h\u00e4r f\u00e5r bara inte h\u00e4nda, det \u00e4r inte rimligt, s\u00e4ger Mats Ihlbom.<\/p>\n<p>Tillf\u00e4lligt h\u00e4kte<\/p>\n<p>M\u00e4nnen har varit placerade p\u00e5 ett h\u00e4kte och inte p\u00e5 sj\u00e4lva anstalten. Enligt uppgifter till Expressen r\u00f6r det sig om n\u00e5gon form av tillf\u00e4llig h\u00e4ktespaviljong. M\u00e4nnen ska sedan kl\u00e4ttrat \u00f6ver ett eller flera staket fr\u00e5n en rastg\u00e5rd inne p\u00e5 anstaltens omr\u00e5de.\u00a0<\/p>\n<p>Att David Berntsen Lundin hamnat p\u00e5 en anstalt som inte har den h\u00f6gsta s\u00e4kerhetsklassen, dessutom en halvtimme bort fr\u00e5n hela den kriminella infrastruktur d\u00e4r han har en ledande roll ses inte med blida \u00f6gon av Mats Ihlbom och hans \u00e5klagarkollegor.\u00a0<\/p>\n<p>\u2013 Vi l\u00e4gger enorma resurser fr\u00e5n polis och \u00e5klagare f\u00f6r att utreda de allra gr\u00f6vsta brotten. D\u00e5 m\u00e5ste n\u00e4sta huvudman se till att verkst\u00e4lla och s\u00e4kerst\u00e4lla det arbete vi har utf\u00f6rt, s\u00e4ger han.\u00a0<\/p>\n<p>Expressen har varit i kontakt med anstaltschef Emma Olsson, som h\u00e4nvisar till Kriminalv\u00e5rdens pressavdelning.<\/p>\n<p>Var p\u00e5 promenad<\/p>\n<p>Joakim Righammar, chef f\u00f6r Kriminalv\u00e5rden stab, ber\u00e4ttar de b\u00e5da m\u00e4nnen var p\u00e5 promenad p\u00e5 h\u00e4ktesomr\u00e5det n\u00e4r det gick ett sjukdomslarm. N\u00e4r sedan b\u00e5da m\u00e4nnen var inne p\u00e5 sj\u00e4lva anstaltsomr\u00e5det gick rymningslarmet. Joakim Righammar bekr\u00e4ftar att det fanns byggnadsst\u00e4llningar som som de b\u00e5da m\u00e4nnen kan ha anv\u00e4nt f\u00f6r att fly.<\/p>\n<p>De b\u00e5da m\u00e4nnen hittades under eftermiddagen. De b\u00e5da \u00e4r nu i polisens f\u00f6rvar och kommer att f\u00f6ras till n\u00e4rmsta h\u00e4kte f\u00f6r att sedan transporteras till kriminalanstalten.\u00a0<\/p>\n<p>\u2013 Vi \u00e4r tacksamma \u00f6ver polisen arbete och att rymmarna \u00e4r fast. Kriminalv\u00e5rden jobbar vidare med \u00e5tg\u00e4rder f\u00f6r att liknanden inte ska kunna ske igen.\u00a0<\/p>\n","protected":false},"excerpt":{"rendered":"Publicerad 15 sep 2025 kl 12.54Uppdaterad kl 18.32 David Berntsen Lundin \u00e4r centralfigur i G\u00f6teborgs g\u00e4ngkrig, d\u00f6md f\u00f6r&hellip;\n","protected":false},"author":2,"featured_media":31184,"comment_status":"","ping_status":"","sticky":false,"template":"","format":"standard","meta":{"footnotes":""},"categories":[5],"tags":[22,23,26,27,17,21,24,25,1498,239,28,29,15,16,3472,18,34,666,31,33,32,30,19,668,1153,20],"class_list":{"0":"post-31183","1":"post","2":"type-post","3":"status-publish","4":"format-standard","5":"has-post-thumbnail","7":"category-rubriker","8":"tag-breaking-news","9":"tag-breakingnews","10":"tag-featured-news","11":"tag-featurednews","12":"tag-headlines","13":"tag-huvudnyheter","14":"tag-latest-news","15":"tag-latestnews","16":"tag-location-boras","17":"tag-location-goteborg","18":"tag-main-news","19":"tag-mainnews","20":"tag-news","21":"tag-nyheter","22":"tag-organization-kriminalvarden","23":"tag-rubriker","24":"tag-se","25":"tag-sections-krim","26":"tag-svenska","27":"tag-sverige","28":"tag-sweden","29":"tag-swedish","30":"tag-top-stories","31":"tag-topic-gangkriminalitet","32":"tag-topic-kriminalvard-fangelse","33":"tag-topstories"},"share_on_mastodon":{"url":"","error":""},"_links":{"self":[{"href":"https:\/\/www.europesays.com\/se\/wp-json\/wp\/v2\/posts\/31183","targetHints":{"allow":["GET"]}}],"collection":[{"href":"https:\/\/www.europesays.com\/se\/wp-json\/wp\/v2\/posts"}],"about":[{"href":"https:\/\/www.europesays.com\/se\/wp-json\/wp\/v2\/types\/post"}],"author":[{"embeddable":true,"href":"https:\/\/www.europesays.com\/se\/wp-json\/wp\/v2\/users\/2"}],"replies":[{"embeddable":true,"href":"https:\/\/www.europesays.com\/se\/wp-json\/wp\/v2\/comments?post=31183"}],"version-history":[{"count":0,"href":"https:\/\/www.europesays.com\/se\/wp-json\/wp\/v2\/posts\/31183\/revisions"}],"wp:featuredmedia":[{"embeddable":true,"href":"https:\/\/www.europesays.com\/se\/wp-json\/wp\/v2\/media\/31184"}],"wp:attachment":[{"href":"https:\/\/www.europesays.com\/se\/wp-json\/wp\/v2\/media?parent=31183"}],"wp:term":[{"taxonomy":"category","embeddable":true,"href":"https:\/\/www.europesays.com\/se\/wp-json\/wp\/v2\/categories?post=31183"},{"taxonomy":"post_tag","embeddable":true,"href":"https:\/\/www.europesays.com\/se\/wp-json\/wp\/v2\/tags?post=31183"}],"curies":[{"name":"wp","href":"https:\/\/api.w.org\/{rel}","templated":true}]}}