{"id":31187,"date":"2025-09-15T23:44:12","date_gmt":"2025-09-15T23:44:12","guid":{"rendered":"https:\/\/www.europesays.com\/se\/31187\/"},"modified":"2025-09-15T23:44:12","modified_gmt":"2025-09-15T23:44:12","slug":"demonstration-mot-israel-utanfor-judisk-skola-djupt-skamligt","status":"publish","type":"post","link":"https:\/\/www.europesays.com\/se\/31187\/","title":{"rendered":"Demonstration mot Israel utanf\u00f6r judisk skola: \u201dDjupt skamligt\u201d"},"content":{"rendered":"<p>Flera personer demonstrerade utanf\u00f6r den judiska skolan i Stockholm under m\u00e5ndagen. De h\u00f6ll bland annat upp en skylt med budskapet \u201dalla barn \u00e4r lika v\u00e4rda\u201d, rapporterar Expressen. <\/p>\n<p>Gruppen, som enligt en skylt kommer fr\u00e5n organisationen Judisk Antisionistisk Allians, \u00e4r ett n\u00e4tverk f\u00f6r antisionistiska judar och antisionister med judisk bakgrund, enligt organisationens instagramkonto.<\/p>\n<p>Judiska ungdomsf\u00f6rbundet i Sverige skriver p\u00e5 X att det inte spelar n\u00e5gon roll vem avs\u00e4ndaren \u00e4r.<\/p>\n<p>\u201dDet spelar all roll vad kontexten \u00e4r. Att st\u00e4lla sig med detta framf\u00f6r den judiska skolan n\u00e4r barn g\u00e5r hem \u00e4r rakt av antisemitiskt.\u201d, skriver de. <\/p>\n<p>\u201d\u00c4nnu en gr\u00e4ns har passerats. Det h\u00e4r \u00e4r vederv\u00e4rdigt. Det finns inte en kontext eller ett budskap i v\u00e4rlden som motiverar att st\u00e5 med detta utanf\u00f6r judiska skolor\u201d, skriver kulturminister\u202fParisa Liljestrand\u202f(M) i ett inl\u00e4gg p\u00e5 Instagram.<\/p>\n<p>Finansminister Elisabeth Svantesson kallar det f\u00f6r \u201ddjupt skamligt\u201d p\u00e5 X.<\/p>\n<p>Omni \u00e4r politiskt obundna och oberoende. Vi str\u00e4var efter att ge fler perspektiv p\u00e5 nyheterna. Har du fr\u00e5gor eller synpunkter kring v\u00e5r rapportering? <a href=\"https:\/\/omni.se\/demonstration-mot-israel-utanfor-judisk-skola-djupt-skamligt\/a\/mailto:redaktion@omni.se\" class=\"ArticleActions_contactLink__W2F1M\" rel=\"nofollow noopener\" target=\"_blank\">Kontakta redaktionen<\/a><\/p>\n","protected":false},"excerpt":{"rendered":"Flera personer demonstrerade utanf\u00f6r den judiska skolan i Stockholm under m\u00e5ndagen. De h\u00f6ll bland annat upp en skylt&hellip;\n","protected":false},"author":2,"featured_media":31188,"comment_status":"","ping_status":"","sticky":false,"template":"","format":"standard","meta":{"footnotes":""},"categories":[14],"tags":[22,23,805,26,27,121,17,21,342,24,25,28,29,124,551,15,16,123,1130,18,34,31,33,32,30,19,20,51,52,53,54],"class_list":{"0":"post-31187","1":"post","2":"type-post","3":"status-publish","4":"format-standard","5":"has-post-thumbnail","7":"category-varlden","8":"tag-breaking-news","9":"tag-breakingnews","10":"tag-elisabeth-svantesson","11":"tag-featured-news","12":"tag-featurednews","13":"tag-gaza","14":"tag-headlines","15":"tag-huvudnyheter","16":"tag-israel","17":"tag-latest-news","18":"tag-latestnews","19":"tag-main-news","20":"tag-mainnews","21":"tag-mellanostern","22":"tag-moderaterna","23":"tag-news","24":"tag-nyheter","25":"tag-palestina","26":"tag-parisa-liljestrand","27":"tag-rubriker","28":"tag-se","29":"tag-svenska","30":"tag-sverige","31":"tag-sweden","32":"tag-swedish","33":"tag-top-stories","34":"tag-topstories","35":"tag-varlden","36":"tag-world","37":"tag-world-news","38":"tag-worldnews"},"share_on_mastodon":{"url":"","error":""},"_links":{"self":[{"href":"https:\/\/www.europesays.com\/se\/wp-json\/wp\/v2\/posts\/31187","targetHints":{"allow":["GET"]}}],"collection":[{"href":"https:\/\/www.europesays.com\/se\/wp-json\/wp\/v2\/posts"}],"about":[{"href":"https:\/\/www.europesays.com\/se\/wp-json\/wp\/v2\/types\/post"}],"author":[{"embeddable":true,"href":"https:\/\/www.europesays.com\/se\/wp-json\/wp\/v2\/users\/2"}],"replies":[{"embeddable":true,"href":"https:\/\/www.europesays.com\/se\/wp-json\/wp\/v2\/comments?post=31187"}],"version-history":[{"count":0,"href":"https:\/\/www.europesays.com\/se\/wp-json\/wp\/v2\/posts\/31187\/revisions"}],"wp:featuredmedia":[{"embeddable":true,"href":"https:\/\/www.europesays.com\/se\/wp-json\/wp\/v2\/media\/31188"}],"wp:attachment":[{"href":"https:\/\/www.europesays.com\/se\/wp-json\/wp\/v2\/media?parent=31187"}],"wp:term":[{"taxonomy":"category","embeddable":true,"href":"https:\/\/www.europesays.com\/se\/wp-json\/wp\/v2\/categories?post=31187"},{"taxonomy":"post_tag","embeddable":true,"href":"https:\/\/www.europesays.com\/se\/wp-json\/wp\/v2\/tags?post=31187"}],"curies":[{"name":"wp","href":"https:\/\/api.w.org\/{rel}","templated":true}]}}