{"id":312178,"date":"2026-07-22T04:23:10","date_gmt":"2026-07-22T04:23:10","guid":{"rendered":"https:\/\/www.europesays.com\/se\/312178\/"},"modified":"2026-07-22T04:23:10","modified_gmt":"2026-07-22T04:23:10","slug":"trump-vill-se-infantino-som-hogste-fn-chef","status":"publish","type":"post","link":"https:\/\/www.europesays.com\/se\/312178\/","title":{"rendered":"Trump vill se Infantino som h\u00f6gste FN-chef"},"content":{"rendered":"<p>Publicerad 22 jul 2026 kl 00.48<\/p>\n<p>V\u00e4nj er vid tanken, n\u00e4ste generalsekreterare i FN heter Gianni Infantino.<\/p>\n<p>I alla fall om Donald Trump f\u00e5r som han vill.<\/p>\n<p>Presidenten vill se den kontroversielle Fifa-chefen som h\u00f6gste ledare f\u00f6r v\u00e4rldsorganisationen.<\/p>\n<p><img   alt=\"\"\/><\/p>\n<p>Donald Trump vill se Gianni Infantino som n\u00e4ste FN-chef.<\/p>\n<p>Foto: ANP\/SHUTTERSTOCK \/EDITORIAL\/IBL<\/p>\n<p>\u00d6ppna bild i helsk\u00e4rm<\/p>\n<p>FN ska v\u00e4lja ny generalsekreterare i december i \u00e5r. Eftertr\u00e4daren till portugisen Ant\u00f3nio Guterres blir schweizaren <a href=\"https:\/\/www.expressen.se\/tagg\/person\/gianni-infantino\/\" class=\"\" rel=\"nofollow noopener\" target=\"_blank\">Gianni Infantino<\/a>, som st\u00e5r n\u00e4ra Donald Trump \u2013 och presidenten verkar f\u00f6r hans upph\u00f6jelse.<\/p>\n<p>Detta enligt den Trumpv\u00e4nliga <a href=\"https:\/\/nypost.com\/2026\/07\/21\/us-news\/trump-wants-to-nominate-fifa-boss-gianni-infantino-for-un-secretary-general-following-world-cup\/\" rel=\"nofollow noopener\" target=\"_blank\">amerikanska tidningen New York Post.<\/a>\u00a0<\/p>\n<p>\u201dRespekterad av alla\u201d<\/p>\n<p>Trump anser att Infantino \u201d\u00e4r respekterad av alla runtom i v\u00e4rlden och \u00e4r medveten om att han har en speciell f\u00f6rm\u00e5ga att sammanf\u00f6ra m\u00e4nniskor\u201d, s\u00e4ger en presidenten n\u00e4rst\u00e5ende k\u00e4lla till New York Post.<\/p>\n<p>Under fotbolls-VM har Trump och Infantino blivit \u00e4nnu b\u00e4ttre v\u00e4nner.<\/p>\n<p>Trump ser en chans f\u00f6r sin kompis eftersom sju \u201dsvaga\u201d kandidater uppges t\u00e4vla om det h\u00f6ga \u00e4mbetet, enligt vad en annan k\u00e4lla s\u00e4ger till tidningen.<\/p>\n<p>Bland kandidaterna n\u00e4mns socialisten Michelle Bachelet, tidigare president i Chile, och argentinaren Rafael Grossi som chef f\u00f6r Internationella atomenergiorganet (IAEA).<\/p>\n<p>\u201dGenial id\u00e9\u201d<\/p>\n<p>\u2013 Bara president Trump kan f\u00e5 en s\u00e5dan genial id\u00e9. Infantino kommer att g\u00f6ra ett fantastiskt jobb och alla gillar honom, s\u00e4ger \u00a0den italiensk-amerikanske aff\u00e4rsmannen och diplomaten Paolo Zampolli, som Trump utsett till USA:s speciella representant f\u00f6r globala partnerskap, <a href=\"https:\/\/nypost.com\/2026\/07\/21\/us-news\/trump-wants-to-nominate-fifa-boss-gianni-infantino-for-un-secretary-general-following-world-cup\/\" rel=\"nofollow noopener\" target=\"_blank\">till New York Post.<\/a>\u00a0<\/p>\n<p>\u2013 I FN har man att g\u00f6ra med 193 nationer. Fifa har \u00f6ver 200 medlemmar och Giannis fantastiska insatser visar att han vet hur man klarar det, s\u00e4ger han.<\/p>\n<p>Trump \u00e4r missn\u00f6jd med hur FN fungerar och har skurit ned de amerikanska bidragen till v\u00e4rldsorganisationen. Med Infantino som generalsekreterare kan Trumps relationer med FN f\u00f6rb\u00e4ttras, skriver New York Post.<\/p>\n<p>Rej\u00e4l l\u00f6nes\u00e4nkning<\/p>\n<p>Men han m\u00e5ste g\u00e5 ned i l\u00f6n rej\u00e4lt om han byter jobb, enligt tidningen. I Fifa tj\u00e4nar han motsvarande 78 miljoner kronor om \u00e5ret, i FN blir \u00e5rsl\u00f6nen motsvarande fyra miljoner kronor.<\/p>\n<p>Infantino har inte besvarat New York Posts beg\u00e4ran om en kommentar.<\/p>\n","protected":false},"excerpt":{"rendered":"Publicerad 22 jul 2026 kl 00.48 V\u00e4nj er vid tanken, n\u00e4ste generalsekreterare i FN heter Gianni Infantino. I&hellip;\n","protected":false},"author":2,"featured_media":312179,"comment_status":"","ping_status":"","sticky":false,"template":"","format":"standard","meta":{"footnotes":"","_share_on_mastodon":"0"},"categories":[68],"tags":[3196,385,1626,2150,1625,31388,34,111,110,31,33,32,30,51],"class_list":["post-312178","post","type-post","status-publish","format-standard","has-post-thumbnail","category-sport","tag-antonio-guterres","tag-donald-trump","tag-fifa","tag-fn","tag-gianni-infantino","tag-new-york-post","tag-se","tag-sport","tag-sports","tag-svenska","tag-sverige","tag-sweden","tag-swedish","tag-varlden"],"share_on_mastodon":{"url":"https:\/\/pubeurope.com\/@se\/116961725834647080","error":""},"_links":{"self":[{"href":"https:\/\/www.europesays.com\/se\/wp-json\/wp\/v2\/posts\/312178","targetHints":{"allow":["GET"]}}],"collection":[{"href":"https:\/\/www.europesays.com\/se\/wp-json\/wp\/v2\/posts"}],"about":[{"href":"https:\/\/www.europesays.com\/se\/wp-json\/wp\/v2\/types\/post"}],"author":[{"embeddable":true,"href":"https:\/\/www.europesays.com\/se\/wp-json\/wp\/v2\/users\/2"}],"replies":[{"embeddable":true,"href":"https:\/\/www.europesays.com\/se\/wp-json\/wp\/v2\/comments?post=312178"}],"version-history":[{"count":0,"href":"https:\/\/www.europesays.com\/se\/wp-json\/wp\/v2\/posts\/312178\/revisions"}],"wp:featuredmedia":[{"embeddable":true,"href":"https:\/\/www.europesays.com\/se\/wp-json\/wp\/v2\/media\/312179"}],"wp:attachment":[{"href":"https:\/\/www.europesays.com\/se\/wp-json\/wp\/v2\/media?parent=312178"}],"wp:term":[{"taxonomy":"category","embeddable":true,"href":"https:\/\/www.europesays.com\/se\/wp-json\/wp\/v2\/categories?post=312178"},{"taxonomy":"post_tag","embeddable":true,"href":"https:\/\/www.europesays.com\/se\/wp-json\/wp\/v2\/tags?post=312178"}],"curies":[{"name":"wp","href":"https:\/\/api.w.org\/{rel}","templated":true}]}}