{"id":312471,"date":"2026-07-22T10:06:12","date_gmt":"2026-07-22T10:06:12","guid":{"rendered":"https:\/\/www.europesays.com\/se\/312471\/"},"modified":"2026-07-22T10:06:12","modified_gmt":"2026-07-22T10:06:12","slug":"trump-vill-se-infantino-som-fns-generalsekreterare","status":"publish","type":"post","link":"https:\/\/www.europesays.com\/se\/312471\/","title":{"rendered":"Trump vill se Infantino som FN:s generalsekreterare"},"content":{"rendered":"<p>   Publicerad 11:12Uppdaterad 11:58<img alt=\"Donald Trump och Gianni Infantino.\" class=\"_image_1jxax_84 layout-component layout-wide\" data-fullscreen- data-track-element-type=\"Article image fullscreen\" data-track-name=\"ImageFullscreen\" fetchpriority=\"high\" decoding=\"sync\" loading=\"eager\" height=\"2626\" itemprop=\"image\"  src=\"https:\/\/www.europesays.com\/se\/wp-content\/uploads\/2026\/07\/62c4fab0-4a05-3fa4-b923-527fc2adaff2.jpeg\"  style=\"object-position:0% 0%\" width=\"3920\"\/>Donald Trump och Gianni Infantino.  Foto: MARK J REBILAS \/ REUTERSVisa mer<\/p>\n<p class=\"_textTheme_16ipd_1 _lead_16k26_2 _lead_3ue4t_18 layout-component layout-normal layout-padded _lead_o6m9k_5 _leadTheme_cypwp_1 body-large bold\">Gianni Infantino, 56, som generalsekreterare i FN?<\/p>\n<p class=\"_textTheme_16ipd_1 _lead_16k26_2 _lead_3ue4t_18 layout-component layout-normal layout-padded _lead_o6m9k_5 _leadTheme_cypwp_1 body-large bold\">En fantastisk id\u00e9, tycker Donald Trump, 80.<\/p>\n<p class=\"_textTheme_16ipd_1 _paragraph_16k26_4 _paragraph_3ue4t_27 layout-component layout-normal layout-padded body-medium\">Det \u00e4r <a href=\"https:\/\/nypost.com\/2026\/07\/21\/us-news\/trump-wants-to-nominate-fifa-boss-gianni-infantino-for-un-secretary-general-following-world-cup\/\" class=\"_link_16k26_32\" rel=\"nofollow noopener\" target=\"_blank\">New York Post <\/a>som kommer med uppgifterna om att Trump vill se sin nyfunne v\u00e4n bli chef f\u00f6r v\u00e4rldsorganisationen. <\/p>\n<p class=\"_textTheme_16ipd_1 _paragraph_16k26_4 _paragraph_3ue4t_27 layout-component layout-normal layout-padded body-medium\">FN ska utse en ny generalsekreterare i december och Trump ser en \u00f6ppning eftersom det, enligt en k\u00e4lla till tidningen, \u00e4r sju \u201dlama\u201d kandidater som g\u00f6r upp om posten i dagsl\u00e4get.<\/p>\n<p class=\"_textTheme_16ipd_1 _paragraph_16k26_4 _paragraph_3ue4t_27 layout-component layout-normal layout-padded body-medium\">Trump anser att Fifas ordf\u00f6rande Infantino \u00e4r \u201drespekterad av alla i hela v\u00e4rlden\u201d och \u201dhar en speciell f\u00f6rm\u00e5ga att f\u00f6ra m\u00e4nniskor samman\u201d, uppger en k\u00e4lla n\u00e4ra USA:s president.<\/p>\n<p class=\"_textTheme_16ipd_1 _paragraph_16k26_4 _paragraph_3ue4t_27 layout-component layout-normal layout-padded body-medium\">Diplomaten Paolo Zampolli, som av Trump har utsetts till USA:s representant f\u00f6r globala partnerskap, s\u00e4ger till New York Post:<\/p>\n<p class=\"_textTheme_16ipd_1 _paragraph_16k26_4 _paragraph_3ue4t_27 layout-component layout-normal layout-padded body-medium\">\u2013 Bara president Trump kan f\u00e5 en s\u00e5dan genial id\u00e9. Infantino skulle g\u00f6ra ett fantastiskt jobb och alla gillar honom.<\/p>\n<p class=\"_textTheme_16ipd_1 _paragraph_16k26_4 _paragraph_3ue4t_27 layout-component layout-normal layout-padded body-medium\">Zampolli, en personlig v\u00e4n till Infantino, n\u00e4mner \u00e4ven att jobben i Fifa och FN har vissa likheter utifr\u00e5n antalet medlemsl\u00e4nder att handskas med. Fifa har 211 medlemmar, att j\u00e4mf\u00f6ra med FN:s 193.<\/p>\n<p>  Rej\u00e4l l\u00f6nes\u00e4nkning <\/p>\n<p class=\"_textTheme_16ipd_1 _paragraph_16k26_4 _paragraph_3ue4t_27 layout-component layout-normal layout-padded body-medium\">Det \u00e4r oklart om Infantino \u00f6ver huvud taget vill ha jobbet och i vilken utstr\u00e4ckning Trump har diskuterat \u00e4mnet med honom, skriver New York Post vidare. <\/p>\n<p class=\"_textTheme_16ipd_1 _paragraph_16k26_4 _paragraph_3ue4t_27 layout-component layout-normal layout-padded body-medium\">F\u00f6r att Fifa-ordf\u00f6randen ska bli aktuell kr\u00e4vs att han f\u00f6rst blir godk\u00e4nd av FN:s s\u00e4kerhetsr\u00e5d, d\u00e4r USA, Kina, Ryssland, Frankrike och Storbritannien alla har vetor\u00e4tt.<\/p>\n<p class=\"_textTheme_16ipd_1 _paragraph_16k26_4 _paragraph_3ue4t_27 layout-component layout-normal layout-padded body-medium\">Infantino skulle dessutom beh\u00f6va s\u00e4nka sin \u00e5rsl\u00f6n rej\u00e4lt om han byter Fifa mot FN; fr\u00e5n runt 78 miljoner kronor till cirka fyra miljoner kronor. 56-\u00e5ringen har f\u00f6r avsikt att bli omvald som Fifa-ordf\u00f6rande p\u00e5 kongressen i mars 2027.<\/p>\n<p class=\"_textTheme_16ipd_1 _paragraph_16k26_4 _paragraph_3ue4t_27 layout-component layout-normal layout-padded body-medium\">Donald Trump \u00e4r missn\u00f6jd med FN:s arbete de senaste \u00e5ren och har skurit ned USA:s bidrag till organisationen kraftigt. Om Infantino skulle v\u00e4ljas till ny generalsekreterare kan USA:s relation med FN f\u00f6rb\u00e4ttras.<\/p>\n<p class=\"_textTheme_16ipd_1 _paragraph_16k26_4 _paragraph_3ue4t_27 layout-component layout-normal layout-padded body-medium\">Trump och Infantino har knutit n\u00e4ra band till varandra sedan Trump valdes till amerikansk president f\u00f6r andra g\u00e5ngen 2024. Fifa-ordf\u00f6randen instiftade, p\u00e5 eget initiativ, ett Fifa-fredspris som han delade ut till Trump i fjol. Under sommarens fotbolls-VM har duon hyllat varandra vid flera tillf\u00e4llen.<\/p>\n","protected":false},"excerpt":{"rendered":"Publicerad 11:12Uppdaterad 11:58Donald Trump och Gianni Infantino. Foto: MARK J REBILAS \/ REUTERSVisa mer Gianni Infantino, 56, som&hellip;\n","protected":false},"author":2,"featured_media":312472,"comment_status":"","ping_status":"","sticky":false,"template":"","format":"standard","meta":{"footnotes":"","_share_on_mastodon":"0"},"categories":[68],"tags":[385,1626,2150,2151,138,1625,34,111,110,31,33,32,30],"class_list":["post-312471","post","type-post","status-publish","format-standard","has-post-thumbnail","category-sport","tag-donald-trump","tag-fifa","tag-fn","tag-forenta-nationerna","tag-fotboll","tag-gianni-infantino","tag-se","tag-sport","tag-sports","tag-svenska","tag-sverige","tag-sweden","tag-swedish"],"share_on_mastodon":{"url":"https:\/\/pubeurope.com\/@se\/116963075231031220","error":""},"_links":{"self":[{"href":"https:\/\/www.europesays.com\/se\/wp-json\/wp\/v2\/posts\/312471","targetHints":{"allow":["GET"]}}],"collection":[{"href":"https:\/\/www.europesays.com\/se\/wp-json\/wp\/v2\/posts"}],"about":[{"href":"https:\/\/www.europesays.com\/se\/wp-json\/wp\/v2\/types\/post"}],"author":[{"embeddable":true,"href":"https:\/\/www.europesays.com\/se\/wp-json\/wp\/v2\/users\/2"}],"replies":[{"embeddable":true,"href":"https:\/\/www.europesays.com\/se\/wp-json\/wp\/v2\/comments?post=312471"}],"version-history":[{"count":0,"href":"https:\/\/www.europesays.com\/se\/wp-json\/wp\/v2\/posts\/312471\/revisions"}],"wp:featuredmedia":[{"embeddable":true,"href":"https:\/\/www.europesays.com\/se\/wp-json\/wp\/v2\/media\/312472"}],"wp:attachment":[{"href":"https:\/\/www.europesays.com\/se\/wp-json\/wp\/v2\/media?parent=312471"}],"wp:term":[{"taxonomy":"category","embeddable":true,"href":"https:\/\/www.europesays.com\/se\/wp-json\/wp\/v2\/categories?post=312471"},{"taxonomy":"post_tag","embeddable":true,"href":"https:\/\/www.europesays.com\/se\/wp-json\/wp\/v2\/tags?post=312471"}],"curies":[{"name":"wp","href":"https:\/\/api.w.org\/{rel}","templated":true}]}}