{"id":313932,"date":"2026-07-23T19:37:12","date_gmt":"2026-07-23T19:37:12","guid":{"rendered":"https:\/\/www.europesays.com\/se\/313932\/"},"modified":"2026-07-23T19:37:12","modified_gmt":"2026-07-23T19:37:12","slug":"polisen-utreder-planerad-aik-laggmatch-tre-spelare-pekades-ut-i-bok","status":"publish","type":"post","link":"https:\/\/www.europesays.com\/se\/313932\/","title":{"rendered":"Polisen utreder planerad AIK-l\u00e4ggmatch \u2013 tre spelare pekades ut i bok"},"content":{"rendered":"<p>                                <img loading=\"lazy\" width=\"1000\" height=\"650\" src=\"https:\/\/www.europesays.com\/se\/wp-content\/uploads\/2026\/07\/karlberg_aik1.jpeg\" class=\"attachment-full size-full wp-post-image\" alt=\"Polisen utreder planerad AIK-l\u00e4ggmatch \u2013 tre spelare pekades ut i bok\" title=\"\" decoding=\"async\"  \/>                            <\/p>\n<p><b>Polisen utreder en m\u00f6jlig matchfixningsh\u00e4rva i AIK.<\/b><\/p>\n<p><strong>En f\u00f6runders\u00f6kning har inletts, rapporterar <a href=\"https:\/\/www.etc.se\/inrikes\/avsloejar-polisutredning-om-planerad-laeggmatch-i-allsvenskan\" rel=\"nofollow noopener\" target=\"_blank\">ETC<\/a>.<\/strong><\/p>\n<p><strong>Huruvida \u00e4rendet leder till \u00e5tal \u00e4r \u00e4n s\u00e5 l\u00e4nge oklart.<\/strong><\/p>\n<p class=\"text\">Annons<\/p>\n<p>    <a href=\"\" target=\"_blank\" class=\"fotbollsthlm-ad-link\"><br \/>\n        <img decoding=\"async\" src=\"\" class=\"image-mobile\"\/><br \/>\n        <img decoding=\"async\" src=\"\" class=\"image-desktop\"\/><br \/>\n    <\/a><\/p>\n<p>I boken Fotbollsagenterna skriver TV4-journalisten Anderas Sundberg att tre spelare i AIK f\u00f6rs\u00f6kte f\u00e5 bort tr\u00e4naren Andreas Br\u00e4nnstr\u00f6m under sommaren 2023. De tre spelarna ska ha varit lojala med agenten Masireh Jadama fr\u00e5n Universal till skillnad fr\u00e5n en annan falang som stod p\u00e5 Hasan Cetinakayas sida i vad som beskrivs som en maktkamp mellan de tv\u00e5 agenturerna.<\/p>\n<p>Tillv\u00e4gag\u00e5ngss\u00e4ttet var, enligt boken, att planera en l\u00e4ggmatch mot Degerfors samt att ta varningar och bli avst\u00e4ngda till den kommande matchen \u2013 ett derby mot Djurg\u00e5rden. P\u00e5 s\u00e5 s\u00e4tt skulle Br\u00e4nnstr\u00f6m kunna f\u00e5 sparken och den assisterande tr\u00e4naren Henok Goitom ta \u00f6ver.<\/p>\n<p>Enligt Anderas Sundberg informerades sportchefen Thomas Berntsen av Andreas Br\u00e4nnstr\u00f6m om uppgifterna, och d\u00e4refter kallades det till ett m\u00f6te p\u00e5 Karlberg.<\/p>\n<p>Till Expressen har Anderas Br\u00e4nnstr\u00f6m bekr\u00e4ftat att han n\u00e5tts av uppgifterna om en planerad l\u00e4ggmatch. De tre spelarna har d\u00e4remot nekat till uppgifterna i olika medier.<\/p>\n<p>Nu skriver ETC att polisen utreder h\u00e4ndelsen som en av del operationen Kontring som fokuserar p\u00e5 idrottskriminalitet. En f\u00f6runders\u00f6kning g\u00e4llande planerad matchfixning \u00e4r inledd, men \u00e4n \u00e4r ingen person delgiven misstanke.<\/p>\n<p>                                <a href=\"https:\/\/fotbollsthlm.se\/tag\/aik\/\" rel=\"tag nofollow noopener\" target=\"_blank\">AIK<\/a>, <a href=\"https:\/\/fotbollsthlm.se\/tag\/kriminalitet\/\" rel=\"tag nofollow noopener\" target=\"_blank\">Kriminalitet<\/a>, <a href=\"https:\/\/fotbollsthlm.se\/tag\/polisen\/\" rel=\"tag nofollow noopener\" target=\"_blank\">Polisen<\/a>                            <\/p>\n","protected":false},"excerpt":{"rendered":"Polisen utreder en m\u00f6jlig matchfixningsh\u00e4rva i AIK. En f\u00f6runders\u00f6kning har inletts, rapporterar ETC. Huruvida \u00e4rendet leder till \u00e5tal&hellip;\n","protected":false},"author":2,"featured_media":313933,"comment_status":"","ping_status":"","sticky":false,"template":"","format":"standard","meta":{"footnotes":"","_share_on_mastodon":"0"},"categories":[68],"tags":[3711,2626,1274,34,111,110,31,33,32,30],"class_list":["post-313932","post","type-post","status-publish","format-standard","has-post-thumbnail","category-sport","tag-aik","tag-kriminalitet","tag-polisen","tag-se","tag-sport","tag-sports","tag-svenska","tag-sverige","tag-sweden","tag-swedish"],"share_on_mastodon":{"url":"https:\/\/pubeurope.com\/@se\/116970982807287782","error":""},"_links":{"self":[{"href":"https:\/\/www.europesays.com\/se\/wp-json\/wp\/v2\/posts\/313932","targetHints":{"allow":["GET"]}}],"collection":[{"href":"https:\/\/www.europesays.com\/se\/wp-json\/wp\/v2\/posts"}],"about":[{"href":"https:\/\/www.europesays.com\/se\/wp-json\/wp\/v2\/types\/post"}],"author":[{"embeddable":true,"href":"https:\/\/www.europesays.com\/se\/wp-json\/wp\/v2\/users\/2"}],"replies":[{"embeddable":true,"href":"https:\/\/www.europesays.com\/se\/wp-json\/wp\/v2\/comments?post=313932"}],"version-history":[{"count":0,"href":"https:\/\/www.europesays.com\/se\/wp-json\/wp\/v2\/posts\/313932\/revisions"}],"wp:featuredmedia":[{"embeddable":true,"href":"https:\/\/www.europesays.com\/se\/wp-json\/wp\/v2\/media\/313933"}],"wp:attachment":[{"href":"https:\/\/www.europesays.com\/se\/wp-json\/wp\/v2\/media?parent=313932"}],"wp:term":[{"taxonomy":"category","embeddable":true,"href":"https:\/\/www.europesays.com\/se\/wp-json\/wp\/v2\/categories?post=313932"},{"taxonomy":"post_tag","embeddable":true,"href":"https:\/\/www.europesays.com\/se\/wp-json\/wp\/v2\/tags?post=313932"}],"curies":[{"name":"wp","href":"https:\/\/api.w.org\/{rel}","templated":true}]}}