{"id":313991,"date":"2026-07-23T21:21:12","date_gmt":"2026-07-23T21:21:12","guid":{"rendered":"https:\/\/www.europesays.com\/se\/313991\/"},"modified":"2026-07-23T21:21:12","modified_gmt":"2026-07-23T21:21:12","slug":"trump-och-kina-nara-att-spracka-miljardavta","status":"publish","type":"post","link":"https:\/\/www.europesays.com\/se\/313991\/","title":{"rendered":"Trump och Kina n\u00e4ra att spr\u00e4cka miljardavta"},"content":{"rendered":"<p>Uppdaterad 23 jul 2026 kl 22.12Publicerad 23 jul 2026 kl 21.53<\/p>\n<p>Trumps massiva avtal med Xi Jinping kan fallera.<\/p>\n<p>Kina vill nu omf\u00f6rhandla aff\u00e4ren \u2013 v\u00e4rd flera hundra miljarder.<\/p>\n<p>\u2013 Just nu tittar folk h\u00e4r p\u00e5 vad som faktiskt har levererats sedan Pekingm\u00f6tet och blir arga, s\u00e4ger en k\u00e4lla till <a href=\"https:\/\/www.politico.com\/news\/2026\/07\/22\/trump-boeing-deal-beijing-turbulence-01008337\" rel=\"nofollow noopener\" target=\"_blank\">Politico<\/a>.<\/p>\n<p><img   alt=\"\"\/><\/p>\n<p>L\u00f6ftena fr\u00e5n Xi Jinping blev aldrig skriftligt slutf\u00f6rda utan f\u00f6rblev muntliga l\u00f6ften, skriver Politico.<\/p>\n<p>Foto: MARK SCHIEFELBEIN \/ AP TT NYHETSBYR\u00c5N<\/p>\n<p>\u00d6ppna bild i helsk\u00e4rmArtikeln i korthet<\/p>\n<p> Kina vill omf\u00f6rhandla Trumps stora avtal med USA om k\u00f6p av Boeingplan.<\/p>\n<p> Aff\u00e4ren \u00e4r v\u00e4rd upp till 180 miljarder kronor och riskerar nu att falla samman.<\/p>\n<p> Ett misslyckande kan ocks\u00e5 hota vapenvilan i handelskriget mellan USA och Kina, skriver Politico.<\/p>\n<p>Visa mer<\/p>\n<p>L\u00e4nderna har sedan Trumps tidigare statsbes\u00f6k en prelimin\u00e4r \u00f6verenskommelse om att Kina ska f\u00e5 k\u00f6pa 200 Boeing-plan fr\u00e5n USA. Men nu ser det ut som att f\u00f6rhandlingarna kan g\u00e5 i stopet efter att Kina bett om att omf\u00f6rhandla avtalet, skriver Politico och h\u00e4nvisar till fler k\u00e4llor i Vita huset.<\/p>\n<p>Kina kr\u00e4ver l\u00e5ngsiktiga garantier f\u00f6r leveranser av motordelar och det kan leda till att aff\u00e4ren, v\u00e4rderad till mellan 160 och 180 miljarder svenska kronor, inte blir av.<\/p>\n<p>\u2013 Boeingaff\u00e4ren h\u00e5ller p\u00e5 att falla samman. De har stora problem med den, s\u00e4ger en k\u00e4lla.<\/p>\n<p>Statsbes\u00f6ket i maj i Kina beskrevs av Vita huset som en \u201dstor framg\u00e5ng\u201d, men flygplansaff\u00e4ren var samtidigt det enda konkreta resultatet av m\u00f6tet. Problemen med f\u00f6rhandlingarna skulle kunna resultera i att den sk\u00f6ra vapenvilan mellan l\u00e4nderna i handelskriget fallerar.<\/p>\n<p>\u00d6verenskommelsen har tidigare hyllats av Trump, som \u00e4ven har sagt att den var en del av ett l\u00f6fte fr\u00e5n Kina om att k\u00f6pa 750 Boeing-plan. Samtidigt n\u00e4mnde aldrig den kinesiska sammanfattningen av m\u00f6tet n\u00e5got om att de hade lovat att k\u00f6pa 750 plan, utan tryckte p\u00e5 garantierna om underh\u00e5ll.\u00a0<\/p>\n<p>Experten: Kina har en h\u00e5llhake<\/p>\n<p>Kina lovade \u00e4ven att k\u00f6pa amerikanska jordbruksvaror f\u00f6r 160 miljarder kronor om \u00e5ret till 2028, men de bokade importerna fr\u00e5n Kina har \u00e4n s\u00e5 l\u00e4nge varit begr\u00e4nsade.<\/p>\n<p>\u2013 Just nu tittar folk h\u00e4r p\u00e5 vad som faktiskt har levererats sedan Pekingm\u00f6tet och blir arga, s\u00e4ger en tidigare tj\u00e4nsteman med n\u00e4ra band till Trump till Politico.<\/p>\n<p>En expert menar till Politico att Kina gillar att ha en h\u00e5llhake p\u00e5 USA.<\/p>\n<p>\u2013 Kinesiska tj\u00e4nstem\u00e4n anser att Trump vill och beh\u00f6ver uppr\u00e4tth\u00e5lla en stark relation med Xi mer \u00e4n tv\u00e4rtom, s\u00e4rskilt f\u00f6r att undvika en ny ekonomisk brytning inf\u00f6r mellan\u00e5rsvalen i USA. D\u00e4rf\u00f6r k\u00e4nner Xi ingen stark br\u00e5dska att fullf\u00f6lja dessa k\u00f6p, s\u00e4ger Ali Wyne, Kinaexpert vid ideella forskningsorganisationen International Crisis Group till tidningen.<\/p>\n","protected":false},"excerpt":{"rendered":"Uppdaterad 23 jul 2026 kl 22.12Publicerad 23 jul 2026 kl 21.53 Trumps massiva avtal med Xi Jinping kan&hellip;\n","protected":false},"author":2,"featured_media":313992,"comment_status":"","ping_status":"","sticky":false,"template":"","format":"standard","meta":{"footnotes":"","_share_on_mastodon":"0"},"categories":[14],"tags":[387,22,23,385,26,27,17,21,24,25,28,29,15,16,18,34,31,33,32,30,19,20,51,52,53,54,2223],"class_list":["post-313991","post","type-post","status-publish","format-standard","has-post-thumbnail","category-varlden","tag-amerikansk-politik","tag-breaking-news","tag-breakingnews","tag-donald-trump","tag-featured-news","tag-featurednews","tag-headlines","tag-huvudnyheter","tag-latest-news","tag-latestnews","tag-main-news","tag-mainnews","tag-news","tag-nyheter","tag-rubriker","tag-se","tag-svenska","tag-sverige","tag-sweden","tag-swedish","tag-top-stories","tag-topstories","tag-varlden","tag-world","tag-world-news","tag-worldnews","tag-xi-jinping"],"share_on_mastodon":{"url":"https:\/\/pubeurope.com\/@se\/116971391294797710","error":""},"_links":{"self":[{"href":"https:\/\/www.europesays.com\/se\/wp-json\/wp\/v2\/posts\/313991","targetHints":{"allow":["GET"]}}],"collection":[{"href":"https:\/\/www.europesays.com\/se\/wp-json\/wp\/v2\/posts"}],"about":[{"href":"https:\/\/www.europesays.com\/se\/wp-json\/wp\/v2\/types\/post"}],"author":[{"embeddable":true,"href":"https:\/\/www.europesays.com\/se\/wp-json\/wp\/v2\/users\/2"}],"replies":[{"embeddable":true,"href":"https:\/\/www.europesays.com\/se\/wp-json\/wp\/v2\/comments?post=313991"}],"version-history":[{"count":0,"href":"https:\/\/www.europesays.com\/se\/wp-json\/wp\/v2\/posts\/313991\/revisions"}],"wp:featuredmedia":[{"embeddable":true,"href":"https:\/\/www.europesays.com\/se\/wp-json\/wp\/v2\/media\/313992"}],"wp:attachment":[{"href":"https:\/\/www.europesays.com\/se\/wp-json\/wp\/v2\/media?parent=313991"}],"wp:term":[{"taxonomy":"category","embeddable":true,"href":"https:\/\/www.europesays.com\/se\/wp-json\/wp\/v2\/categories?post=313991"},{"taxonomy":"post_tag","embeddable":true,"href":"https:\/\/www.europesays.com\/se\/wp-json\/wp\/v2\/tags?post=313991"}],"curies":[{"name":"wp","href":"https:\/\/api.w.org\/{rel}","templated":true}]}}