{"id":314394,"date":"2026-07-24T10:43:11","date_gmt":"2026-07-24T10:43:11","guid":{"rendered":"https:\/\/www.europesays.com\/se\/314394\/"},"modified":"2026-07-24T10:43:11","modified_gmt":"2026-07-24T10:43:11","slug":"miljardinvesteringar-i-fokus-nar-techjattarna-rapporterar","status":"publish","type":"post","link":"https:\/\/www.europesays.com\/se\/314394\/","title":{"rendered":"Miljardinvesteringar i fokus n\u00e4r techj\u00e4ttarna rapporterar"},"content":{"rendered":"<p>AI-kappl\u00f6pningen forts\u00e4tter<\/p>\n<p class=\"font-sans text-base text-text-main dark:text-text-main-dark font-normal leading-[1.4]\">B\u00e5de Alphabet och Tesla rapporterade rekordh\u00f6ga investeringar under kvartalet.<\/p>\n<p class=\"font-sans text-base text-text-main dark:text-text-main-dark font-normal leading-[1.4]\">Alphabets investeringar uppgick till 44,9 miljarder dollar, vilket inneb\u00e4r en \u00f6kning med 100% j\u00e4mf\u00f6rt med samma kvartal ifjol.<\/p>\n<p class=\"font-sans text-base text-text-main dark:text-text-main-dark font-normal leading-[1.4]\">Samtidigt h\u00f6jer bolaget sin hel\u00e5rsguidning f\u00f6r investeringarna.<\/p>\n<p class=\"font-sans text-base text-text-main dark:text-text-main-dark font-normal leading-[1.4]\">\u00c4ven Teslas rapport visade p\u00e5 rekordh\u00f6ga investeringsutgifter. <\/p>\n<p class=\"font-sans text-base text-text-main dark:text-text-main-dark font-normal leading-[1.4]\">Teslas investeringar under kvartalet \u00f6kade med 142% j\u00e4mf\u00f6rt med samma kvartal f\u00f6rra \u00e5ret. <\/p>\n<p class=\"font-sans text-base text-text-main dark:text-text-main-dark font-normal leading-[1.4]\">Bolaget guidar f\u00f6r att investeringarna kommer \u00f6verstiga 25 miljarder dollar i \u00e5r, vilket n\u00e4stan \u00e4r trippelt s\u00e5 h\u00f6gt som under 2025.<\/p>\n<p class=\"font-sans text-base text-text-main dark:text-text-main-dark font-normal leading-[1.4]\">De h\u00f6ga investeringarna bidrog till att b\u00e5da bolagens fria kassafl\u00f6den blev negativa under kvartalet. F\u00f6r Alphabet var det f\u00f6rsta g\u00e5ngen posten varit negativ under bolagets 22 \u00e5r i noterad milj\u00f6.<\/p>\n<p class=\"font-sans text-base text-text-main dark:text-text-main-dark font-normal leading-[1.4]\">De \u00f6kade utgifterna \u00e4r ett resultat av den AI-kappl\u00f6pning som p\u00e5g\u00e5r mellan de stora techj\u00e4ttarna och sannolikt kommer resterande Mag 7-bolag att f\u00f6lja samma m\u00f6nster av snabbt v\u00e4xande investeringsutgifter.<\/p>\n","protected":false},"excerpt":{"rendered":"AI-kappl\u00f6pningen forts\u00e4tter B\u00e5de Alphabet och Tesla rapporterade rekordh\u00f6ga investeringar under kvartalet. Alphabets investeringar uppgick till 44,9 miljarder dollar,&hellip;\n","protected":false},"author":2,"featured_media":314395,"comment_status":"","ping_status":"","sticky":false,"template":"","format":"standard","meta":{"footnotes":"","_share_on_mastodon":"0"},"categories":[5],"tags":[735,1567,4008,391,22,23,26,27,17,21,24,25,28,29,2226,15,758,16,3218,18,34,31,33,32,30,396,19,20],"class_list":["post-314394","post","type-post","status-publish","format-standard","has-post-thumbnail","category-rubriker","tag-microsoft","tag-alphabet","tag-amazon","tag-apple","tag-breaking-news","tag-breakingnews","tag-featured-news","tag-featurednews","tag-headlines","tag-huvudnyheter","tag-latest-news","tag-latestnews","tag-main-news","tag-mainnews","tag-meta","tag-news","tag-nvidia","tag-nyheter","tag-rapporter","tag-rubriker","tag-se","tag-svenska","tag-sverige","tag-sweden","tag-swedish","tag-tesla","tag-top-stories","tag-topstories"],"share_on_mastodon":{"url":"https:\/\/pubeurope.com\/@se\/116974544880683744","error":""},"_links":{"self":[{"href":"https:\/\/www.europesays.com\/se\/wp-json\/wp\/v2\/posts\/314394","targetHints":{"allow":["GET"]}}],"collection":[{"href":"https:\/\/www.europesays.com\/se\/wp-json\/wp\/v2\/posts"}],"about":[{"href":"https:\/\/www.europesays.com\/se\/wp-json\/wp\/v2\/types\/post"}],"author":[{"embeddable":true,"href":"https:\/\/www.europesays.com\/se\/wp-json\/wp\/v2\/users\/2"}],"replies":[{"embeddable":true,"href":"https:\/\/www.europesays.com\/se\/wp-json\/wp\/v2\/comments?post=314394"}],"version-history":[{"count":0,"href":"https:\/\/www.europesays.com\/se\/wp-json\/wp\/v2\/posts\/314394\/revisions"}],"wp:featuredmedia":[{"embeddable":true,"href":"https:\/\/www.europesays.com\/se\/wp-json\/wp\/v2\/media\/314395"}],"wp:attachment":[{"href":"https:\/\/www.europesays.com\/se\/wp-json\/wp\/v2\/media?parent=314394"}],"wp:term":[{"taxonomy":"category","embeddable":true,"href":"https:\/\/www.europesays.com\/se\/wp-json\/wp\/v2\/categories?post=314394"},{"taxonomy":"post_tag","embeddable":true,"href":"https:\/\/www.europesays.com\/se\/wp-json\/wp\/v2\/tags?post=314394"}],"curies":[{"name":"wp","href":"https:\/\/api.w.org\/{rel}","templated":true}]}}