{"id":31454,"date":"2025-09-16T08:55:08","date_gmt":"2025-09-16T08:55:08","guid":{"rendered":"https:\/\/www.europesays.com\/se\/31454\/"},"modified":"2025-09-16T08:55:08","modified_gmt":"2025-09-16T08:55:08","slug":"fyra-miljarder-till-skolan-maste-vanda-laskrisen","status":"publish","type":"post","link":"https:\/\/www.europesays.com\/se\/31454\/","title":{"rendered":"Fyra miljarder till skolan: \u201dM\u00e5ste v\u00e4nda l\u00e4skrisen\u201d"},"content":{"rendered":"<p>Regeringen satsar drygt fyra miljarder p\u00e5 skolan i h\u00f6stbudgeten.<\/p>\n<p>\u2013 Skolan ska f\u00e5 f\u00f6ruts\u00e4ttningar att v\u00e4nda l\u00e4skrisen och trygghetskrisen, s\u00e4ger utbildningsminister Simona Mohamsson (L) p\u00e5 en presstr\u00e4ff.<\/p>\n<p>Totalt vill regeringen satsa 14 miljarder p\u00e5 skolan under de kommande tre \u00e5ren, vilket Mohamsson beskriver som \u201dden st\u00f6rsta budgetsatsningen p\u00e5 skolan i modern tid\u201d.<\/p>\n<p>Exakt vad pengarna ska g\u00e5 till framg\u00e5r inte. Men skolan st\u00e5r inf\u00f6r stora f\u00f6r\u00e4ndringar, enligt ministern. F\u00f6rutom sk\u00e4rpta krav f\u00f6r friskolor och mobilf\u00f6rbud v\u00e4ntar en ny l\u00e4roplan, en reformerad l\u00e4rarutbildning, ett nytt betygssystem och en st\u00e4rkt elevh\u00e4lsa. Statsbidraget f\u00f6r s\u00e4kerhetsh\u00f6jande insatser f\u00f6rl\u00e4ngs ocks\u00e5. L\u00e4rare och rektorer ska f\u00e5 fler befogenheter.<\/p>\n<p>I h\u00f6stbudgeten, som l\u00e4ggs fram n\u00e4sta vecka, ing\u00e5r satsningar v\u00e4rda 80 miljarder. De hittills st\u00f6rsta k\u00e4nda satsningarna \u00e4r ett ekonomiskt paket d\u00e4r bland annat ett jobbskatteavdrag ing\u00e5r (knappt 30 miljarder) och en satsning p\u00e5 f\u00f6rsvaret (27 miljarder).<\/p>\n<p>Omni \u00e4r politiskt obundna och oberoende. Vi str\u00e4var efter att ge fler perspektiv p\u00e5 nyheterna. Har du fr\u00e5gor eller synpunkter kring v\u00e5r rapportering? <a href=\"https:\/\/omni.se\/just-nu-regeringen-satsar-fyra-miljarder-pa-skolan\/a\/mailto:redaktion@omni.se\" class=\"ArticleActions_contactLink__W2F1M\" rel=\"nofollow noopener\" target=\"_blank\">Kontakta redaktionen<\/a><\/p>\n","protected":false},"excerpt":{"rendered":"Regeringen satsar drygt fyra miljarder p\u00e5 skolan i h\u00f6stbudgeten. \u2013 Skolan ska f\u00e5 f\u00f6ruts\u00e4ttningar att v\u00e4nda l\u00e4skrisen och&hellip;\n","protected":false},"author":2,"featured_media":31455,"comment_status":"","ping_status":"","sticky":false,"template":"","format":"standard","meta":{"footnotes":""},"categories":[5],"tags":[22,23,26,27,17,21,1107,24,25,639,28,29,551,15,16,369,18,34,1980,31,33,617,32,30,19,20,3027],"class_list":{"0":"post-31454","1":"post","2":"type-post","3":"status-publish","4":"format-standard","5":"has-post-thumbnail","7":"category-rubriker","8":"tag-breaking-news","9":"tag-breakingnews","10":"tag-featured-news","11":"tag-featurednews","12":"tag-headlines","13":"tag-huvudnyheter","14":"tag-kristdemokraterna","15":"tag-latest-news","16":"tag-latestnews","17":"tag-liberalerna","18":"tag-main-news","19":"tag-mainnews","20":"tag-moderaterna","21":"tag-news","22":"tag-nyheter","23":"tag-politik","24":"tag-rubriker","25":"tag-se","26":"tag-simona-mohamsson","27":"tag-svenska","28":"tag-sverige","29":"tag-sverigedemokraterna","30":"tag-sweden","31":"tag-swedish","32":"tag-top-stories","33":"tag-topstories","34":"tag-utbildningspolitik"},"share_on_mastodon":{"url":"","error":""},"_links":{"self":[{"href":"https:\/\/www.europesays.com\/se\/wp-json\/wp\/v2\/posts\/31454","targetHints":{"allow":["GET"]}}],"collection":[{"href":"https:\/\/www.europesays.com\/se\/wp-json\/wp\/v2\/posts"}],"about":[{"href":"https:\/\/www.europesays.com\/se\/wp-json\/wp\/v2\/types\/post"}],"author":[{"embeddable":true,"href":"https:\/\/www.europesays.com\/se\/wp-json\/wp\/v2\/users\/2"}],"replies":[{"embeddable":true,"href":"https:\/\/www.europesays.com\/se\/wp-json\/wp\/v2\/comments?post=31454"}],"version-history":[{"count":0,"href":"https:\/\/www.europesays.com\/se\/wp-json\/wp\/v2\/posts\/31454\/revisions"}],"wp:featuredmedia":[{"embeddable":true,"href":"https:\/\/www.europesays.com\/se\/wp-json\/wp\/v2\/media\/31455"}],"wp:attachment":[{"href":"https:\/\/www.europesays.com\/se\/wp-json\/wp\/v2\/media?parent=31454"}],"wp:term":[{"taxonomy":"category","embeddable":true,"href":"https:\/\/www.europesays.com\/se\/wp-json\/wp\/v2\/categories?post=31454"},{"taxonomy":"post_tag","embeddable":true,"href":"https:\/\/www.europesays.com\/se\/wp-json\/wp\/v2\/tags?post=31454"}],"curies":[{"name":"wp","href":"https:\/\/api.w.org\/{rel}","templated":true}]}}