{"id":31505,"date":"2025-09-16T09:39:21","date_gmt":"2025-09-16T09:39:21","guid":{"rendered":"https:\/\/www.europesays.com\/se\/31505\/"},"modified":"2025-09-16T09:39:21","modified_gmt":"2025-09-16T09:39:21","slug":"riksdagens-nya-kladkod-prydliga-jeans-tillatna","status":"publish","type":"post","link":"https:\/\/www.europesays.com\/se\/31505\/","title":{"rendered":"Riksdagens nya kl\u00e4dkod: \u201dPrydliga jeans\u201d till\u00e5tna"},"content":{"rendered":"<p>Riksdagens kl\u00e4dkod f\u00f6rtydligas, rapporterar GP. Tidigare g\u00e4llde \u201dudda kavaj\u201d, vilket f\u00f6renklat inneb\u00e4r en uppkl\u00e4dd men \u00e4nd\u00e5 inte \u00f6verdrivet formell stil.<\/p>\n<p>M\u00e5nga har tyckt att kl\u00e4dkoden k\u00e4nts otydlig. Nu g\u00e5r riksdagen ut med ett f\u00f6rtydligande:<\/p>\n<p>\u201dF\u00f6r b\u00e5de m\u00e4n och kvinnor g\u00e4ller att prydliga jeans kan b\u00e4ras.\u201d<\/p>\n<p>Det blir upp till ledam\u00f6terna att avg\u00f6ra vad som \u00e4r prydligt, uppger talmannens pressekreterare. F\u00f6r riksdagsledamoten Martin Melin (L), som ofta b\u00e4r jeans, k\u00e4nns det tydligt: h\u00e5liga och ljusare jeans g\u00e5r bort. M\u00f6rkbl\u00e5tt eller svart g\u00e5r f\u00f6r sig. <\/p>\n<p>\u2013 Det tror jag faktiskt att talmannen skulle definiera som prydliga jeans.<\/p>\n<p>Omni \u00e4r politiskt obundna och oberoende. Vi str\u00e4var efter att ge fler perspektiv p\u00e5 nyheterna. Har du fr\u00e5gor eller synpunkter kring v\u00e5r rapportering? <a href=\"https:\/\/omni.se\/riksdagens-nya-kladkod-prydliga-jeans-tillatna\/a\/mailto:redaktion@omni.se\" class=\"ArticleActions_contactLink__W2F1M\" rel=\"nofollow noopener\" target=\"_blank\">Kontakta redaktionen<\/a><\/p>\n","protected":false},"excerpt":{"rendered":"Riksdagens kl\u00e4dkod f\u00f6rtydligas, rapporterar GP. Tidigare g\u00e4llde \u201dudda kavaj\u201d, vilket f\u00f6renklat inneb\u00e4r en uppkl\u00e4dd men \u00e4nd\u00e5 inte \u00f6verdrivet&hellip;\n","protected":false},"author":2,"featured_media":31506,"comment_status":"","ping_status":"","sticky":false,"template":"","format":"standard","meta":{"footnotes":""},"categories":[5],"tags":[22,23,26,27,17,21,24,25,639,28,29,3228,1592,15,16,18,34,31,33,32,30,19,20],"class_list":{"0":"post-31505","1":"post","2":"type-post","3":"status-publish","4":"format-standard","5":"has-post-thumbnail","7":"category-rubriker","8":"tag-breaking-news","9":"tag-breakingnews","10":"tag-featured-news","11":"tag-featurednews","12":"tag-headlines","13":"tag-huvudnyheter","14":"tag-latest-news","15":"tag-latestnews","16":"tag-liberalerna","17":"tag-main-news","18":"tag-mainnews","19":"tag-martin-melin","20":"tag-mode","21":"tag-news","22":"tag-nyheter","23":"tag-rubriker","24":"tag-se","25":"tag-svenska","26":"tag-sverige","27":"tag-sweden","28":"tag-swedish","29":"tag-top-stories","30":"tag-topstories"},"share_on_mastodon":{"url":"","error":""},"_links":{"self":[{"href":"https:\/\/www.europesays.com\/se\/wp-json\/wp\/v2\/posts\/31505","targetHints":{"allow":["GET"]}}],"collection":[{"href":"https:\/\/www.europesays.com\/se\/wp-json\/wp\/v2\/posts"}],"about":[{"href":"https:\/\/www.europesays.com\/se\/wp-json\/wp\/v2\/types\/post"}],"author":[{"embeddable":true,"href":"https:\/\/www.europesays.com\/se\/wp-json\/wp\/v2\/users\/2"}],"replies":[{"embeddable":true,"href":"https:\/\/www.europesays.com\/se\/wp-json\/wp\/v2\/comments?post=31505"}],"version-history":[{"count":0,"href":"https:\/\/www.europesays.com\/se\/wp-json\/wp\/v2\/posts\/31505\/revisions"}],"wp:featuredmedia":[{"embeddable":true,"href":"https:\/\/www.europesays.com\/se\/wp-json\/wp\/v2\/media\/31506"}],"wp:attachment":[{"href":"https:\/\/www.europesays.com\/se\/wp-json\/wp\/v2\/media?parent=31505"}],"wp:term":[{"taxonomy":"category","embeddable":true,"href":"https:\/\/www.europesays.com\/se\/wp-json\/wp\/v2\/categories?post=31505"},{"taxonomy":"post_tag","embeddable":true,"href":"https:\/\/www.europesays.com\/se\/wp-json\/wp\/v2\/tags?post=31505"}],"curies":[{"name":"wp","href":"https:\/\/api.w.org\/{rel}","templated":true}]}}