{"id":31543,"date":"2025-09-16T10:14:07","date_gmt":"2025-09-16T10:14:07","guid":{"rendered":"https:\/\/www.europesays.com\/se\/31543\/"},"modified":"2025-09-16T10:14:07","modified_gmt":"2025-09-16T10:14:07","slug":"shamanen-durek-till-angrepp-mot-norska-kungafamiljen","status":"publish","type":"post","link":"https:\/\/www.europesays.com\/se\/31543\/","title":{"rendered":"Shamanen Durek till angrepp mot norska kungafamiljen"},"content":{"rendered":"<p>Publicerad 16 sep 2025 kl 11.53<\/p>\n<p>En Netflixdokument\u00e4r, med norska prinsessan M\u00e4rtha Louise och hennes man Durek Verrett i huvudrollen, har slagit ner som en bomb i Norge.<\/p>\n<p>I den ber\u00e4ttar Verrett om det f\u00f6rsta m\u00f6tet med kungen och drottningen.<\/p>\n<p>\u2013 De hatade mina kl\u00e4der. N\u00e4stan allt jag gjorde var fel, s\u00e4ger han.<\/p>\n<p><img   alt=\"\"\/> <\/p>\n<p>Foto: Cornelius Poppe \/ NTB TT NYHETSBYR\u00c5N<\/p>\n<p>\u00d6ppna bild i helsk\u00e4rm<img loading=\"lazy\"   alt=\"\"\/> <\/p>\n<p>Foto: Javad Parsa \/ NTB TT NYHETSBYR\u00c5N<\/p>\n<p>\u00d6ppna bild i helsk\u00e4rm<img loading=\"lazy\"   alt=\"\"\/> <\/p>\n<p>Foto: ERIK EDLAND, TV2 \/ NTB TT NYHETSBYR\u00c5N<\/p>\n<p>\u00d6ppna bild i helsk\u00e4rm<\/p>\n<p>I \u201dRebel Royals\u201d f\u00e5r man f\u00f6lja shamanen Durek Verretts och prinsessan M\u00e4rtha Louises br\u00f6llop, som \u00e4gde rum f\u00f6r ett drygt \u00e5r sedan.<\/p>\n<p>M\u00e5nga h\u00f6jde p\u00e5 \u00f6gonbrynen n\u00e4r det stod klart att det kungliga paret s\u00e5lt filmr\u00e4ttigheterna till Netflix \u2013 och nu ber\u00e4ttar M\u00e4rtha Louises man att det inte \u00e4r f\u00f6rsta g\u00e5ngen folk rynkat p\u00e5 n\u00e4san \u00e5t parets beslut.<\/p>\n<p>Relationen mellan Verrett och sv\u00e4rf\u00f6r\u00e4ldrarna, kung Harald och drottning Sonja, har knappast varit en dans p\u00e5 rosor. F\u00f6rsta g\u00e5ngen de tr\u00e4ffades var \u00e5tta m\u00e5nader in i f\u00f6rh\u00e5llandet med M\u00e4rtha Louise.<\/p>\n<p>\u2013 N\u00e4r jag tr\u00e4ffade kungen och drottningen s\u00e5 bara stirrade de p\u00e5 mig, och det var helt tyst. Jag hade p\u00e5 mig en kimono och cowboyst\u00f6vlar och hade ingen aning om att jag skulle ha haft kostym, eftersom jag trodde att jag kunde vara mig sj\u00e4lv, som M\u00e4rtha hade sagt.\u00a0<\/p>\n<p>\u2013 S\u00e5 var uppenbarligen inte fallet, eftersom de hatade mina kl\u00e4der. N\u00e4stan allt jag gjorde var fel. Det gjorde de mycket tydligt f\u00f6r M\u00e4rtha, s\u00e4ger shamanen i dokument\u00e4ren.<\/p>\n<p>\u201dVisste inte vad rasism var\u201d<\/p>\n<p>Enligt honom var det tydligt att kungafamiljen upplevde en kulturkrock.<\/p>\n<p>\u2013 Hennes familj visste inte vad rasism var. Det var sv\u00e5rt eftersom de s\u00e5g p\u00e5 mig som om jag var galen n\u00e4r jag sa att rasism existerade, ber\u00e4ttar Verrett.<\/p>\n<p>N\u00e4r han bad om att f\u00e5 gifta sig med prinsessan ska det ha blivit tyst en stund innan kungaparet gav sin v\u00e4lsignelse till \u00e4ktenskapet.<\/p>\n<p>Mette-Marit: Blir diskussioner\u00a0<\/p>\n<p>I <a href=\"https:\/\/www.expressen.se\/tagg\/location\/norge\/\" class=\"\" rel=\"nofollow noopener\" target=\"_blank\">Norge<\/a> har Verretts uttalanden f\u00e5tt enorm uppm\u00e4rksamhet.\u00a0<\/p>\n<p>Kronprinsessan Mette-Marit m\u00f6tte pressen p\u00e5 tisdagsf\u00f6rmiddagen i samband med ett event. D\u00e5 ber\u00e4ttade hon att hon inte sett dokument\u00e4ren \u00e4n, och \u00e4r os\u00e4ker p\u00e5 ifall hon kommer g\u00f6ra det.<\/p>\n<p>\u2013 Ni f\u00e5r ta era fr\u00e5gor med kronprinsen, s\u00e4ger hon till <a href=\"https:\/\/www.vg.no\/rampelys\/i\/1MKAPe\/kronprinsesse-mette-marit-ikke-sett-dokumentaren\" rel=\"nofollow noopener\" target=\"_blank\">VG<\/a>.<\/p>\n<p>Dokument\u00e4ren l\u00e4r d\u00e4remot leda till en del diskussioner inne p\u00e5 slottet, gissar Mette-Marit.<\/p>\n<p>\u2013 Det tror jag helt s\u00e4kert.<\/p>\n<p>Kungahusets svar: Avtalsbrott<\/p>\n<p>Prinsessan M\u00e4rtha Louise avsade sig sina kungliga uppdrag 2022. Nu n\u00e4r dokument\u00e4ren \u00e4r ute menar norska kungahuset att dokument\u00e4ren \u00e4r ett brott mot M\u00e4rtha Louises avtal med dem.<\/p>\n<p>\u201dAlla m\u00e4nniskor har r\u00e4tt att ber\u00e4tta sin historia, det g\u00e4ller \u00e4ven prinsessan M\u00e4rtha Louise och Durek Verrett. Samtidigt \u00f6nskar Kungahuset en tydligare \u00e5tskillnad mellan M\u00e4rtha Louises och Durek Verretts verksamhet och Kungahuset. Det blir temat f\u00f6r framtida diskussioner,\u201d skriver man i ett mejl till <a href=\"https:\/\/www.nrk.no\/nyheter\/kongehuset-svarer-etter-netflix-dokumentar_-brudd-pa-avtale-1.17572397\" rel=\"nofollow noopener\" target=\"_blank\">NRK.<\/a>\u00a0<\/p>\n","protected":false},"excerpt":{"rendered":"Publicerad 16 sep 2025 kl 11.53 En Netflixdokument\u00e4r, med norska prinsessan M\u00e4rtha Louise och hennes man Durek Verrett&hellip;\n","protected":false},"author":2,"featured_media":31544,"comment_status":"","ping_status":"","sticky":false,"template":"","format":"standard","meta":{"footnotes":""},"categories":[67],"tags":[104,254,3492,3491,34,612,31,33,32,30,646,105],"class_list":{"0":"post-31543","1":"post","2":"type-post","3":"status-publish","4":"format-standard","5":"has-post-thumbnail","7":"category-underhallning","8":"tag-entertainment","9":"tag-location-norge","10":"tag-person-durek-verrett","11":"tag-person-prinsessan-martha-louise","12":"tag-se","13":"tag-sections-kungligt","14":"tag-svenska","15":"tag-sverige","16":"tag-sweden","17":"tag-swedish","18":"tag-topic-tv-serier","19":"tag-underhallning"},"share_on_mastodon":{"url":"","error":""},"_links":{"self":[{"href":"https:\/\/www.europesays.com\/se\/wp-json\/wp\/v2\/posts\/31543","targetHints":{"allow":["GET"]}}],"collection":[{"href":"https:\/\/www.europesays.com\/se\/wp-json\/wp\/v2\/posts"}],"about":[{"href":"https:\/\/www.europesays.com\/se\/wp-json\/wp\/v2\/types\/post"}],"author":[{"embeddable":true,"href":"https:\/\/www.europesays.com\/se\/wp-json\/wp\/v2\/users\/2"}],"replies":[{"embeddable":true,"href":"https:\/\/www.europesays.com\/se\/wp-json\/wp\/v2\/comments?post=31543"}],"version-history":[{"count":0,"href":"https:\/\/www.europesays.com\/se\/wp-json\/wp\/v2\/posts\/31543\/revisions"}],"wp:featuredmedia":[{"embeddable":true,"href":"https:\/\/www.europesays.com\/se\/wp-json\/wp\/v2\/media\/31544"}],"wp:attachment":[{"href":"https:\/\/www.europesays.com\/se\/wp-json\/wp\/v2\/media?parent=31543"}],"wp:term":[{"taxonomy":"category","embeddable":true,"href":"https:\/\/www.europesays.com\/se\/wp-json\/wp\/v2\/categories?post=31543"},{"taxonomy":"post_tag","embeddable":true,"href":"https:\/\/www.europesays.com\/se\/wp-json\/wp\/v2\/tags?post=31543"}],"curies":[{"name":"wp","href":"https:\/\/api.w.org\/{rel}","templated":true}]}}