{"id":31621,"date":"2025-09-16T11:48:08","date_gmt":"2025-09-16T11:48:08","guid":{"rendered":"https:\/\/www.europesays.com\/se\/31621\/"},"modified":"2025-09-16T11:48:08","modified_gmt":"2025-09-16T11:48:08","slug":"hostens-flunssavag-ar-haftig-galler-att-stanna-hemma-om-man-ar-sjuk-osterbotten","status":"publish","type":"post","link":"https:\/\/www.europesays.com\/se\/31621\/","title":{"rendered":"H\u00f6stens flunssav\u00e5g \u00e4r h\u00e4ftig \u2013 g\u00e4ller att stanna hemma om man \u00e4r sjuk | \u00d6sterbotten"},"content":{"rendered":"<p class=\"aw-1gybjub aw-5vja16 cmIuaG zKETg yle__article__paragraph\">Det finns ingen mirakelmedicin som botar f\u00f6rkylningar. D\u00e4remot rekommenderar experten att ty sig till vila, god handhygien och tillr\u00e4ckligt med dricka.<\/p>\n<p><img decoding=\"async\" alt=\"En person i l\u00e4karkl\u00e4der sitter i en milj\u00f6 som liknar ett v\u00e4ntrum eller ett konferensrum.\" src=\"https:\/\/www.europesays.com\/se\/wp-content\/uploads\/2025\/09\/39-152341068c919f20182e.jpeg\" class=\"aw-1l9m598 hKVVvP\"\/><\/p>\n<p>\u00d6ppna bildvisare<\/p>\n<p>\u00d6verl\u00e4kare i infektionssjukdomar vid \u00d6sterbottens v\u00e4lf\u00e4rdsomr\u00e5de, Silvia Gr\u00f6nroos-Pada s\u00e4ger att influensal\u00e4get i h\u00f6st \u00e4r lugnare \u00e4n i fjol. Bild: Sebu Bj\u00f6rklund \/ YleLyssna (du h\u00f6r en artificiell r\u00f6st) 2:32<\/p>\n<p class=\"aw-1gybjub aw-1p7kakr cmIuaG fmSRng yle__article__paragraph\">\u00d6verl\u00e4kare i infektionssjukdomar vid \u00d6sterbottens v\u00e4lf\u00e4rdsomr\u00e5de, <strong class=\"aw-ak79eh KyCXm yle__article__strong\">Silvia Gr\u00f6nroos-Pada<\/strong> konstaterar att m\u00e5ngahanda f\u00f6rkylningar och virussmittor g\u00e5r runt f\u00f6r tillf\u00e4llet.<\/p>\n<p class=\"aw-1gybjub aw-1p7kakr cmIuaG fmSRng yle__article__paragraph\">\u2013 Till exempel rhinovirus och adenovirus har vi i farten. S\u00e5dana virus som kan orsaka l\u00e4ngre feber ocks\u00e5 och man kan vara sjuk ganska l\u00e4nge. Men s\u00e4songsinfluensa har vi inte \u00e4nnu.<\/p>\n<p class=\"aw-1gybjub aw-1p7kakr cmIuaG fmSRng yle__article__paragraph\">Enligt Gr\u00f6nroos-Pada b\u00f6rjar man se en \u00f6kning i covid-fallen, men inte i samma m\u00e5n som i st\u00f6rre st\u00e4der.<\/p>\n<p class=\"aw-1gybjub aw-1p7kakr cmIuaG fmSRng yle__article__paragraph\">\u2013 Coronal\u00e4get \u00e4r lugnt j\u00e4mf\u00f6rt med f\u00f6rra h\u00f6sten. D\u00e5 hade vi redan flera fall i augusti. Nu har det egentligen b\u00f6rjat komma fler fall f\u00f6rst fr\u00e5n b\u00f6rjan av september. Det har nog sett lite annorlunda ut faktiskt \u00e4n f\u00f6rra \u00e5ret.<\/p>\n<p>F\u00f6rh\u00e5llningss\u00e4ttet till covid har f\u00f6r\u00e4ndrats<\/p>\n<p class=\"aw-1gybjub aw-1p7kakr cmIuaG fmSRng yle__article__paragraph\">Enligt Gr\u00f6nroos-Pada b\u00f6r de som h\u00f6r till en riskgrupp fortfarande f\u00f6rh\u00e5lla sig med varsamhet n\u00e4r det g\u00e4ller covid, medan den f\u00f6r de flesta andra k\u00e4nns som vilken vanlig f\u00f6rkylning som helst.<\/p>\n<p class=\"aw-1gybjub aw-1p7kakr cmIuaG fmSRng yle__article__paragraph\">\u2013 P\u00e5 sjukhus testar vi alla som har symtom s\u00e5 att vi vet om vi ska ha dem i egna rum och inte smitta n\u00e5gra andra.<\/p>\n<p class=\"aw-1gybjub aw-1p7kakr cmIuaG fmSRng yle__article__paragraph\">Att testa sig \u00e4r numera mest f\u00f6r eget intresse.<\/p>\n<p class=\"aw-1gybjub aw-1p7kakr cmIuaG fmSRng yle__article__paragraph\">\u2013 Om man \u00e4r frisk och relativt ung s\u00e5 spelar det ingen stor roll, men f\u00f6rst\u00e5s ska man vara medveten om att vilket som helst f\u00f6rkylning i princip kan vara corona. D\u00e5 kan man fundera p\u00e5 vem man tr\u00e4ffar n\u00e4r man \u00e4r sjuk, s\u00e4ger Gr\u00f6nroos-Pada.<\/p>\n<p>Vila, handtv\u00e4tt och dricka<\/p>\n<p class=\"aw-1gybjub aw-1p7kakr cmIuaG fmSRng yle__article__paragraph\">N\u00e4r man sedan insjuknar s\u00e5 \u00e4r det enligt Gr\u00f6nroos-Pada inte mycket annat \u00e4n vila som hj\u00e4lper. F\u00f6r f\u00f6r\u00e4ldrarna kan det vara frustrerande att ideligen stanna hemma med ett sjukt barn, men det \u00e4r b\u00e4sta s\u00e4ttet att undvika smittospridning.<\/p>\n<p class=\"aw-1gybjub aw-1p7kakr cmIuaG fmSRng yle__article__paragraph\">\u2013 Det \u00e4r vanligt att barn har tio olika f\u00f6rkylningar per \u00e5r. Det kan ju ta n\u00e5gon vecka innan man blir frisk fr\u00e5n den och sedan hinner man redan f\u00e5 n\u00e4sta. Det \u00e4r nog egentligen s\u00e5 som det ska vara ocks\u00e5 att barn ska tr\u00e4ffa p\u00e5 mycket virus och bygga upp sitt eget immunf\u00f6rsvar.<\/p>\n<p class=\"aw-1gybjub aw-1p7kakr cmIuaG fmSRng yle__article__paragraph\">Hemma l\u00f6nar det sig att kurera f\u00f6rkylningen med att vila. Det finns inga mirakelmediciner.<\/p>\n<p class=\"aw-1gybjub aw-1p7kakr cmIuaG fmSRng yle__article__paragraph\">\u2013 Vila, dricka och ta det lugnt, och honung \u00e4r ju bra mot hosta. Om man skulle ha hittat p\u00e5 en bra medicin f\u00f6r att bota f\u00f6rkylningar s\u00e5 skulle det ju redan finnas p\u00e5 marknaden, konstaterar Gr\u00f6nroos-Pada.<\/p>\n","protected":false},"excerpt":{"rendered":"Det finns ingen mirakelmedicin som botar f\u00f6rkylningar. D\u00e4remot rekommenderar experten att ty sig till vila, god handhygien och&hellip;\n","protected":false},"author":2,"featured_media":31622,"comment_status":"","ping_status":"","sticky":false,"template":"","format":"standard","meta":{"footnotes":""},"categories":[69],"tags":[2928,3503,113,112,3501,3502,2300,3504,34,674,2119,31,33,32,30],"class_list":{"0":"post-31621","1":"post","2":"type-post","3":"status-publish","4":"format-standard","5":"has-post-thumbnail","7":"category-halsa","8":"tag-coronavirus","9":"tag-epidemier","10":"tag-halsa","11":"tag-health","12":"tag-influensa","13":"tag-luftvagsinfektioner","14":"tag-osterbotten","15":"tag-rinovirus","16":"tag-se","17":"tag-sjukdomar","18":"tag-smittsamma-sjukdomar","19":"tag-svenska","20":"tag-sverige","21":"tag-sweden","22":"tag-swedish"},"share_on_mastodon":{"url":"","error":""},"_links":{"self":[{"href":"https:\/\/www.europesays.com\/se\/wp-json\/wp\/v2\/posts\/31621","targetHints":{"allow":["GET"]}}],"collection":[{"href":"https:\/\/www.europesays.com\/se\/wp-json\/wp\/v2\/posts"}],"about":[{"href":"https:\/\/www.europesays.com\/se\/wp-json\/wp\/v2\/types\/post"}],"author":[{"embeddable":true,"href":"https:\/\/www.europesays.com\/se\/wp-json\/wp\/v2\/users\/2"}],"replies":[{"embeddable":true,"href":"https:\/\/www.europesays.com\/se\/wp-json\/wp\/v2\/comments?post=31621"}],"version-history":[{"count":0,"href":"https:\/\/www.europesays.com\/se\/wp-json\/wp\/v2\/posts\/31621\/revisions"}],"wp:featuredmedia":[{"embeddable":true,"href":"https:\/\/www.europesays.com\/se\/wp-json\/wp\/v2\/media\/31622"}],"wp:attachment":[{"href":"https:\/\/www.europesays.com\/se\/wp-json\/wp\/v2\/media?parent=31621"}],"wp:term":[{"taxonomy":"category","embeddable":true,"href":"https:\/\/www.europesays.com\/se\/wp-json\/wp\/v2\/categories?post=31621"},{"taxonomy":"post_tag","embeddable":true,"href":"https:\/\/www.europesays.com\/se\/wp-json\/wp\/v2\/tags?post=31621"}],"curies":[{"name":"wp","href":"https:\/\/api.w.org\/{rel}","templated":true}]}}