{"id":316235,"date":"2026-07-26T16:07:19","date_gmt":"2026-07-26T16:07:19","guid":{"rendered":"https:\/\/www.europesays.com\/se\/316235\/"},"modified":"2026-07-26T16:07:19","modified_gmt":"2026-07-26T16:07:19","slug":"ifk-goteborg-foll-tungt-mot-sirius-det-ar-knackande","status":"publish","type":"post","link":"https:\/\/www.europesays.com\/se\/316235\/","title":{"rendered":"IFK G\u00f6teborg f\u00f6ll tungt mot Sirius: \u201dDet \u00e4r kn\u00e4ckande\u201d"},"content":{"rendered":"\n<ul aria-hidden=\"true\" class=\"_images_1wc6r_103\">\n<li><a class=\"_link_1wc6r_108\" href=\"https:\/\/aftonbladet.se\/av\/max-blomqvist\" title=\"Max Blomqvist\" tabindex=\"-1\" rel=\"nofollow noopener\" target=\"_blank\"><img alt=\"Bild av Max Blomqvist\" class=\"_image_1wc6r_85\" fetchpriority=\"low\" decoding=\"async\" itemprop=\"image\" loading=\"lazy\"  src=\"https:\/\/www.europesays.com\/se\/wp-content\/uploads\/2026\/07\/1785082037_858_82ce5776-d9f6-4ce6-862d-34e9c8e8ebbe.png\"  width=\"480\"\/><\/a><\/li>\n<li><a class=\"_link_1wc6r_108\" href=\"https:\/\/aftonbladet.se\/av\/makoto-asahara\" title=\"Makoto Asahara\" tabindex=\"-1\" rel=\"nofollow noopener\" target=\"_blank\"><img alt=\"Bild av Makoto Asahara\" class=\"_image_1wc6r_85\" fetchpriority=\"low\" decoding=\"async\" itemprop=\"image\" loading=\"lazy\"  src=\"https:\/\/www.europesays.com\/se\/wp-content\/uploads\/2026\/07\/1785082037_648_d489d8e9-feec-41cf-aec5-f7f6eb5fd94e.png\"  width=\"480\"\/><\/a><\/li>\n<\/ul>\n<p> Publicerad 15:50Uppdaterad 17:15 <img class=\"_image_1a8ez_62 layout-component layout-wide\" data-fullscreen- data-track-element-type=\"Article image fullscreen\" data-track-name=\"ImageFullscreen\" fetchpriority=\"high\" decoding=\"sync\" loading=\"eager\" height=\"57\" itemprop=\"image\"  src=\"https:\/\/www.europesays.com\/se\/wp-content\/uploads\/2026\/07\/4067b1d4e2601957542e57b24b57eb70.jpg\"  style=\"object-position:50% 50%;aspect-ratio:1.7777777777777777;height:auto;object-fit:cover;width:100%\" width=\"102\"\/>  <\/p>\n<p class=\"_textTheme_16ipd_1 _lead_16k26_2 _lead_3ue4t_18 layout-component layout-normal layout-padded _lead_o6m9k_5 _leadTheme_cypwp_1 body-large bold\">UPPSALA. IFK G\u00f6teborg f\u00f6ll h\u00e5rt mot Sirius.<\/p>\n<p class=\"_textTheme_16ipd_1 _lead_16k26_2 _lead_3ue4t_18 layout-component layout-normal layout-padded _lead_o6m9k_5 _leadTheme_cypwp_1 body-large bold\">Nyf\u00f6rv\u00e4rvet Hj\u00f6rtur Hermansson, 31, l\u00e5g bakom tv\u00e5 av bakl\u00e4ngesm\u00e5len.<\/p>\n<p class=\"_textTheme_16ipd_1 _lead_16k26_2 _lead_3ue4t_18 layout-component layout-normal layout-padded _lead_o6m9k_5 _leadTheme_cypwp_1 body-large bold\">\u2013 Jag hade \u00f6nskat att jag f\u00e5tt mer tid att bli redo, s\u00e4ger han.<\/p>\n<p class=\"_textTheme_16ipd_1 _paragraph_16k26_4 _paragraph_3ue4t_27 layout-component layout-normal layout-padded body-medium\">Drabbningen mot Sirius blev 31-\u00e5ringens f\u00f6rsta matchen tillbaka i Bl\u00e5vitt, efter att han varit p\u00e5 l\u00e5n hos G\u00f6teborgslaget 2016. \u00c5terkomsten blev dock n\u00e5got av ett misslyckande och han byttes ut strax efter halvtid.<\/p>\n<p class=\"_textTheme_16ipd_1 _paragraph_16k26_4 _paragraph_3ue4t_27 layout-component layout-normal layout-padded body-medium\">Matchen slutade 4\u20131 till Sirius.<\/p>\n<p class=\"_textTheme_16ipd_1 _paragraph_16k26_4 _paragraph_3ue4t_27 layout-component layout-normal layout-padded body-medium\">\u2013 Jag ska inte ljuga. Jag k\u00e4nde mig rostig. Jag var villig att ge allt p\u00e5 planen men jag hade \u00f6nskat att jag f\u00e5tt mer tid att bli redo. Men vi lever inte i en perfekt v\u00e4rld och IFK G\u00f6teborg \u00e4r inte i en perfekt position just nu, s\u00e4ger Hermansson i den mixade zonen efter matchen.<\/p>\n<p> Trots misstagen: \u201dVar v\u00e4rt det\u201d <\/p>\n<p class=\"_textTheme_16ipd_1 _paragraph_16k26_4 _paragraph_3ue4t_27 layout-component layout-normal layout-padded body-medium\">Blott sex minuter in i matchen slarvade isl\u00e4nningen i f\u00f6rsvaret vilket resulterade i att Mohamed Soumah satte dit ledningsm\u00e5let f\u00f6r Sirius.<\/p>\n<p class=\"_textTheme_16ipd_1 _paragraph_16k26_4 _paragraph_3ue4t_27 layout-component layout-normal layout-padded body-medium\">Stunden senare var f\u00f6rsvarsinsatsen \u00e5terigen bristf\u00e4llig n\u00e4r han misslyckats med att f\u00e5 bort ett l\u00e4ttare inspel fr\u00e5n Isak Bjerkebo, p\u00e5 vilket skytteligaledaren Robbie Ure kunde ut\u00f6ka ledningen.<\/p>\n<p> <img alt=\"Hj\u00f6rtur Hermansson hade en tung s\u00f6ndag mot serieledaren.\" class=\"_image_1jxax_84 layout-component layout-normal\" data-fullscreen- data-track-element-type=\"Article image fullscreen\" data-track-name=\"ImageFullscreen\" decoding=\"async\" loading=\"lazy\" height=\"714\" itemprop=\"image\"  src=\"https:\/\/www.europesays.com\/se\/wp-content\/uploads\/2026\/07\/40ddafc6-80cc-3b2e-b880-27f23f1e6b2f.png\"  style=\"object-position:0% 0%\" width=\"1395\"\/>Hj\u00f6rtur Hermansson hade en tung s\u00f6ndag mot serieledaren. Foto: TV4PLAYVisa mer <\/p>\n<p class=\"_textTheme_16ipd_1 _paragraph_16k26_4 _paragraph_3ue4t_27 layout-component layout-normal layout-padded body-medium\">\u2013 Om jag var helt matchredo s\u00e5 tror jag inte att n\u00e5got av de m\u00e5len hade g\u00e5tt in. Men i den formen som Sirius \u00e4r i nu s\u00e5 \u00e4r fotboll s\u00e5 ibland, s\u00e4ger mittbacken som understryker att han inte tvingades in i spel.<\/p>\n<p class=\"_textTheme_16ipd_1 _paragraph_16k26_4 _paragraph_3ue4t_27 layout-component layout-normal layout-padded body-medium\">Han forts\u00e4tter:<\/p>\n<p class=\"_textTheme_16ipd_1 _paragraph_16k26_4 _paragraph_3ue4t_27 layout-component layout-normal layout-padded body-medium\">\u2013 \u00c4ven om jag inte sken idag s\u00e5 tycker jag att jag hj\u00e4lpte laget mycket med min stabilitet. Det har varit l\u00e4nge sedan jag spelade p\u00e5 konstgr\u00e4s ocks\u00e5 men jag vill inte ge n\u00e5gra urs\u00e4kter.<\/p>\n<p class=\"_textTheme_16ipd_1 _paragraph_16k26_4 _paragraph_3ue4t_27 layout-component layout-normal layout-padded body-medium\">Bl\u00e5vitts tr\u00e4nare Stefan Billborn inst\u00e4mmer i att Hermanssons resonemang.<\/p>\n<p class=\"_textTheme_16ipd_1 _paragraph_16k26_4 _paragraph_3ue4t_27 layout-component layout-normal layout-padded body-medium\">\u2013 Vi visste att han inte skulle vara helt matchredo. Men visste att det skulle vara ett f\u00f6rutbest\u00e4mt byte. Vi f\u00f6rs\u00f6ker ha dialog med b\u00e5de Hj\u00f6rtur och Sam (Larsson). Vi vill f\u00f6rs\u00f6ka f\u00e5 in honom s\u00e5 tidigt som m\u00f6jligt. Vi hade kunnat v\u00e4nta n\u00e5gra dagar till men n\u00e5gon g\u00e5ng m\u00e5ste man dra pl\u00e5stret. Fotbollsm\u00e4ssigt kanske han inte visade sig fr\u00e5n sin b\u00e4sta sida men i omkl\u00e4dningsrummet gjorde han det. Det var v\u00e4rt det enligt mig.<\/p>\n<p> Succ\u00e9 av Bjerkebo <\/p>\n<p class=\"_textTheme_16ipd_1 _paragraph_16k26_4 _paragraph_3ue4t_27 layout-component layout-normal layout-padded body-medium\">Strax innan halvtid lyckades dock G\u00f6teborgslaget reducera p\u00e5 straff genom Sam Larsson, som d\u00e4rmed satte sitt f\u00f6rsta m\u00e5l f\u00f6r Bl\u00e5vitt sedan 2014.<\/p>\n<p class=\"_textTheme_16ipd_1 _paragraph_16k26_4 _paragraph_3ue4t_27 layout-component layout-normal layout-padded body-medium\">I andra halvek ut\u00f6kade Sirius ytterligare n\u00e4r Marcus Lindberg hittade n\u00e4t fr\u00e5n utanf\u00f6r straffomr\u00e5det, \u00e4ven d\u00e5 p\u00e5 framspelning av Bjerkebo. Med sju minuter kvar av den ordinarie speltiden var succ\u00e9anfallaren \u00e5ter inblandad i m\u00e5lsk\u00f6rden n\u00e4r hans avslut p\u00e5 m\u00e5l sk\u00f6ts in p\u00e5 retur av August Ljungberg.<\/p>\n<p class=\"_textTheme_16ipd_1 _paragraph_16k26_4 _paragraph_3ue4t_27 layout-component layout-normal layout-padded body-medium\">Uppsalalaget tar d\u00e4rmed sin tolfte vinst p\u00e5 14 spelade matcher samtidigt som Bl\u00e5vitt ligger kvar p\u00e5 en 13-placering. I n\u00e4sta omg\u00e5ng g\u00e4stas G\u00f6teborgslaget av Degerfors medan Sirius m\u00f6ter Halmstad p\u00e5 bortaplan.<\/p>\n<p> <img alt=\"Sirius Marcus Lindberg jublar efter 3-1.\" class=\"_image_1jxax_84 layout-component layout-normal\" data-fullscreen- data-track-element-type=\"Article image fullscreen\" data-track-name=\"ImageFullscreen\" decoding=\"async\" loading=\"lazy\" height=\"4002\" itemprop=\"image\"  src=\"https:\/\/www.europesays.com\/se\/wp-content\/uploads\/2026\/07\/a9e70665-b38c-3f44-9593-d7b8fe655b7d.jpeg\"  style=\"object-position:0% 0%\" width=\"6000\"\/>Sirius Marcus Lindberg jublar efter 3-1. Foto: CAISA RASMUSSEN \/ BILDBYR\u00c5NVisa mer            <\/p>\n","protected":false},"excerpt":{"rendered":"Publicerad 15:50Uppdaterad 17:15 UPPSALA. IFK G\u00f6teborg f\u00f6ll h\u00e5rt mot Sirius. Nyf\u00f6rv\u00e4rvet Hj\u00f6rtur Hermansson, 31, l\u00e5g bakom tv\u00e5 av&hellip;\n","protected":false},"author":2,"featured_media":316236,"comment_status":"","ping_status":"","sticky":false,"template":"","format":"standard","meta":{"footnotes":"","_share_on_mastodon":"0"},"categories":[68],"tags":[458,1102,4431,29712,34,111,110,18321,31,33,32,30],"class_list":["post-316235","post","type-post","status-publish","format-standard","has-post-thumbnail","category-sport","tag-allsvenskan-i-fotboll","tag-ifk-goteborg","tag-ik-sirius-fk","tag-sam-larsson","tag-se","tag-sport","tag-sports","tag-stefan-billborn","tag-svenska","tag-sverige","tag-sweden","tag-swedish"],"share_on_mastodon":{"url":"https:\/\/pubeurope.com\/@se\/116987143844623444","error":""},"_links":{"self":[{"href":"https:\/\/www.europesays.com\/se\/wp-json\/wp\/v2\/posts\/316235","targetHints":{"allow":["GET"]}}],"collection":[{"href":"https:\/\/www.europesays.com\/se\/wp-json\/wp\/v2\/posts"}],"about":[{"href":"https:\/\/www.europesays.com\/se\/wp-json\/wp\/v2\/types\/post"}],"author":[{"embeddable":true,"href":"https:\/\/www.europesays.com\/se\/wp-json\/wp\/v2\/users\/2"}],"replies":[{"embeddable":true,"href":"https:\/\/www.europesays.com\/se\/wp-json\/wp\/v2\/comments?post=316235"}],"version-history":[{"count":0,"href":"https:\/\/www.europesays.com\/se\/wp-json\/wp\/v2\/posts\/316235\/revisions"}],"wp:featuredmedia":[{"embeddable":true,"href":"https:\/\/www.europesays.com\/se\/wp-json\/wp\/v2\/media\/316236"}],"wp:attachment":[{"href":"https:\/\/www.europesays.com\/se\/wp-json\/wp\/v2\/media?parent=316235"}],"wp:term":[{"taxonomy":"category","embeddable":true,"href":"https:\/\/www.europesays.com\/se\/wp-json\/wp\/v2\/categories?post=316235"},{"taxonomy":"post_tag","embeddable":true,"href":"https:\/\/www.europesays.com\/se\/wp-json\/wp\/v2\/tags?post=316235"}],"curies":[{"name":"wp","href":"https:\/\/api.w.org\/{rel}","templated":true}]}}