{"id":31642,"date":"2025-09-16T12:10:13","date_gmt":"2025-09-16T12:10:13","guid":{"rendered":"https:\/\/www.europesays.com\/se\/31642\/"},"modified":"2025-09-16T12:10:13","modified_gmt":"2025-09-16T12:10:13","slug":"kidnappade-ukrainska-barn-tvingas-bygga-ryska-vapen","status":"publish","type":"post","link":"https:\/\/www.europesays.com\/se\/31642\/","title":{"rendered":"Kidnappade ukrainska barn tvingas bygga ryska vapen"},"content":{"rendered":"<p>Barn som kidnappats fr\u00e5n Ukraina och flyttats till Ryssland tvingas tillverka dr\u00f6nare och annan milit\u00e4r materiel som sedan anv\u00e4nds i kriget. Det visar en ny rapport fr\u00e5n Yale university som The Telegraph tagit del av.<\/p>\n<p>Enligt utredningen har barnen placerats ut p\u00e5 210 olika platser i Ryssland. P\u00e5 vissa av dessa tvingas de arbeta. I synnerhet sticker det helryska barncentret \u201dChange\u201d i s\u00f6dra Krasnodar Krai ut. D\u00e4r har \u00f6ver 300 barn fr\u00e5n olika regioner i Ukraina placerats sedan invasionens start 2022. Om dagarna f\u00e5r de konstruera dr\u00f6nare, mindetektorer, robotar och snabbladdare f\u00f6r automatgev\u00e4r, skriver Telegraph.<\/p>\n<p>Omni \u00e4r politiskt obundna och oberoende. Vi str\u00e4var efter att ge fler perspektiv p\u00e5 nyheterna. Har du fr\u00e5gor eller synpunkter kring v\u00e5r rapportering? <a href=\"https:\/\/omni.se\/kidnappade-barn-byggde-dronare-anvands-i-kriget\/a\/mailto:redaktion@omni.se\" class=\"ArticleActions_contactLink__W2F1M\" rel=\"nofollow noopener\" target=\"_blank\">Kontakta redaktionen<\/a><\/p>\n","protected":false},"excerpt":{"rendered":"Barn som kidnappats fr\u00e5n Ukraina och flyttats till Ryssland tvingas tillverka dr\u00f6nare och annan milit\u00e4r materiel som sedan&hellip;\n","protected":false},"author":2,"featured_media":31643,"comment_status":"","ping_status":"","sticky":false,"template":"","format":"standard","meta":{"footnotes":""},"categories":[14],"tags":[22,23,3505,267,26,27,17,21,24,25,28,29,15,16,18,269,264,34,31,33,32,30,19,20,263,51,52,53,54],"class_list":{"0":"post-31642","1":"post","2":"type-post","3":"status-publish","4":"format-standard","5":"has-post-thumbnail","7":"category-varlden","8":"tag-breaking-news","9":"tag-breakingnews","10":"tag-dronare","11":"tag-europa","12":"tag-featured-news","13":"tag-featurednews","14":"tag-headlines","15":"tag-huvudnyheter","16":"tag-latest-news","17":"tag-latestnews","18":"tag-main-news","19":"tag-mainnews","20":"tag-news","21":"tag-nyheter","22":"tag-rubriker","23":"tag-ryska-invasionen","24":"tag-ryssland","25":"tag-se","26":"tag-svenska","27":"tag-sverige","28":"tag-sweden","29":"tag-swedish","30":"tag-top-stories","31":"tag-topstories","32":"tag-ukraina","33":"tag-varlden","34":"tag-world","35":"tag-world-news","36":"tag-worldnews"},"share_on_mastodon":{"url":"","error":""},"_links":{"self":[{"href":"https:\/\/www.europesays.com\/se\/wp-json\/wp\/v2\/posts\/31642","targetHints":{"allow":["GET"]}}],"collection":[{"href":"https:\/\/www.europesays.com\/se\/wp-json\/wp\/v2\/posts"}],"about":[{"href":"https:\/\/www.europesays.com\/se\/wp-json\/wp\/v2\/types\/post"}],"author":[{"embeddable":true,"href":"https:\/\/www.europesays.com\/se\/wp-json\/wp\/v2\/users\/2"}],"replies":[{"embeddable":true,"href":"https:\/\/www.europesays.com\/se\/wp-json\/wp\/v2\/comments?post=31642"}],"version-history":[{"count":0,"href":"https:\/\/www.europesays.com\/se\/wp-json\/wp\/v2\/posts\/31642\/revisions"}],"wp:featuredmedia":[{"embeddable":true,"href":"https:\/\/www.europesays.com\/se\/wp-json\/wp\/v2\/media\/31643"}],"wp:attachment":[{"href":"https:\/\/www.europesays.com\/se\/wp-json\/wp\/v2\/media?parent=31642"}],"wp:term":[{"taxonomy":"category","embeddable":true,"href":"https:\/\/www.europesays.com\/se\/wp-json\/wp\/v2\/categories?post=31642"},{"taxonomy":"post_tag","embeddable":true,"href":"https:\/\/www.europesays.com\/se\/wp-json\/wp\/v2\/tags?post=31642"}],"curies":[{"name":"wp","href":"https:\/\/api.w.org\/{rel}","templated":true}]}}